{"id":807,"date":"2012-03-18T16:46:53","date_gmt":"2012-03-18T15:46:53","guid":{"rendered":"http:\/\/blogs.hoy.es\/loch-lomond\/?p=807"},"modified":"2012-03-18T16:46:53","modified_gmt":"2012-03-18T15:46:53","slug":"genco-pura-jartum-y-el-ultimo-don-de-loch-lomond","status":"publish","type":"post","link":"https:\/\/blogs.hoy.es\/loch-lomond\/2012\/03\/18\/genco-pura-jartum-y-el-ultimo-don-de-loch-lomond\/","title":{"rendered":"Genco Pura, Jartum y el \u00faltimo Don&#8230; de Loch Lomond"},"content":{"rendered":"<p>&nbsp;<\/p>\n<div id=\"testArtCol_a\">\n<p style=\"text-align: center;\"><span style=\"font-size: medium;\"><strong>Enrique Falc\u00f3<\/strong>. Mit\u00f3mano<\/span><\/p>\n<p>&nbsp;<\/p>\n<p class=\"wp-caption-dt\">\n<div id=\"attachment_808\" style=\"width: 596px\" class=\"wp-caption aligncenter\"><a href=\"\/loch-lomond\/wp-content\/uploads\/sites\/10\/2012\/03\/Bonasera-y-Don-Vito.jpg\"><img aria-describedby=\"caption-attachment-808\" loading=\"lazy\" class=\"size-full wp-image-808\" title=\"Bonasera y Don Vito\" src=\"\/loch-lomond\/wp-content\/uploads\/sites\/10\/2012\/03\/Bonasera-y-Don-Vito.jpg\" alt=\"El enterrador Amerigo Bonasera solicitando a Don Corleone justicia\" width=\"586\" height=\"329\" srcset=\"https:\/\/static-blogs.hoy.es\/wp-content\/uploads\/sites\/10\/2012\/03\/Bonasera-y-Don-Vito.jpg 586w, https:\/\/static-blogs.hoy.es\/wp-content\/uploads\/sites\/10\/2012\/03\/Bonasera-y-Don-Vito-300x168.jpg 300w\" sizes=\"(max-width: 586px) 100vw, 586px\" \/><\/a><p id=\"caption-attachment-808\" class=\"wp-caption-text\">El enterrador Amerigo Bonasera solicitando a Don Corleone justicia<\/p><\/div>\n<p class=\"wp-caption-dt\">\n<p class=\"wp-caption-dt\"><span style=\"color: #000000; font-size: medium;\">Siempre he sido de ese tipo de personas a las que no hay que tocarles las palmas para animarle a hablar de cosas que le vuelven loco. <strong>Cuando algo me gusta, me gusta, pero de verdad<\/strong>. Ustedes ya me entienden. Ya sea <strong>un grupo musical, una pel\u00edcula o un libro<\/strong>. <strong>Si algo me apasiona, me vuelco en ello con total desenfreno en busca de informaci\u00f3n, en conocer su propia y noble historia, y en todas las circunstancias que lo rodean<\/strong>. <\/span><\/p>\n<p class=\"wp-caption-dt\">\n<p class=\"wp-caption-dt\"><span style=\"color: #000000; font-size: medium;\">No comprendo a aquellas personas que <strong>tras el visionado de una pel\u00edcula olvidan con gran facilidad su argumento<\/strong> a los pocos d\u00edas, m\u00e1xime si se trata de una pel\u00edcula como <strong><em>El Padrino<\/em>, del gran Francis Ford Coppola<\/strong>, que estos d\u00edas cumple nada menos que su <strong>40 aniversario<\/strong>. <\/span><\/p>\n<p class=\"wp-caption-dt\">\n<p class=\"wp-caption-dt\"><span style=\"color: #000000; font-size: medium;\">A pesar de mi prodigiosa memoria, ya la conocen, no consigo recordar en qu\u00e9 a\u00f1o exactamente me derret\u00ed ante el <strong>VHS<\/strong> con <strong>una de las mejores pel\u00edculas de la historia<\/strong>. La otra es <strong><em>El Padrino 2<\/em><\/strong>, cuya extraordinaria calidad hace bueno el dicho que asegura que, <strong>aunque nunca segundas partes fueron buenas, ha de existir de igual forma la necesaria excepci\u00f3n que confirme la regla<\/strong>. <\/span><\/p>\n<p class=\"wp-caption-dt\">\n<p class=\"wp-caption-dt\"><span style=\"color: #000000; font-size: medium;\">Les confieso que siento cierta envidia, a la par que gran perplejidad, cuando me encuentro con el interlocutor de turno que reconoce no haber visto a\u00fan <strong>una de las pel\u00edculas m\u00e1s grandes de todos los tiempos<\/strong>. La perplejidad est\u00e1 clara, \u00bf<strong>c\u00f3mo es posible que dicha pel\u00edcula no sea cuanto menos obligatoria de visionar para obtener por ejemplo, qu\u00e9 se yo, el Graduado Escolar<\/strong>? La envidia tambi\u00e9n est\u00e1 justificada. Morir\u00eda por volver a experimentar de nuevo aquellas primeras sensaciones que solo se obtienen con el primer visionado. Al igual que con <strong>la primera lectura de la novela<\/strong>.<\/span><\/p>\n<p>&nbsp;<\/p>\n<div id=\"attachment_810\" style=\"width: 439px\" class=\"wp-caption alignleft\"><a href=\"\/loch-lomond\/wp-content\/uploads\/sites\/10\/2012\/03\/Robert-De-Niro-el-joven-Vito-Corleone.jpg\"><img aria-describedby=\"caption-attachment-810\" loading=\"lazy\" class=\"size-full wp-image-810\" title=\"Robert De Niro el joven Vito Corleone\" src=\"\/loch-lomond\/wp-content\/uploads\/sites\/10\/2012\/03\/Robert-De-Niro-el-joven-Vito-Corleone.jpg\" alt=\"Un extraordinario Robert de Niro interpretando al joven Vito Corleone en una de las m\u00e1s incre\u00edbles interpretaciones de la historia del Cine\" width=\"429\" height=\"480\" srcset=\"https:\/\/static-blogs.hoy.es\/wp-content\/uploads\/sites\/10\/2012\/03\/Robert-De-Niro-el-joven-Vito-Corleone.jpg 429w, https:\/\/static-blogs.hoy.es\/wp-content\/uploads\/sites\/10\/2012\/03\/Robert-De-Niro-el-joven-Vito-Corleone-268x300.jpg 268w\" sizes=\"(max-width: 429px) 100vw, 429px\" \/><\/a><p id=\"caption-attachment-810\" class=\"wp-caption-text\">Un extraordinario Robert de Niro interpretando al joven Vito Corleone en una de las m\u00e1s incre\u00edbles interpretaciones de la historia del Cine<\/p><\/div>\n<p class=\"wp-caption-dd\">\n<\/div>\n<div id=\"testArtCol_b\">\n<p><span style=\"color: #000000; font-size: medium;\">Siempre he asegurado p\u00fablicamente, y <a title=\"Leyendo pel\u00edculas (Enrique Falc\u00f3)\" href=\"http:\/\/www.hoy.es\/v\/20100829\/opinion\/leyendo-peliculas-20100829.html\" target=\"_blank\"><span style=\"color: #000000;\">ya escrib\u00ed sobre el asunto<\/span><\/a> en alguna ocasi\u00f3n, que <strong>el buen cine y la exquisita literatura deben viajar constantemente de la mano<\/strong>, ayud\u00e1ndose uno a otro, complement\u00e1ndose incluso, promocion\u00e1ndose ambos como uno solo, sin olvidar la obviedad de que <strong>ambos son lenguajes, pero lenguajes distintos<\/strong>. <\/span><\/p>\n<p>&nbsp;<\/p>\n<p><span style=\"color: #000000; font-size: medium;\">Tuve la suerte de saberme casi de memoria la trilog\u00eda de<strong><em> El Padrino<\/em><\/strong> antes de que la novela de <strong>Mario Puzzo<\/strong> cayera en mis manos. Como comprender\u00e1n, <strong>Don Vito Corleone<\/strong> siempre permanecer\u00e1 en mi memoria (y seguramente en la de todos) con la imagen de ese <strong>Marlon Brando triste y cansado, con sus enormes \u00abbabuchas\u00bb, su pausado di\u00e1logo y su desgastada voz.<\/strong> <\/span><\/p>\n<p>&nbsp;<\/p>\n<p>&nbsp;<\/p>\n<p>&nbsp;<\/p>\n<p>&nbsp;<\/p>\n<p><span style=\"color: #000000; font-size: medium;\"><strong>La pel\u00edcula es completamente fiel a la novela<\/strong>, aunque centrada sobre todo en lo referente a <strong>la familia Corleone<\/strong>. <\/span><\/p>\n<p>&nbsp;<\/p>\n<div id=\"attachment_812\" style=\"width: 310px\" class=\"wp-caption alignright\"><a href=\"\/loch-lomond\/wp-content\/uploads\/sites\/10\/2012\/03\/Jartum.jpg\"><img aria-describedby=\"caption-attachment-812\" loading=\"lazy\" class=\"size-medium wp-image-812\" title=\"Jartum\" src=\"\/loch-lomond\/wp-content\/uploads\/sites\/10\/2012\/03\/Jartum.jpg\" alt=\"el productor Woltz aterrorizado tras encontraar en su cama la cabeza de su malogrado caballo Jartum\" width=\"300\" height=\"154\" srcset=\"https:\/\/static-blogs.hoy.es\/wp-content\/uploads\/sites\/10\/2012\/03\/Jartum.jpg 590w, https:\/\/static-blogs.hoy.es\/wp-content\/uploads\/sites\/10\/2012\/03\/Jartum-300x155.jpg 300w\" sizes=\"(max-width: 300px) 100vw, 300px\" \/><\/a><p id=\"caption-attachment-812\" class=\"wp-caption-text\">el productor Woltz aterrorizado tras encontraar en su cama la cabeza de su malogrado caballo Jartum<\/p><\/div>\n<p class=\"wp-caption-dt\">\n<div class=\"mceTemp\"><span style=\"color: #000000; font-size: medium;\">No obstante, es muy interesante profundizar en algunos personajes a los que <strong>la cinta de Coppola<\/strong> no otorga el mismo peso que en la novela, como pueden ser los del <strong>cantante y actor Johnny Fontante<\/strong>, algo as\u00ed como <strong>una parodia de Frank Sinatra<\/strong>. <\/span><\/div>\n<div class=\"mceTemp\"><\/div>\n<div class=\"mceTemp\"><span style=\"color: #000000; font-size: medium;\">No deja de resultar algo curioso <strong>las similitudes entre el ficticio ahijado del Don y el famoso int\u00e9rprete de \u2018New York\u2019<\/strong>. <\/span><\/div>\n<div class=\"mceTemp\"><\/div>\n<div class=\"mceTemp\"><span style=\"color: #000000; font-size: medium;\"><strong>Ambos est\u00e1n relacionados, aunque sea indirectamente, con el mundo de la Mafia<\/strong>. Coinciden en los espantosos trajes blancos, y gustan los dos de cantar canciones \u00f1o\u00f1as y romanticonas, que seguramente son las que consiguen que sin ser precisamente unos dandis, sean merecedores del deseo de las mujeres de todas las edades. <\/span><\/div>\n<div class=\"mceTemp\"><\/div>\n<div class=\"mceTemp\"><span style=\"color: #000000; font-size: medium;\"><strong>La historia de Luca Brasi<\/strong> tambi\u00e9n obtiene un cariz especial, as\u00ed como las innumerables referencias al <strong>mundo del cine y de los casinos<\/strong>, donde est\u00e1 claro que <strong>Mario Puzzo se mueve como pez en el agua<\/strong>. <\/span><\/div>\n<div class=\"mceTemp\"><\/div>\n<div class=\"mceTemp\"><\/div>\n<div class=\"mceTemp\"><span style=\"color: #000000; font-size: medium;\">Y si no se lo creen no dejen de leerse otra de sus grandes novelas, <strong><em>El \u00faltimo Don<\/em><\/strong>, que fascinar\u00e1 a los amantes de <strong>los entresijos del cine y del juego<\/strong>. Desde que vi por primera vez <strong>El padrino<\/strong>, la palabra \u00ab<strong>don<\/strong>\u00bb se incorpor\u00f3 a mi vocabulario, y pas\u00f3 a ser algo m\u00e1s que un regalo o presente, o una habilidad, bastante m\u00e1s que un <strong>tratamiento de respeto que se antepone a un nombre<\/strong>. <\/span><\/div>\n<div class=\"mceTemp\"><\/div>\n<div class=\"mceTemp\"><\/div>\n<div class=\"mceTemp\"><span style=\"color: #000000; font-size: medium;\">\u00abRespeto\u00bb. Esa es la palabra. <strong>El respeto es muy importante en El Padrino<\/strong>, como en todas las novelas o pel\u00edculas sobre <strong>la Mafia<\/strong>. Siempre han acusado a <strong>Coppola<\/strong> de otorgar a la pel\u00edcula un magnetismo especial que dota de <strong>un gran atractivo todo lo referente a los g\u00e1nsteres y el crimen organizado<\/strong>. <\/span><\/div>\n<div class=\"mceTemp\"><\/div>\n<div class=\"mceTemp\"><\/div>\n<div class=\"mceTemp\"><span style=\"color: #000000; font-size: medium;\">Qu\u00e9 quieren que les diga. Qu\u00e9 seguramente es cierto. \u00bfQui\u00e9n no so\u00f1ar\u00eda ser uno de aquellos respetados hombres, con sus elegantes trajes al mando de su propia familia, sin doblegarse ante los poderosos y con un c\u00f3digo propio de honor? Ya saben ustedes, <strong>mis desocupados lectores<\/strong>, que el t\u00edtulo de <strong>mi blog<\/strong> (y del que ser\u00e1 mi primer libro) llevan el t\u00edtulo <strong>Don de Loch Lomond<\/strong>. <\/span><\/div>\n<div class=\"mceTemp\"><\/div>\n<div class=\"mceTemp\"><\/div>\n<div class=\"mceTemp\"><span style=\"color: #000000; font-size: medium;\">Lo del <a title=\"Bienvenidos (Enrique Falc\u00f3)\" href=\"https:\/\/blogs.hoy.es\/loch-lomond\/2010\/06\/09\/bienvenidos\/\" target=\"_blank\"><span style=\"color: #000000;\">Loch Lomond <\/span><\/a>creo que ya ha quedado claro, pues se refiere al <strong>m\u00e1s bello y dorado de los licores de malta<\/strong>, al preferido por <strong>el viejo Capit\u00e1n Haddock<\/strong>. El \u00ab<strong>don<\/strong>\u00bb que le antecede no es m\u00e1s que un antiguo arca\u00edsmo que viene a significar algo as\u00ed como \u00ab<strong>ofrecido por, o patrocinado por<\/strong>\u00bb. Pero no puedo enga\u00f1arles. Lo eleg\u00ed tambi\u00e9n por su sonoridad y todo lo que denota y connota a los que sienten fascinaci\u00f3n por todo este mundo. <\/span><\/div>\n<p>&nbsp;<\/p>\n<p class=\"wp-caption-dt\">\n<div id=\"attachment_811\" style=\"width: 410px\" class=\"wp-caption alignleft\"><a href=\"\/loch-lomond\/wp-content\/uploads\/sites\/10\/2012\/03\/Genco-Pura.jpg\"><img aria-describedby=\"caption-attachment-811\" loading=\"lazy\" class=\"size-full wp-image-811\" title=\"Genco Pura\" src=\"\/loch-lomond\/wp-content\/uploads\/sites\/10\/2012\/03\/Genco-Pura.jpg\" alt=\"El famos aceite, tapadera de los negocios del Don\" width=\"400\" height=\"364\" srcset=\"https:\/\/static-blogs.hoy.es\/wp-content\/uploads\/sites\/10\/2012\/03\/Genco-Pura.jpg 400w, https:\/\/static-blogs.hoy.es\/wp-content\/uploads\/sites\/10\/2012\/03\/Genco-Pura-300x273.jpg 300w\" sizes=\"(max-width: 400px) 100vw, 400px\" \/><\/a><p id=\"caption-attachment-811\" class=\"wp-caption-text\">El famos aceite, tapadera de los negocios del Don<\/p><\/div>\n<p class=\"wp-caption-dt\">\n<p class=\"wp-caption-dd\">\n<p><span style=\"color: #000000; font-size: medium;\">No har\u00e1 falta que les recomiende la novela, as\u00ed como las pel\u00edculas. Gracias al cielo existen m\u00e1s partidarios de la saga que detractores. <\/span><\/p>\n<p>&nbsp;<\/p>\n<p><span style=\"color: #000000; font-size: medium;\">Si son grandes aficionados seguro que han sonre\u00eddo ante el t\u00edtulo de esta tribuna, y no es necesario explicar qu\u00e9 es eso del \u2018<strong>Genco Pura<\/strong>\u2019 o quien es el malogrado \u2018<strong>Jartum\u2019<\/strong>. <\/span><\/p>\n<p>&nbsp;<\/p>\n<p><span style=\"color: #000000; font-size: medium;\">Al que piense que somos unos<strong><a title=\"Creo que soy friki (Enrique Falc\u00f3)\" href=\"https:\/\/blogs.hoy.es\/loch-lomond\/2011\/05\/25\/creo-soy-friki\/\" target=\"_blank\"><span style=\"color: #000000;\"> frikis<\/span><\/a><\/strong> que se pregunte qu\u00e9 es lo que tendr\u00e1 una pel\u00edcula o novela para volvernos tan locos con ellas. <strong>Les har\u00e9 una oferta que no podr\u00e1n rechazar<\/strong>. H\u00e1ganse de estas, y disfr\u00fatenlas dichosos, pregunt\u00e1ndose c\u00f3mo han podido estar 40 a\u00f1os de su vida sin ellas. Desoyendo <strong>los consejos de Don Corleone<\/strong>, (\u2018Los dem\u00e1s nunca han de saber lo que piensas\u2019) hoy no he podido resistirme a mostrarles mi devoci\u00f3n. Pero les aseguro que no es nada personal, solo son negocios.<\/span><\/p>\n<p style=\"text-align: center;\">\n<p style=\"text-align: center;\">\n<p style=\"text-align: center;\"><span style=\"color: #000000; font-size: medium;\"><em>Publicado en <strong>Diario HOY<\/strong> el 18\/03\/2012<\/em><\/span><\/p>\n<p style=\"text-align: center;\"><span style=\"color: #000000; font-size: medium;\"><em><a href=\"http:\/\/hoy.kioskoymas.com\/epaper\/showlink.aspx?bookmarkid=7NTMVXS909K2&#038;preview=magnifier&#038;linkid=d1686863-fa48-46f1-a1cc-0a3665a88bd7&#038;pdaffid=1NEHCXDv4QZRFanP7KJR9A%3d%3d\"><span style=\"color: #000000;\"><img src=\"\/\/cache2-thumb1.pressdisplay.com\/pressdisplay\/docserver\/getimage.aspx?file=22012012031800000000001001&#038;page=30&#038;scale=23\" alt=\"\" \/><\/span><\/a><\/em><\/span><\/p>\n<\/div>\n<!-- AddThis Advanced Settings generic via filter on the_content --><!-- AddThis Share Buttons generic via filter on the_content -->","protected":false},"excerpt":{"rendered":"<p>&nbsp; Enrique Falc\u00f3. Mit\u00f3mano &nbsp; Siempre he sido de ese tipo de personas a las que no hay que tocarles las palmas para animarle a hablar de cosas que le vuelven loco. Cuando algo me gusta, me gusta, pero de verdad. Ustedes ya me entienden. Ya sea un grupo musical, una pel\u00edcula o un libro. [&hellip;]<!-- AddThis Advanced Settings generic via filter on get_the_excerpt --><!-- AddThis Share Buttons generic via filter on get_the_excerpt --><\/p>\n","protected":false},"author":14,"featured_media":0,"comment_status":"open","ping_status":"closed","sticky":false,"template":"","format":"standard","meta":[],"categories":[8],"tags":[49,235,429,783,858,992,1439,1513,1514,1515,1687,1688,1726,1806,2160,2171,2187,2254,2255,2474,2674,2733,2765,2794,2875,3083,3103,3191,3232,3345,3354,3510,3592,3660,3718,4440,4494,5091,5324],"_links":{"self":[{"href":"https:\/\/blogs.hoy.es\/loch-lomond\/wp-json\/wp\/v2\/posts\/807"}],"collection":[{"href":"https:\/\/blogs.hoy.es\/loch-lomond\/wp-json\/wp\/v2\/posts"}],"about":[{"href":"https:\/\/blogs.hoy.es\/loch-lomond\/wp-json\/wp\/v2\/types\/post"}],"author":[{"embeddable":true,"href":"https:\/\/blogs.hoy.es\/loch-lomond\/wp-json\/wp\/v2\/users\/14"}],"replies":[{"embeddable":true,"href":"https:\/\/blogs.hoy.es\/loch-lomond\/wp-json\/wp\/v2\/comments?post=807"}],"version-history":[{"count":0,"href":"https:\/\/blogs.hoy.es\/loch-lomond\/wp-json\/wp\/v2\/posts\/807\/revisions"}],"wp:attachment":[{"href":"https:\/\/blogs.hoy.es\/loch-lomond\/wp-json\/wp\/v2\/media?parent=807"}],"wp:term":[{"taxonomy":"category","embeddable":true,"href":"https:\/\/blogs.hoy.es\/loch-lomond\/wp-json\/wp\/v2\/categories?post=807"},{"taxonomy":"post_tag","embeddable":true,"href":"https:\/\/blogs.hoy.es\/loch-lomond\/wp-json\/wp\/v2\/tags?post=807"}],"curies":[{"name":"wp","href":"https:\/\/api.w.org\/{rel}","templated":true}]}}