{"id":815,"date":"2012-03-21T00:36:17","date_gmt":"2012-03-20T23:36:17","guid":{"rendered":"http:\/\/blogs.hoy.es\/loch-lomond\/?p=815"},"modified":"2012-03-21T00:36:17","modified_gmt":"2012-03-20T23:36:17","slug":"javi-palacios","status":"publish","type":"post","link":"https:\/\/blogs.hoy.es\/loch-lomond\/2012\/03\/21\/javi-palacios\/","title":{"rendered":"Javi Palacios"},"content":{"rendered":"<p>&nbsp;<\/p>\n<p>\u00a0<a href=\"\/loch-lomond\/wp-content\/uploads\/sites\/10\/2012\/03\/Javi-Reflejo.jpg\"><img loading=\"lazy\" class=\"alignnone size-medium wp-image-817\" title=\"Javi Reflejo\" src=\"\/loch-lomond\/wp-content\/uploads\/sites\/10\/2012\/03\/Javi-Reflejo.jpg\" alt=\"Javi Palacios\" width=\"300\" height=\"225\" srcset=\"https:\/\/static-blogs.hoy.es\/wp-content\/uploads\/sites\/10\/2012\/03\/Javi-Reflejo.jpg 720w, https:\/\/static-blogs.hoy.es\/wp-content\/uploads\/sites\/10\/2012\/03\/Javi-Reflejo-300x225.jpg 300w\" sizes=\"(max-width: 300px) 100vw, 300px\" \/><\/a><\/p>\n<p>&nbsp;<\/p>\n<p>Estaba tardando en aparecer en EL LOTO AZUL un colaborador que ostenta el dudoso honor de ser la persona que m\u00e1s nombro en mis art\u00edculos de opini\u00f3n en HOY y en \u00e9ste, mi blog. Me refiero, ni m\u00e1s ni menos, que a mi amigo <a title=\"Mierda p\u00e1jaros\" href=\"https:\/\/blogs.hoy.es\/loch-lomond\/2011\/10\/13\/%c2%a1mierda-pajaros\/\" target=\"_blank\">Javi<\/a>, ya saben, \u00edntimo m\u00edo y de la gula, como quien suscribe. <a title=\"la red social\" href=\"https:\/\/blogs.hoy.es\/loch-lomond\/2011\/07\/31\/la-red-social\/\" target=\"_blank\">Javi Palacios<\/a> es co-protagonista de excepci\u00f3n de algunas de las m\u00e1s hilarantes historias que he tenido a bien contarles algunos domingos, como la famosa <a title=\"recuerdos del viejo ferial\" href=\"https:\/\/blogs.hoy.es\/loch-lomond\/2010\/06\/27\/recuerdos-del-viejo-ferial\/\" target=\"_blank\">an\u00e9cdota de los churros<\/a> en la Feria de San Juan, o aquella en la que tras ir los dos solos a un restaurante no se le ocurri\u00f3 otra cosa que gritar bien alto a todo el que nos miraba \u201c\u00bfQu\u00e9 pasa? \u00bfAcaso una joven pareja gay no puede acudir a comer a un restaurante sin ser presa de las hom\u00f3fobas miradas?<\/p>\n<p><a href=\"\/loch-lomond\/wp-content\/uploads\/sites\/10\/2012\/03\/el-loto-azul.jpg\"><img loading=\"lazy\" class=\"alignnone size-medium wp-image-818\" title=\"el loto azul\" src=\"\/loch-lomond\/wp-content\/uploads\/sites\/10\/2012\/03\/el-loto-azul.jpg\" alt=\"\" width=\"220\" height=\"300\" srcset=\"https:\/\/static-blogs.hoy.es\/wp-content\/uploads\/sites\/10\/2012\/03\/el-loto-azul.jpg 550w, https:\/\/static-blogs.hoy.es\/wp-content\/uploads\/sites\/10\/2012\/03\/el-loto-azul-221x300.jpg 221w\" sizes=\"(max-width: 220px) 100vw, 220px\" \/><\/a><\/p>\n<p>Al igual que me ocurre con <a title=\"Adolfo Portillo Campini\" href=\"https:\/\/blogs.hoy.es\/loch-lomond\/2011\/10\/21\/adolfo-portillo-campini\/\" target=\"_blank\">Adolfo Campini<\/a> y <a title=\"Manuel Larios Varela\" href=\"https:\/\/blogs.hoy.es\/loch-lomond\/2012\/03\/01\/manuel-larios-varela\/\" target=\"_blank\">Ricardo Larios<\/a>, <a title=\"me saldr\u00e1 m\u00e1s barato\" href=\"https:\/\/blogs.hoy.es\/loch-lomond\/2010\/07\/17\/me-saldra-mas-barato\/\" target=\"_blank\">Javi<\/a> y yo compartimos entre muchas cosas nuestro peculiar sentido del humor, y es que se nota, aun tantos a\u00f1os despu\u00e9s, que seguimos ri\u00e9ndonos de las mismas tonter\u00edas que cuando \u00e9ramos peque\u00f1os. Si lo nombro tantas veces en mis art\u00edculos adivinar\u00e1n que es por la sencilla raz\u00f3n de que es importante en mi vida, y esa es la funci\u00f3n de esta secci\u00f3n entre otras cosas, mostrarles a personas que forman parte de mi mundo y a los que necesito a mi lado como el comer. Como les contar\u00e1 m\u00e1s abajo en su texto, son ya c\u00e9lebres nuestras reuniones gastron\u00f3micas, y mis consultas a su persona en todo lo referente a medicina. <a title=\"my sharona\" href=\"https:\/\/blogs.hoy.es\/loch-lomond\/2010\/07\/30\/my-sharona\/\" target=\"_blank\">Javi<\/a> siempre sinti\u00f3 fascinaci\u00f3n por los animales, y estudi\u00f3 biolog\u00eda, obteniendo por cierto un expediente m\u00e1s que brillante. El caso es que como \u00e9l era de \u201cCiencias\u201d yo daba por hecho que Javi era una persona capacitada para aconsejarme en lo que se refiere a medicina general:<\/p>\n<div id=\"attachment_819\" style=\"width: 310px\" class=\"wp-caption alignnone\"><a href=\"\/loch-lomond\/wp-content\/uploads\/sites\/10\/2012\/03\/Javi-y-Eri-Londres.jpg\"><img aria-describedby=\"caption-attachment-819\" loading=\"lazy\" class=\"size-medium wp-image-819\" title=\"Javi y Eri Londres\" src=\"\/loch-lomond\/wp-content\/uploads\/sites\/10\/2012\/03\/Javi-y-Eri-Londres.jpg\" alt=\"A Javi y a su mujer Erika les encanta viajar, y hacer muchas fotos, que luego se mueren por ense\u00f1arnos...a lo que el menda accede porque el mueble bar siempre est\u00e1 bien cargado\" width=\"300\" height=\"225\" srcset=\"https:\/\/static-blogs.hoy.es\/wp-content\/uploads\/sites\/10\/2012\/03\/Javi-y-Eri-Londres.jpg 720w, https:\/\/static-blogs.hoy.es\/wp-content\/uploads\/sites\/10\/2012\/03\/Javi-y-Eri-Londres-300x225.jpg 300w\" sizes=\"(max-width: 300px) 100vw, 300px\" \/><\/a><p id=\"caption-attachment-819\" class=\"wp-caption-text\">A Javi y a su mujer Erika les encanta viajar, y hacer muchas fotos, que luego se mueren por ense\u00f1arnos...a lo que el menda accede porque el mueble bar siempre est\u00e1 bien cargado<\/p><\/div>\n<p>\u201cOye Javi, me ha salido una especie de escozor en la pierna, \u00bfqu\u00e9 crees que ser\u00e1?\u201d \u2013 \u201cNo s\u00e9\u201d &#8211; Contestaba mi amigo &#8211; \u201cSer\u00e1 una peque\u00f1a reacci\u00f3n al ch\u00e1ndal o a alg\u00fan gel.<\/p>\n<p>\u201cOye Javi, estoy tomando antibi\u00f3ticos, \u00bfpasa algo si me tomo un copazo?\u201d \u2013 \u201cPor uno no creo que pase n\u00e1\u201d.<\/p>\n<p>\u201cOye Javi, ayer me enroll\u00e9 con una y le toqu\u00e9 un poco el muslo, \u00bfCrees que se habr\u00e1 quedado embarazada? \u201cEnrique\u2026 \u00a1No soy m\u00e9dico!<\/p>\n<p>Y as\u00ed me di cuenta que Javi no era m\u00e9dico. El problema es que cuando yo me acostumbro mentalmente a algo es muy dif\u00edcil cambiar de disco, y hoy en d\u00eda sigo requiriendo sus servicios como si fuera mi m\u00e9dico de cabecera.<\/p>\n<div id=\"attachment_820\" style=\"width: 231px\" class=\"wp-caption alignnone\"><a href=\"\/loch-lomond\/wp-content\/uploads\/sites\/10\/2012\/03\/Portada-Javi-Alcalde.jpg\"><img aria-describedby=\"caption-attachment-820\" loading=\"lazy\" class=\"size-medium wp-image-820\" title=\"Portada Javi Alcalde\" src=\"\/loch-lomond\/wp-content\/uploads\/sites\/10\/2012\/03\/Portada-Javi-Alcalde.jpg\" alt=\"La portada de HOY de hace 20 a\u00f1os, protagonizada por Javi Palacios (junto al entonces alcalde Manuel Rojas) primer alcalde infantil de Badajoz... y hasta la fecha\" width=\"221\" height=\"300\" srcset=\"https:\/\/static-blogs.hoy.es\/wp-content\/uploads\/sites\/10\/2012\/03\/Portada-Javi-Alcalde.jpg 300w, https:\/\/static-blogs.hoy.es\/wp-content\/uploads\/sites\/10\/2012\/03\/Portada-Javi-Alcalde-221x300.jpg 221w\" sizes=\"(max-width: 221px) 100vw, 221px\" \/><\/a><p id=\"caption-attachment-820\" class=\"wp-caption-text\">La portada de HOY de hace 20 a\u00f1os, protagonizada por Javi Palacios (junto al entonces alcalde Manuel Rojas) primer alcalde infantil de Badajoz... y hasta la fecha<\/p><\/div>\n<p>Hay algo m\u00e1s que quiero que sepan de Javi Palacios, y es que, adem\u00e1s de acordarme de \u00e9l cuando escucho uno de sus temas favoritos <a title=\"The Power Of Love\" href=\"https:\/\/blogs.hoy.es\/loch-lomond\/2010\/08\/13\/power-of-love\/\" target=\"_blank\">\u201cThe Power of Love\u201d<\/a>, Javi fue en su d\u00eda <a title=\"Javier Palacios Alcalde Infantil de Badajoz\" href=\"http:\/\/www.hoy.es\/20100131\/regional\/alcalde-pero-politica-llama-20100131.html\" target=\"_blank\">el alcalde infantil de Badajoz<\/a>. \u00a1Como presum\u00edamos nosotros con eso! Una de las prioridades de su campa\u00f1a fue el famoso carril bici de La Granadilla, que a pesar de que por fin se hizo hace pocos a\u00f1os, all\u00ed estuvo Javi dando por el mism\u00edsimo con la pepla para que lo construyeran. Y es que Javi era como \u00e9ramos mis amigos, mel\u00f3manos y buenos deportistas, y al menos nuestros hijos podr\u00e1n disfrutar alg\u00fan d\u00eda ese carril bici sin jugarse la vida como nosotros de peque\u00f1os. Como buenamente recuerda, nadie le ha cesado en el cargo, y \u00e9l jam\u00e1s present\u00f3 dimisi\u00f3n alguna, as\u00ed que a sus 33 a\u00f1os, Javier Palacios Melchor sigue siendo alcalde infantil de Badajoz a todos los efectos. Quiero mucho a Javi, al igual que al resto de mis amigos de la infancia, y como bien \u00e9l les va a contar, la amistad hay que trabajarla d\u00eda a d\u00eda. Javi ha sido padre recientemente, de una ni\u00f1a preciosa, Martina, con unos ojos tan azules y un pelo tan rubio como el suyo y los de su mujer Erika. El aprendizaje, aunque algo duro, est\u00e1 siendo muy satisfactorio, y como en todo lo que hace, ya sea tocando el piano, sacando matr\u00edculas en la Universidad, o dando consejos m\u00e9dicos, les aseguro que aprobar\u00e1 <a title=\"s\u00faper pap\u00e1s\" href=\"https:\/\/blogs.hoy.es\/loch-lomond\/2011\/06\/14\/superpapas\/\" target=\"_blank\">el examen de padre <\/a>con nota.<\/p>\n<div id=\"attachment_821\" style=\"width: 310px\" class=\"wp-caption alignnone\"><a href=\"\/loch-lomond\/wp-content\/uploads\/sites\/10\/2012\/03\/Javi-Palacios-Ayuntamiento.jpg\"><img aria-describedby=\"caption-attachment-821\" loading=\"lazy\" class=\"size-full wp-image-821\" title=\"javier palacios fue en su dia alcalde infantil de badajoz.\" src=\"\/loch-lomond\/wp-content\/uploads\/sites\/10\/2012\/03\/Javi-Palacios-Ayuntamiento.jpg\" alt=\"Javier Palacios Melchor en una FOTO de CASIMIRO MORENO del Diario HOY\" width=\"300\" height=\"209\" \/><\/a><p id=\"caption-attachment-821\" class=\"wp-caption-text\">Javier Palacios Melchor en una FOTO de CASIMIRO MORENO del Diario HOY<\/p><\/div>\n<p>Cuando Javi se sienta en las sillas del Marchivirito, nuestra fonda predilecta, le ocurre como a m\u00ed, que se queda como encajado. Siempre hace la misma broma, se levanta con la silla pegada al culo diciendo \u201cMe la llevo puesta\u201d. La misma chorrada con la que yo me parto d\u00eda s\u00ed y d\u00eda tambi\u00e9n. Por eso quiero pasar con \u00e9l todas las horas posibles.<\/p>\n<p>Con todos ustedes mi famoso amigo Javi Palacios, \u00edntimo m\u00edo y de la gula, como quien suscribe, y del que espero que a partir de ahora, conozc\u00e1is un poco mejor. Os dejo con su texto, que ha escrito para todos los amigos de este blog, \u201cNo soy m\u00e9dico\u201d.<\/p>\n<p>&nbsp;<\/p>\n<p>&nbsp;<\/p>\n<p align=\"center\"><span style=\"color: #000080;\"><strong><span style=\"text-decoration: underline;\">\u00a1No soy m\u00e9dico!<\/span><\/strong><\/span><\/p>\n<p><span style=\"color: #000080;\">\u00a0<\/span><\/p>\n<p><span style=\"color: #000080;\">\u00a0\u00a0\u00a0\u00a0\u00a0\u00a0\u00a0\u00a0\u00a0\u00a0\u00a0\u00a0\u00a0\u00a0\u00a0 Por fin me decido a sentarme un rato y escribir algunas reflexiones y recuerdos\u2026 La verdad es que podr\u00eda hablar de muchas cosas, contar infinidad de an\u00e9cdotas en las que siempre de una manera u otra aparece mi amigo Enrique, pero es que esto de escribir no se me da muy bien (para eso ya est\u00e1 Enrique). Yo soy \u201cde ciencias\u201d, en concreto estudi\u00e9 Biolog\u00eda pero para Enrique debo tener convalidada por lo menos media carrera de medicina. Y es que cada vez que algo pasa, cualquier consulta relativa a la salud siempre le tocaba al menda. Y claro, yo siempre he tratado de responder con la l\u00f3gica y el sentido com\u00fan, pero\u2026<strong><em>\u00a1\u00a1\u00a1 Enrique: No soy m\u00e9dico!!!<\/em><\/strong> (Llevo a\u00f1os dici\u00e9ndoselo).<\/span><\/p>\n<p><span style=\"color: #000080;\">Son antol\u00f3gicas <a title=\"divirt\u00e1monos vestidos\" href=\"https:\/\/blogs.hoy.es\/loch-lomond\/2010\/06\/19\/divirtamonos-vestidos\/\" target=\"_blank\">las cenorrias que nos pegamos<\/a> cuando podemos y desde luego siempre lo he dicho: no conozco a un t\u00edo con actitud m\u00e1s optimista ante la vida que Enrique (aunque en los \u00faltimos tiempos cuesta m\u00e1s ver ese punto de optimismo y superaci\u00f3n por<a title=\"los frustrados hijos de la clase media\" href=\"https:\/\/blogs.hoy.es\/loch-lomond\/2011\/09\/18\/los-frustrados-hijos-de-la-clase-media\/\" target=\"_blank\"> la sensaci\u00f3n de crisis que nos invade a todos<\/a>). Sin duda que verborrea no le falta: es imposible quedarte sin tema de conversaci\u00f3n con \u00e9l. Yo creo que su mayor castigo ser\u00eda que no pudiese hablar en un d\u00eda entero\u2026 \u00a1Ser\u00eda casi peor que si se quedase sin Loch Lomond un s\u00e1bado noche! No quiero ni imaginarlo.<\/span><\/p>\n<p>&nbsp;<\/p>\n<div id=\"attachment_822\" style=\"width: 302px\" class=\"wp-caption alignnone\"><a href=\"\/loch-lomond\/wp-content\/uploads\/sites\/10\/2012\/03\/Javi-Duff.jpg\"><img aria-describedby=\"caption-attachment-822\" loading=\"lazy\" class=\"size-medium wp-image-822\" title=\"Javi Duff\" src=\"\/loch-lomond\/wp-content\/uploads\/sites\/10\/2012\/03\/Javi-Duff.jpg\" alt=\"Javier Palacios Melchor. Mi amigo Javi, \u00edntimo m\u00edo y de la gula, como quien suscribe\" width=\"292\" height=\"300\" srcset=\"https:\/\/static-blogs.hoy.es\/wp-content\/uploads\/sites\/10\/2012\/03\/Javi-Duff.jpg 702w, https:\/\/static-blogs.hoy.es\/wp-content\/uploads\/sites\/10\/2012\/03\/Javi-Duff-293x300.jpg 293w\" sizes=\"(max-width: 292px) 100vw, 292px\" \/><\/a><p id=\"caption-attachment-822\" class=\"wp-caption-text\">Javier Palacios Melchor. Mi amigo Javi, \u00edntimo m\u00edo y de la gula, como quien suscribe<\/p><\/div>\n<p>&nbsp;<\/p>\n<p><span style=\"color: #000080;\">Y hablando de amigos, creo que tengo suerte con los amigos que tengo. A decir verdad no son muchos, pero los que son lo son de verdad. Y eso es lo m\u00e1s importante. Aunque suene un poco \u201ccursi\u201d la amistad es como un surco en la arena: hay que repasarlo todos los d\u00edas si quieres que perdure en el tiempo. S\u00e9 que ha habido \u00e9pocas con m\u00e1s o menos \u201cviento\u201d que puede erosionar la amistad, pero tambi\u00e9n s\u00e9 que mis amigos siempre est\u00e1n ah\u00ed. Enrique Falc\u00f3 est\u00e1 dentro de este peque\u00f1o grupo de AMIGOS, al igual que Adolfo Campini, <a title=\"\u00d3scar Vadillo\" href=\"https:\/\/blogs.hoy.es\/loch-lomond\/2011\/06\/10\/oscar-vadillo\/\" target=\"_blank\">\u00d3scar Vadillo<\/a>, Ricardo Larios, <a title=\"Luis Carlos Gonz\u00e1lez\" href=\"http:\/\/tansoloson.blogspot.com.es\/\" target=\"_blank\">Luis Carlos Gonz\u00e1lez,<\/a> H\u00e9ctor Pula (y alg\u00fan otro que seguro se me queda en el tintero) y por supuesto mi mujer Erika, a la que adoro y que me ha dado lo que m\u00e1s quiero en este mundo: mi hija Martina.<\/span><\/p>\n<p><span style=\"color: #000080;\">\u00a0Pero bueno, basta ya de edulcorante que nos va a subir el az\u00facar a todos\u2026 \u00a0\u00a1Espero no haberos aburrido mucho! Un abrazo.<\/span><\/p>\n<p>&nbsp;<\/p>\n<!-- AddThis Advanced Settings generic via filter on the_content --><!-- AddThis Share Buttons generic via filter on the_content -->","protected":false},"excerpt":{"rendered":"<p>&nbsp; \u00a0 &nbsp; Estaba tardando en aparecer en EL LOTO AZUL un colaborador que ostenta el dudoso honor de ser la persona que m\u00e1s nombro en mis art\u00edculos de opini\u00f3n en HOY y en \u00e9ste, mi blog. Me refiero, ni m\u00e1s ni menos, que a mi amigo Javi, ya saben, \u00edntimo m\u00edo y de la [&hellip;]<!-- AddThis Advanced Settings generic via filter on get_the_excerpt --><!-- AddThis Share Buttons generic via filter on get_the_excerpt --><\/p>\n","protected":false},"author":14,"featured_media":0,"comment_status":"open","ping_status":"closed","sticky":false,"template":"","format":"standard","meta":[],"categories":[3],"tags":[134,437,1515,1669,1806,1843,2393,2632,2681,2693,2694,3103,3198,3325,3361,3407,3430,3693,3830,3855,4444,4471,4957],"_links":{"self":[{"href":"https:\/\/blogs.hoy.es\/loch-lomond\/wp-json\/wp\/v2\/posts\/815"}],"collection":[{"href":"https:\/\/blogs.hoy.es\/loch-lomond\/wp-json\/wp\/v2\/posts"}],"about":[{"href":"https:\/\/blogs.hoy.es\/loch-lomond\/wp-json\/wp\/v2\/types\/post"}],"author":[{"embeddable":true,"href":"https:\/\/blogs.hoy.es\/loch-lomond\/wp-json\/wp\/v2\/users\/14"}],"replies":[{"embeddable":true,"href":"https:\/\/blogs.hoy.es\/loch-lomond\/wp-json\/wp\/v2\/comments?post=815"}],"version-history":[{"count":0,"href":"https:\/\/blogs.hoy.es\/loch-lomond\/wp-json\/wp\/v2\/posts\/815\/revisions"}],"wp:attachment":[{"href":"https:\/\/blogs.hoy.es\/loch-lomond\/wp-json\/wp\/v2\/media?parent=815"}],"wp:term":[{"taxonomy":"category","embeddable":true,"href":"https:\/\/blogs.hoy.es\/loch-lomond\/wp-json\/wp\/v2\/categories?post=815"},{"taxonomy":"post_tag","embeddable":true,"href":"https:\/\/blogs.hoy.es\/loch-lomond\/wp-json\/wp\/v2\/tags?post=815"}],"curies":[{"name":"wp","href":"https:\/\/api.w.org\/{rel}","templated":true}]}}