{"id":827,"date":"2012-03-25T16:22:16","date_gmt":"2012-03-25T15:22:16","guid":{"rendered":"http:\/\/blogs.hoy.es\/loch-lomond\/?p=827"},"modified":"2012-03-25T16:22:16","modified_gmt":"2012-03-25T15:22:16","slug":"no-es-el-mejor-momento","status":"publish","type":"post","link":"https:\/\/blogs.hoy.es\/loch-lomond\/2012\/03\/25\/no-es-el-mejor-momento\/","title":{"rendered":"No es el mejor momento"},"content":{"rendered":"<p><span style=\"color: #000000;\">Enrique Falc\u00f3. Libre para decidir<\/span><\/p>\n<p>\u00a0<a href=\"\/loch-lomond\/wp-content\/uploads\/sites\/10\/2012\/03\/Homer-Simpson-libre.jpg\"><img loading=\"lazy\" class=\"alignnone size-medium wp-image-828\" title=\"Homer Simpson libre\" src=\"\/loch-lomond\/wp-content\/uploads\/sites\/10\/2012\/03\/Homer-Simpson-libre.jpg\" alt=\"\" width=\"300\" height=\"240\" srcset=\"https:\/\/static-blogs.hoy.es\/wp-content\/uploads\/sites\/10\/2012\/03\/Homer-Simpson-libre.jpg 1280w, https:\/\/static-blogs.hoy.es\/wp-content\/uploads\/sites\/10\/2012\/03\/Homer-Simpson-libre-300x240.jpg 300w, https:\/\/static-blogs.hoy.es\/wp-content\/uploads\/sites\/10\/2012\/03\/Homer-Simpson-libre-768x614.jpg 768w, https:\/\/static-blogs.hoy.es\/wp-content\/uploads\/sites\/10\/2012\/03\/Homer-Simpson-libre-1024x819.jpg 1024w\" sizes=\"(max-width: 300px) 100vw, 300px\" \/><\/a><\/p>\n<p><span style=\"color: #000080;\">La palabra \u201c<a title=\"lo que ustedes decidan pero libremente\" href=\"https:\/\/blogs.hoy.es\/loch-lomond\/2010\/09\/29\/lo-ustedes-decidan-pero-libremente\/\" target=\"_blank\">huelga<\/a>\u201d acompa\u00f1ada o no de \u201cgeneral\u201d siempre me trae recuerdos felices de mi \u00e9poca de estudiante. No recuerdo qu\u00e9 es lo que pasar\u00eda en el 88, (ni me interesaba entonces ni mucho menos ahora) en mi cuarto curso de EGB, pero en mi cabeza se instalan im\u00e1genes de bastantes m\u00e1s d\u00edas de asueto que de costumbre. Muchas jornadas de huelga, y muy seguidas, lo que significaba m\u00e1s tiempo en la cama por las ma\u00f1anas, m\u00e1s horas ante el entonces nov\u00edsimo Spectrum +3, el video con LP que permit\u00eda grabar el doble de horas, y m\u00e1s f\u00fatbol y baloncesto en la calle de atr\u00e1s de mi casa y en las canchas del <a title=\"General Navarro\" href=\"https:\/\/blogs.hoy.es\/loch-lomond\/2010\/06\/20\/general-navarro\/\" target=\"_blank\">Colegio General Navarro<\/a>. Algo m\u00e1s mayor, quiz\u00e1s en segundo de BUP,\u00a0 a uno ya al menos le picaba la curiosidad, aunque no mucho la verdad, de saber qu\u00e9 reivindicaciones se escond\u00eda tras las huelgas que se convocaban, m\u00e1xime si \u00e9stas nos ten\u00edan a los estudiantes como protagonistas. Pero entre nosotros, siempre me parec\u00edan bien, supon\u00edan un descanso extra que no estaba de m\u00e1s, y no vayan a pensar que el menda era de esos que se sumaban a las manifestaciones ni gaitas en pos de mejoras o salvaguardar sus derechos. Esas horas eran aprovechadas para echarme un \u201cS\u00faperPang\u201d en los recreativos de \u201cLa Quinta Avenida\u201d, en la Biblioteca del Zurbar\u00e1n para repasar un examen o hacer un trabajo, o en intentar darle algo m\u00e1s que conversaci\u00f3n a mis compis quincea\u00f1eras de turno, ustedes ya me entienden. <\/span><\/p>\n<p><span style=\"color: #000080;\"><a href=\"\/loch-lomond\/wp-content\/uploads\/sites\/10\/2012\/03\/huelga-general.jpg\"><img loading=\"lazy\" class=\"alignnone size-full wp-image-830\" title=\"huelga general\" src=\"\/loch-lomond\/wp-content\/uploads\/sites\/10\/2012\/03\/huelga-general.jpg\" alt=\"\" width=\"401\" height=\"297\" srcset=\"https:\/\/static-blogs.hoy.es\/wp-content\/uploads\/sites\/10\/2012\/03\/huelga-general.jpg 401w, https:\/\/static-blogs.hoy.es\/wp-content\/uploads\/sites\/10\/2012\/03\/huelga-general-300x222.jpg 300w\" sizes=\"(max-width: 401px) 100vw, 401px\" \/><\/a><\/span><\/p>\n<p><span style=\"color: #000080;\">Por el contrario exist\u00edan compa\u00f1eros que se tomaban el asunto muy en serio, y nos echaban en cara nuestro desp\u00f3tico pasotismo mientras ellos cargaban con la dura responsabilidad de luchar por y para nosotros. \u00a1Pobre h\u00e9roes! En el t\u00e9rmino medio, y haciendo a\u00f1icos el sabio dicho griego que asegura que en \u00e9ste se haya la virtud, exist\u00edan quienes tan convencidos y concienciados como aquellos trataban de hacernos comprender la importancia de apoyar sus causas acogi\u00e9ndonos a nuestro derecho de huelga, y utilizando ese tiempo para protestar en las manifestaciones, algo loable si no fuera porque luego eran ellos quienes insist\u00edan que a tal clase no se pod\u00eda faltar porque don fulanito pon\u00eda falta de asistencia. No s\u00e9 si van adivinando por donde van los tiros. Quiz\u00e1s en aquellos momentos fue cuando comenc\u00e9 a darme cuenta de c\u00f3mo funcionan estas cosas, y el morrazo que le echan algunos. \u00a0Recuerdo que en aquel curso ten\u00edamos un profesor de matem\u00e1ticas terrible y temible, y ojal\u00e1, que al igual que a mi querido <a title=\"La abad\u00eda del crimen\" href=\"https:\/\/blogs.hoy.es\/loch-lomond\/2012\/03\/14\/la-abadia-del-crimen\/\" target=\"_blank\">Adso de Melk<\/a> de \u201cEl nombre de la rosa\u201d no me falle mi prodigiosa memoria ni mi mano tiemble al escribir su nombre: Inocencio Rodr\u00edguez. Don Inocencio era el peor profesor de matem\u00e1ticas que le pod\u00eda tocar a un alumno mediocre y vago como quien suscribe, al que ya de por s\u00ed siempre se le resisti\u00f3 la ciencia que quita la paciencia y las ganas de estudiar. Los conocimientos de don Inocencio, as\u00ed como su total dominio de la asignatura, eran incuestionables, y adem\u00e1s era un hombre serio, con un grado de exigencia superior a la media de los dem\u00e1s docentes. A don Inocencio no le gustaban las \u201cjodiuras\u201d y era implacable en lo que se refiere a cumplir el r\u00e9gimen interno del Centro. Nunca se olvidaba de pasar lista, y por supuesto tambi\u00e9n lo hac\u00eda los d\u00edas de huelga, ya que como muy bien \u00e9l insist\u00eda \u201cuna cosa no tiene nada que ver con la otra\u201d y consideraba que aquel que se acogiera a su derecho de huelga ten\u00eda que hacerlo con todas sus consecuencias. Como podr\u00e1n observar, su comportamiento no pod\u00eda ser m\u00e1s justo. Era ante todo un adulto que pretend\u00eda que sus alumnos se comportaran como tales. Pero dentro de su mediocridad, algunos de aquellos alumnos tan concienciados con la causa, tan independientes y sufridores, demostraban que en el fondo manchaban su ropa interior ante una supuesta bronca de pap\u00e1 y mam\u00e1 por faltar a clase o una posible mala imagen ante un profesor como don Inocencio. <\/span><\/p>\n<p><span style=\"color: #000080;\"><a href=\"\/loch-lomond\/wp-content\/uploads\/sites\/10\/2012\/03\/Lisa_simpson.jpg\"><img loading=\"lazy\" class=\"alignnone size-medium wp-image-831\" title=\"Lisa_simpson\" src=\"\/loch-lomond\/wp-content\/uploads\/sites\/10\/2012\/03\/Lisa_simpson.jpg\" alt=\"\" width=\"300\" height=\"161\" srcset=\"https:\/\/static-blogs.hoy.es\/wp-content\/uploads\/sites\/10\/2012\/03\/Lisa_simpson.jpg 762w, https:\/\/static-blogs.hoy.es\/wp-content\/uploads\/sites\/10\/2012\/03\/Lisa_simpson-300x162.jpg 300w\" sizes=\"(max-width: 300px) 100vw, 300px\" \/><\/a><\/span><\/p>\n<p><span style=\"color: #000080;\">Lamentablemente la situaci\u00f3n no ha tornado a mejor, y me he ido encontrando por el camino en el mundo laboral \u201ccompa\u00f1eros\u201d como los del Instituto, quienes tras ser de los primeros que gritan \u201chuelga\u201d en las asambleas del sindicato luego son los primeros en agachar la cerviz ante la mirada de reproche de alguno de sus superiores. Tambi\u00e9n de los otros, de los pobres h\u00e9roes, que se creen de verdad que son los que cargan con los problemas de todos en forma de cruz, quienes por cierto vulneran el derecho de muchos de sus compa\u00f1eros, no respetando su derecho tambi\u00e9n inalienable de no hacer huelga. Huelga decir, y nunca mejor dicho, que para hacer huelga el d\u00eda 29 nos sobran los motivos, y no para una, sino para cincuenta, pero algunos consideramos que quiz\u00e1s no es el mejor momento ni el m\u00e1s apropiado, y como comprender\u00e1n, ya estamos muy mayorcitos para irnos a jugar a f\u00fatbol o a los recreativos como cuando \u00e9ramos adolescentes. Ahora tenemos obligaciones, y algunos consideramos que tal y como est\u00e1 la cosa una huelga no ayuda en nada a las empresas que nos pagan religiosamente a final de mes. De todas formas, esta convocatoria de huelga nunca deber\u00eda convertirse en algo personal de la empresa para con su trabajador. Tampoco entender\u00e9 nunca aquello de los piquetes informativos, que de informativos no tienen nada. Adem\u00e1s, nunca me gustaron las masas. Cuando un n\u00famero de personas a priori civilizados y normales, se unen en masa, bajo el anonimato de la muchedumbre, sacan a relucir sus bajezas m\u00e1s salvajes e incivilizadas. Este humilde articulista nunca les echar\u00e1 en cara a ustedes, mis queridos y desocupados lectores, la decisi\u00f3n que tomen respecto a la huelga general, siempre que su decisi\u00f3n sea tomada con libertad. Cada cual tiene sus importantes y nobles circunstancias. Nos sobran los motivos, ya les digo, pero a muchos les faltan un par de bemoles, y un poquito de verg\u00fcenza.<\/span><\/p>\n<p><em><span style=\"color: #000000;\">Publicado en Diario HOY el 25\/03\/2012<\/span><\/em><\/p>\n<p><em><span style=\"color: #000000;\"><a href=\"http:\/\/hoy.kioskoymas.com\/epaper\/showlink.aspx?bookmarkid=WRJ9DSTRAYP1&#038;preview=magnifier&#038;linkid=0ddb367e-ad93-4e01-9e9c-b4ae80aa5dd1&#038;pdaffid=1NEHCXDv4QZRFanP7KJR9A%3d%3d\"><img src=\"\/\/cache2-thumb1.pressdisplay.com\/pressdisplay\/docserver\/getimage.aspx?file=22012012032500000000001001&#038;page=32&#038;scale=23\" alt=\"\" \/><\/a><\/span><\/em><\/p>\n<!-- AddThis Advanced Settings generic via filter on the_content --><!-- AddThis Share Buttons generic via filter on the_content -->","protected":false},"excerpt":{"rendered":"<p>Enrique Falc\u00f3. Libre para decidir \u00a0 La palabra \u201chuelga\u201d acompa\u00f1ada o no de \u201cgeneral\u201d siempre me trae recuerdos felices de mi \u00e9poca de estudiante. No recuerdo qu\u00e9 es lo que pasar\u00eda en el 88, (ni me interesaba entonces ni mucho menos ahora) en mi cuarto curso de EGB, pero en mi cabeza se instalan im\u00e1genes [&hellip;]<!-- AddThis Advanced Settings generic via filter on get_the_excerpt --><!-- AddThis Share Buttons generic via filter on get_the_excerpt --><\/p>\n","protected":false},"author":14,"featured_media":0,"comment_status":"open","ping_status":"closed","sticky":false,"template":"","format":"standard","meta":[],"categories":[8],"tags":[138,364,1063,1106,1366,1367,1368,1515,1684,1773,1806,2502,2505,2610,3042,3046,3103,3284,3369,3573,3677,3709,4062,4711,5054,5209],"_links":{"self":[{"href":"https:\/\/blogs.hoy.es\/loch-lomond\/wp-json\/wp\/v2\/posts\/827"}],"collection":[{"href":"https:\/\/blogs.hoy.es\/loch-lomond\/wp-json\/wp\/v2\/posts"}],"about":[{"href":"https:\/\/blogs.hoy.es\/loch-lomond\/wp-json\/wp\/v2\/types\/post"}],"author":[{"embeddable":true,"href":"https:\/\/blogs.hoy.es\/loch-lomond\/wp-json\/wp\/v2\/users\/14"}],"replies":[{"embeddable":true,"href":"https:\/\/blogs.hoy.es\/loch-lomond\/wp-json\/wp\/v2\/comments?post=827"}],"version-history":[{"count":0,"href":"https:\/\/blogs.hoy.es\/loch-lomond\/wp-json\/wp\/v2\/posts\/827\/revisions"}],"wp:attachment":[{"href":"https:\/\/blogs.hoy.es\/loch-lomond\/wp-json\/wp\/v2\/media?parent=827"}],"wp:term":[{"taxonomy":"category","embeddable":true,"href":"https:\/\/blogs.hoy.es\/loch-lomond\/wp-json\/wp\/v2\/categories?post=827"},{"taxonomy":"post_tag","embeddable":true,"href":"https:\/\/blogs.hoy.es\/loch-lomond\/wp-json\/wp\/v2\/tags?post=827"}],"curies":[{"name":"wp","href":"https:\/\/api.w.org\/{rel}","templated":true}]}}