{"id":83,"date":"2010-08-17T00:01:00","date_gmt":"2010-08-16T23:01:00","guid":{"rendered":"http:\/\/blogs.hoy.es\/loch-lomond\/?p=82"},"modified":"2010-08-17T00:01:00","modified_gmt":"2010-08-16T23:01:00","slug":"vecinos-y-ruido","status":"publish","type":"post","link":"https:\/\/blogs.hoy.es\/loch-lomond\/2010\/08\/17\/vecinos-y-ruido\/","title":{"rendered":"VECINOS Y RUIDO"},"content":{"rendered":"<p><img id=img_2 src=\"\/\/linkcode.files.wordpress.com\/2008\/01\/8.jpg\"\/><\/p>\n<p class=MsoNormal style=\"MARGIN: 0cm 0cm 0pt; TEXT-ALIGN: justify\"><span style=\"FONT-SIZE: 10pt; COLOR: navy; FONT-FAMILY: Verdana\">Le\u00ed ayer en la edici\u00f3n digital del Diario HOY una noticia sobre el problema que acarrean los aparatos de aires acondicionados. Sin lugar a dudas, la mayor\u00eda de \u00e9stos hacen un ruido horroroso, no lo vamos a negar. Yo mismo tengo problemas con \u00e9l, pues mi aparato est\u00e1 situado en una zona poco apropiada y a mi vecina de abajo le vibra la casa entera cuando conecto mi aire.<\/span><\/p>\n<p> <span style=\"FONT-SIZE: 10pt; COLOR: navy; FONT-FAMILY: Verdana\"><\/span> <\/p>\n<p> <span style=\"FONT-SIZE: 10pt; COLOR: navy; FONT-FAMILY: Verdana\"><\/span> <\/p>\n<p> <span style=\"FONT-SIZE: 10pt; COLOR: navy; FONT-FAMILY: Verdana\"><\/span> <\/p>\n<p> <span style=\"FONT-SIZE: 10pt; COLOR: navy; FONT-FAMILY: Verdana\"><\/span> <\/p>\n<p> <span style=\"FONT-SIZE: 10pt; COLOR: navy; FONT-FAMILY: Verdana\">< ?xml:namespace prefix = o ns = \"urn:schemas-microsoft-com:office:office\" \/><o:p><\/o:p><\/span> <\/p>\n<p class=MsoNormal style=\"MARGIN: 0cm 0cm 0pt; TEXT-ALIGN: justify\">\n<p class=MsoNormal style=\"MARGIN: 0cm 0cm 0pt; TEXT-ALIGN: justify\"><span style=\"FONT-SIZE: 10pt; COLOR: navy; FONT-FAMILY: Verdana\"><o:p><\/o:p><\/span><\/p>\n<p class=MsoNormal style=\"MARGIN: 0cm 0cm 0pt; TEXT-ALIGN: justify\"><span style=\"FONT-SIZE: 10pt; COLOR: navy; FONT-FAMILY: Verdana\">Como personas coherentes que somos, ella comprende que las altas temperaturas a las que nos somete el calor consigan que mi aparato siga funcionando a toda mecha hasta algo m\u00e1s tarde de las doce de la noche. Yo, tambi\u00e9n como persona de sentido com\u00fan procuro en la medida de lo posible no recurrir a \u00e9l cuando el calor no es la causa de mi insomnio. Lamentablemente no es \u00e9ste el \u00fanico problema de ruidos que existe en una comunidad. En los comentarios de la noticia se habla de perros o de ni\u00f1os peque\u00f1os. A mi se me ocurren muchos m\u00e1s, como los adictos al bricolage los domingos o d\u00edas de fiesta por la ma\u00f1ana, los mel\u00f3manos que escuchan m\u00fasica a todo trapo a horas inapropiadas o los \u201carrastramuebles\u201d que son un nuevo tipo de vecino que se vienen prodigando mucho en los \u00faltimos a\u00f1os, y parece ser que tienen una alarmante necesidad de arrastrar muebles a las tantas de la ma\u00f1ana.<\/span><\/p>\n<p> <span style=\"FONT-SIZE: 10pt; COLOR: navy; FONT-FAMILY: Verdana\"><\/span> <\/p>\n<p> <span style=\"FONT-SIZE: 10pt; COLOR: navy; FONT-FAMILY: Verdana\"><\/span> <\/p>\n<p> <span style=\"FONT-SIZE: 10pt; COLOR: navy; FONT-FAMILY: Verdana\"><\/span> <\/p>\n<p class=MsoNormal style=\"MARGIN: 0cm 0cm 0pt; TEXT-ALIGN: justify\">\n<p class=MsoNormal style=\"MARGIN: 0cm 0cm 0pt; TEXT-ALIGN: justify\"><span style=\"FONT-SIZE: 10pt; COLOR: navy; FONT-FAMILY: Verdana\"><\/span><\/p>\n<p class=MsoNormal style=\"MARGIN: 0cm 0cm 0pt; TEXT-ALIGN: justify\"><span style=\"FONT-SIZE: 10pt; COLOR: navy; FONT-FAMILY: Verdana\"><\/span><\/p>\n<p class=MsoNormal style=\"MARGIN: 0cm 0cm 0pt; TEXT-ALIGN: justify\"><span style=\"FONT-SIZE: 10pt; COLOR: navy; FONT-FAMILY: Verdana\"><\/span><\/p>\n<p class=MsoNormal style=\"MARGIN: 0cm 0cm 0pt; TEXT-ALIGN: justify\"><span style=\"FONT-SIZE: 10pt; COLOR: navy; FONT-FAMILY: Verdana\"><\/span><\/p>\n<p class=MsoNormal style=\"MARGIN: 0cm 0cm 0pt; TEXT-ALIGN: justify\"><span style=\"FONT-SIZE: 10pt; COLOR: navy; FONT-FAMILY: Verdana\"><\/span><\/p>\n<p class=MsoNormal style=\"MARGIN: 0cm 0cm 0pt; TEXT-ALIGN: justify\"><span style=\"FONT-SIZE: 10pt; COLOR: navy; FONT-FAMILY: Verdana\"><\/span><\/p>\n<p class=MsoNormal style=\"MARGIN: 0cm 0cm 0pt; TEXT-ALIGN: justify\"><font color=#000080 size=2><\/font><\/p>\n<p><span style=\"FONT-SIZE: 10pt; COLOR: navy; FONT-FAMILY: Verdana\"><o:p><\/o:p><\/span> <\/p>\n<p class=MsoNormal style=\"MARGIN: 0cm 0cm 0pt; TEXT-ALIGN: justify\">\n<p class=MsoNormal style=\"MARGIN: 0cm 0cm 0pt; TEXT-ALIGN: justify\">\n<p class=MsoNormal style=\"MARGIN: 0cm 0cm 0pt; TEXT-ALIGN: justify\">\n<img id=img_3 src=\"\/\/casadiez.elle.es\/var\/plain_site\/storage\/images\/comunidad\/consultorio\/abogado\/problemas_vecinales\/12281-1-esl-ES\/problemas_vecinales_articulo_portrait.jpg\"\/>\n <\/p>\n<p class=MsoNormal style=\"MARGIN: 0cm 0cm 0pt; TEXT-ALIGN: justify\">\n<p class=MsoNormal style=\"MARGIN: 0cm 0cm 0pt; TEXT-ALIGN: justify\">\n<p class=MsoNormal style=\"MARGIN: 0cm 0cm 0pt; TEXT-ALIGN: justify\">\n<p class=MsoNormal style=\"MARGIN: 0cm 0cm 0pt; TEXT-ALIGN: justify\">\n<p class=MsoNormal style=\"MARGIN: 0cm 0cm 0pt; TEXT-ALIGN: justify\">\n<p class=MsoNormal style=\"MARGIN: 0cm 0cm 0pt; TEXT-ALIGN: justify\">\n<p class=MsoNormal style=\"MARGIN: 0cm 0cm 0pt; TEXT-ALIGN: justify\">\n<p class=MsoNormal style=\"MARGIN: 0cm 0cm 0pt; TEXT-ALIGN: justify\">\n<p class=MsoNormal style=\"MARGIN: 0cm 0cm 0pt; TEXT-ALIGN: justify\">\n<p class=MsoNormal style=\"MARGIN: 0cm 0cm 0pt; TEXT-ALIGN: justify\"><span style=\"FONT-SIZE: 10pt; COLOR: navy; FONT-FAMILY: Verdana\">Independientemente de cual sea la causa del ruido, hay que entender que vivir en comunidad es dif\u00edcil, muy dif\u00edcil. Si ya es harto complicado vivir con tus padres y hermanos, o con tu pareja, cuanto m\u00e1s con gente a la que no conoces y con la que no siempre tienes una relaci\u00f3n de amistad. A\u00fan as\u00ed hay que hacer un esfuerzo, y hay momentos y ocasiones en las que hay que ceder o ponerte en la piel de tu vecino. Si todos actuamos con cordialidad, respeto, educaci\u00f3n y sentido com\u00fan, estoy convencido de que los vecinos que cohabitamos en comunidad conseguiremos ser m\u00e1s felices durante nuestra estancia en un determinado piso. Mi vecina de abajo hay veces que se quejar\u00e1 de que mi aparato de aire no la deja dormir, pero seguro que si nuestra relaci\u00f3n es cordial, se aguantar\u00e1 si estamos en alerta naranja, ya que yo no me quejo cuando su perro me fastidia la siesta, porque tengo que entender que los perros no son personas y no se les puede explicar que tienen que estar callados cuando van a salir. Mis vecinos de enfrente tienen ni\u00f1os peque\u00f1os, y a veces hacen ruido, pero yo me aguanto, porque cuando mis amigos vienen a casa y nos estamos hasta las tantas en mi sal\u00f3n bebiendo y armando jaleo ellos no dicen ni mu. Son s\u00f3lo algunos ejemplos de lo que debe ser una relaci\u00f3n cordial entre vecinos. Yo siempre intento ponerme en el lugar del otro, porque estoy convencido de que aguantarme a m\u00ed tiene que ser un verdadero co\u00f1azo\u2026para los vecinos tambi\u00e9n.<\/span><\/p>\n<p> <span style=\"FONT-SIZE: 10pt; COLOR: navy; FONT-FAMILY: Verdana\"><\/span> <\/p>\n<p> <span style=\"FONT-SIZE: 10pt; COLOR: navy; FONT-FAMILY: Verdana\"><\/span> <\/p>\n<p> <span style=\"FONT-SIZE: 10pt; COLOR: navy; FONT-FAMILY: Verdana\"><\/span> <\/p>\n<p> <span style=\"FONT-SIZE: 10pt; COLOR: navy; FONT-FAMILY: Verdana\"><\/span> <\/p>\n<p> <span style=\"FONT-SIZE: 10pt; COLOR: navy; FONT-FAMILY: Verdana\"><\/span> <\/p>\n<p> <span style=\"FONT-SIZE: 10pt; COLOR: navy; FONT-FAMILY: Verdana\"><\/span> <\/p>\n<p> <span style=\"FONT-SIZE: 10pt; COLOR: navy; FONT-FAMILY: Verdana\"><o:p><\/o:p><\/span> <\/p>\n<p class=MsoNormal style=\"MARGIN: 0cm 0cm 0pt; TEXT-ALIGN: justify\">\n<p class=MsoNormal style=\"MARGIN: 0cm 0cm 0pt; TEXT-ALIGN: justify\"><span style=\"FONT-SIZE: 10pt; COLOR: navy; FONT-FAMILY: Verdana\"><o:p><\/o:p><\/span><\/p>\n<p><span style=\"FONT-SIZE: 10pt; COLOR: navy; FONT-FAMILY: Verdana; mso-fareast-font-family: 'Times New Roman'; mso-bidi-font-family: 'Times New Roman'; mso-fareast-language: ES-TRAD; mso-ansi-language: ES-TRAD; mso-bidi-language: AR-SA\">Ya saben: Civismo, respeto, educaci\u00f3n, sentido com\u00fan, empat\u00eda, y sobre todo buena voluntad.<\/span><\/p>\n<!-- AddThis Advanced Settings generic via filter on the_content --><!-- AddThis Share Buttons generic via filter on the_content -->","protected":false},"excerpt":{"rendered":"<p>Le\u00ed ayer en la edici\u00f3n digital del Diario HOY una noticia sobre el problema que acarrean los aparatos de aires acondicionados. Sin lugar a dudas, la mayor\u00eda de \u00e9stos hacen un ruido horroroso, no lo vamos a negar. Yo mismo tengo problemas con \u00e9l, pues mi aparato est\u00e1 situado en una zona poco apropiada y [&hellip;]<!-- AddThis Advanced Settings generic via filter on get_the_excerpt --><!-- AddThis Share Buttons generic via filter on get_the_excerpt --><\/p>\n","protected":false},"author":14,"featured_media":0,"comment_status":"open","ping_status":"closed","sticky":false,"template":"","format":"standard","meta":[],"categories":[5],"tags":[340,1012,1119,1515,1576,1767,1806,3103,3674,4017,4440,4532,5180],"_links":{"self":[{"href":"https:\/\/blogs.hoy.es\/loch-lomond\/wp-json\/wp\/v2\/posts\/83"}],"collection":[{"href":"https:\/\/blogs.hoy.es\/loch-lomond\/wp-json\/wp\/v2\/posts"}],"about":[{"href":"https:\/\/blogs.hoy.es\/loch-lomond\/wp-json\/wp\/v2\/types\/post"}],"author":[{"embeddable":true,"href":"https:\/\/blogs.hoy.es\/loch-lomond\/wp-json\/wp\/v2\/users\/14"}],"replies":[{"embeddable":true,"href":"https:\/\/blogs.hoy.es\/loch-lomond\/wp-json\/wp\/v2\/comments?post=83"}],"version-history":[{"count":0,"href":"https:\/\/blogs.hoy.es\/loch-lomond\/wp-json\/wp\/v2\/posts\/83\/revisions"}],"wp:attachment":[{"href":"https:\/\/blogs.hoy.es\/loch-lomond\/wp-json\/wp\/v2\/media?parent=83"}],"wp:term":[{"taxonomy":"category","embeddable":true,"href":"https:\/\/blogs.hoy.es\/loch-lomond\/wp-json\/wp\/v2\/categories?post=83"},{"taxonomy":"post_tag","embeddable":true,"href":"https:\/\/blogs.hoy.es\/loch-lomond\/wp-json\/wp\/v2\/tags?post=83"}],"curies":[{"name":"wp","href":"https:\/\/api.w.org\/{rel}","templated":true}]}}