{"id":835,"date":"2012-03-31T00:57:32","date_gmt":"2012-03-30T23:57:32","guid":{"rendered":"http:\/\/blogs.hoy.es\/loch-lomond\/?p=835"},"modified":"2012-03-31T00:57:32","modified_gmt":"2012-03-30T23:57:32","slug":"ausencias-traumas-y-gratitud","status":"publish","type":"post","link":"https:\/\/blogs.hoy.es\/loch-lomond\/2012\/03\/31\/ausencias-traumas-y-gratitud\/","title":{"rendered":"Ausencias, traumas y gratitud"},"content":{"rendered":"<p>&nbsp;<\/p>\n<div id=\"attachment_837\" style=\"width: 489px\" class=\"wp-caption alignnone\"><a href=\"\/loch-lomond\/wp-content\/uploads\/sites\/10\/2012\/03\/Portada-Don-de-Loch-Lomond.jpg\"><img aria-describedby=\"caption-attachment-837\" loading=\"lazy\" class=\"size-full wp-image-837\" title=\"Portada Don de Loch Lomond\" src=\"\/loch-lomond\/wp-content\/uploads\/sites\/10\/2012\/03\/Portada-Don-de-Loch-Lomond.jpg\" alt=\"Enrique Falc\u00f3. Don de Loch Lomond (El libro del a\u00f1o que no deben perderse)\" width=\"479\" height=\"720\" srcset=\"https:\/\/static-blogs.hoy.es\/wp-content\/uploads\/sites\/10\/2012\/03\/Portada-Don-de-Loch-Lomond.jpg 479w, https:\/\/static-blogs.hoy.es\/wp-content\/uploads\/sites\/10\/2012\/03\/Portada-Don-de-Loch-Lomond-200x300.jpg 200w\" sizes=\"(max-width: 479px) 100vw, 479px\" \/><\/a><p id=\"caption-attachment-837\" class=\"wp-caption-text\">Enrique Falc\u00f3. Don de Loch Lomond (El libro del a\u00f1o que no deben perderse)<\/p><\/div>\n<p>&nbsp;<\/p>\n<p><span style=\"color: #000080; font-size: medium;\">El pasado mi\u00e9rcoles 28, en el Sal\u00f3n M\u00e9rida, del <a title=\"Gran Hotel Casino de Extremadura\" href=\"http:\/\/www.orenesgrupo.com\/casinos\/extremadura\/index.html#\" target=\"_blank\">Gran Hotel Casino de Extremadura<\/a>(Badajoz), experiment\u00e9 un sin fin de sensaciones. Emociones varias que ahora, <\/span><span style=\"color: #000080; font-size: medium;\">tras la ansiada calma que esta vez no precede a la m\u00e1s horrenda de las batallas, reposan y maduran en mi incontenible sesera, cada vez menos inquieta y voraz, afortunadamente al contrario que tras las \u00faltimas jornadas regadas de estr\u00e9s, <\/span><span style=\"color: #000080; font-size: medium;\">tensi\u00f3n e incertidumbre. El pasado mi\u00e9rcoles, en la presentaci\u00f3n de \u201cDon de Loch Lomond\u201d, mi primer libro, se produjeron ausencias significativas, algunas comprensibles y otras no tanto. Las que menos me importaron fueron las de la<\/span><br \/>\n<span style=\"color: #000080; font-size: medium;\"> mayor\u00eda de medios de comunicaci\u00f3n que hicieron caso omiso a la convocatoria que<\/span><br \/>\n<span style=\"font-size: medium;\"> <span style=\"color: #000080;\"> con tanta ilusi\u00f3n prodigamos el menda y el departamento comercial del Gran <\/span><span style=\"color: #000080;\">Hotel Casino de Extremadura (cuyos comerciales, personal de direcci\u00f3n y <\/span><span style=\"color: #000080;\">empleados actuaron impecablemente y con gran diligencia) en tan importante acto <\/span><span style=\"color: #000080;\">para quien suscribe, quiz\u00e1s y es justo se\u00f1alarlo, porque <a title=\"Enrique Falc\u00f3 en ABC PUNTO RADIO BADAJOZ\" href=\"http:\/\/www.goear.com\/listen\/d449fde\/entrevista-abc-puntoradio-enrique-falco\" target=\"_blank\"><span style=\"color: #000080;\">la cobertura<\/span><\/a> prestada <\/span><span style=\"color: #000080;\">a la promoci\u00f3n del evento s\u00ed que fue seguida en su totalidad por casi todas las <\/span><span style=\"color: #000080;\"><a title=\"Enrique Falc\u00f3 entrevista Cadena Cope\" href=\"http:\/\/www.goear.com\/listen\/9270fb7\/enrique-falco-cope-enrique-falco-\" target=\"_blank\"><span style=\"color: #000080;\">emisoras locales<\/span><\/a>\u00a0y especialmente por <a title=\"Enrique Falc\u00f3 en HOY\" href=\"http:\/\/www.hoy.es\/v\/20120328\/sociedad\/ahora-llaman-generacion-cangrejo-20120328.html\" target=\"_blank\"><span style=\"color: #000080;\">Diario HOY<\/span><\/a>.<\/span><\/span><\/p>\n<p>&nbsp;<\/p>\n<div id=\"attachment_840\" style=\"width: 310px\" class=\"wp-caption alignnone\"><span style=\"font-size: medium;\"><a href=\"\/loch-lomond\/wp-content\/uploads\/sites\/10\/2012\/03\/Enrique-Falc\u00f3-Y-Rebeca-Porras-ABC-PUNTO-RADIO-BADAJOZ.jpg\"><img aria-describedby=\"caption-attachment-840\" loading=\"lazy\" class=\"size-medium wp-image-840\" title=\"Enrique Falc\u00f3 y Rebeca Porras ABC PUNTO RADIO BADAJOZ\" src=\"\/loch-lomond\/wp-content\/uploads\/sites\/10\/2012\/03\/Enrique-Falc\u00f3-Y-Rebeca-Porras-ABC-PUNTO-RADIO-BADAJOZ.jpg\" alt=\"Enrique Falc\u00f3 y Rebeca Porras ABC PUNTO RADIO BADAJOZ\" width=\"300\" height=\"225\" srcset=\"https:\/\/static-blogs.hoy.es\/wp-content\/uploads\/sites\/10\/2012\/03\/Enrique-Falc\u00f3-Y-Rebeca-Porras-ABC-PUNTO-RADIO-BADAJOZ.jpg 720w, https:\/\/static-blogs.hoy.es\/wp-content\/uploads\/sites\/10\/2012\/03\/Enrique-Falc\u00f3-Y-Rebeca-Porras-ABC-PUNTO-RADIO-BADAJOZ-300x225.jpg 300w\" sizes=\"(max-width: 300px) 100vw, 300px\" \/><\/a><\/span><p id=\"caption-attachment-840\" class=\"wp-caption-text\">Enrique Falc\u00f3 y Rebeca Porras ABC PUNTO RADIO BADAJOZ<\/p><\/div>\n<p>&nbsp;<\/p>\n<p><span style=\"font-size: medium;\"><span style=\"color: #000080;\">Est\u00e1 claro que con la que est\u00e1 <\/span><span style=\"color: #000080;\">cayendo a casi nadie parece importarle que un joven extreme\u00f1o se atreva con la <\/span><span style=\"color: #000080;\">letra impresa, algo que, precisamente por ello, hubiera debido ser cuanto menos <\/span><span style=\"color: #000080;\">un hecho si no trascendente al menos destacable. Quien suscribe lo asume y lo <\/span><span style=\"color: #000080;\">acata. Fueron demasiadas decepciones en el mundo musical para que nos pille de <\/span><span style=\"color: #000080;\">sorpresa que en Extremadura solo nos importan los logros de aquellos que viven <\/span><span style=\"color: #000080;\">y triunfan tras nuestras fronteras, en especial si vivieron en nuestra tierra <\/span><span style=\"color: #000080;\">en sus primeros a\u00f1os o son hijos o nietos de emigrantes extreme\u00f1os. Pero como <\/span><span style=\"color: #000080;\">ya les digo, son las que menos dolieron. Algunas ausencias se supon\u00edan evidentes, <\/span><span style=\"color: #000080;\">por un mero problema laboral, de distancia o contingencia, pero otras esperadas <\/span><span style=\"color: #000080;\">que no se produjeron atisbaron un asomo de tristeza en lo m\u00e1s profundo de mi <\/span><span style=\"color: #000080;\">coraz\u00f3n. No obstante fue el buen rollo, la alegr\u00eda m\u00e1s distendida, y la emoci\u00f3n <\/span><\/span><span style=\"color: #000080; font-size: medium;\">m\u00e1s significativa quienes se apoderaron del sencillo acto de generosidad que me <\/span><span style=\"font-size: medium;\"><span style=\"color: #000080;\">brindaron el casi centenar de personas que abarrot\u00f3 el sal\u00f3n en el que mi <\/span><span style=\"color: #000080;\">querido amigo \u201cEl poeta\u201d <a title=\"Angel Manuel G\u00f3mez Espada\" href=\"https:\/\/blogs.hoy.es\/loch-lomond\/2011\/11\/02\/angel-manuel-gomez-espada\/\" target=\"_blank\">\u00c1ngel Manuel G\u00f3mez Espada<\/a> (quien merecidamente se ha <\/span><span style=\"color: #000080;\">ganado el honor de escribir tambi\u00e9n y tan bien para ustedes cada semana en HOY, y don <\/span><span style=\"color: #000080;\"><a title=\"Pecell\u00edn y la escuela de los sue\u00f1os\" href=\"https:\/\/blogs.hoy.es\/loch-lomond\/2011\/08\/28\/pecellin-y-la-escuela-de-los-suenos\/\" target=\"_blank\">Manuel Pecell\u00edn Lancharro<\/a>, (el profesor de la escuela de los sue\u00f1os), <\/span><span style=\"color: #000080;\">desplegaron un ejercicio de generosidad hacia mi persona realmente inmerecido <\/span><span style=\"color: #000080;\">hasta para mi peque\u00f1a dosis de vanidad. <\/span><\/span><\/p>\n<p>&nbsp;<\/p>\n<div class=\"mceTemp\">\n<div id=\"attachment_838\" style=\"width: 310px\" class=\"wp-caption alignnone\"><span style=\"font-size: medium;\"><a href=\"\/loch-lomond\/wp-content\/uploads\/sites\/10\/2012\/03\/poeta-Falc\u00f3-Pecell\u00edn-DondeLochLomond.jpg\"><img aria-describedby=\"caption-attachment-838\" loading=\"lazy\" class=\"size-medium wp-image-838\" title=\"poeta Falc\u00f3 Pecell\u00edn DondeLochLomond\" src=\"\/loch-lomond\/wp-content\/uploads\/sites\/10\/2012\/03\/poeta-Falc\u00f3-Pecell\u00edn-DondeLochLomond.jpg\" alt=\"El Poeta, Falc\u00f3 y Pecell\u00edn en la presentaci\u00f3n de Don de Loch Lomond\" width=\"300\" height=\"200\" srcset=\"https:\/\/static-blogs.hoy.es\/wp-content\/uploads\/sites\/10\/2012\/03\/poeta-Falc\u00f3-Pecell\u00edn-DondeLochLomond.jpg 720w, https:\/\/static-blogs.hoy.es\/wp-content\/uploads\/sites\/10\/2012\/03\/poeta-Falc\u00f3-Pecell\u00edn-DondeLochLomond-300x200.jpg 300w\" sizes=\"(max-width: 300px) 100vw, 300px\" \/><\/a><\/span><p id=\"caption-attachment-838\" class=\"wp-caption-text\">El Poeta, Falc\u00f3 y Pecell\u00edn en la presentaci\u00f3n de Don de Loch Lomond  FOTO: Gonzalo Falc\u00f3<\/p><\/div>\n<\/div>\n<p>&nbsp;<\/p>\n<p><span style=\"font-size: medium;\"><span style=\"color: #000080;\">Siempre se cansa uno de ver en la <\/span><span style=\"color: #000080;\">televisi\u00f3n c\u00f3mo actores, m\u00fasicos, o escritores de \u00e9xito afirman que cuando leen <\/span><span style=\"color: #000080;\">alguna noticia que se refiere a ellos es como si en \u00e9sta estuvieran hablando de <\/span><span style=\"color: #000080;\">otra persona. Dicha afirmaci\u00f3n siempre me ha parecido una chorrada, pero el<\/span><span style=\"color: #000080;\">pasado mi\u00e9rcoles pude comprobar que no hay nada m\u00e1s cierto. \u201cEl poeta\u201d me <\/span><span style=\"color: #000080;\">emocion\u00f3 con su \u201cDesacato a la realidad\u201d, y Pecell\u00edn me maravill\u00f3 con su <\/span><span style=\"color: #000080;\">extraordinaria comparativa hacia la gran creaci\u00f3n de Herg\u00e9, mi querido Tint\u00edn, <\/span><span style=\"color: #000080;\">y la modesta obra de su seguro servidor.<\/span><\/span><\/p>\n<p>&nbsp;<\/p>\n<div id=\"attachment_839\" style=\"width: 234px\" class=\"wp-caption alignnone\"><a href=\"\/loch-lomond\/wp-content\/uploads\/sites\/10\/2012\/03\/Falc\u00f3-firmando-DondeLochLomond.jpg\"><img aria-describedby=\"caption-attachment-839\" loading=\"lazy\" class=\"size-medium wp-image-839\" title=\"Falc\u00f3 firmando DondeLochLomond\" src=\"\/loch-lomond\/wp-content\/uploads\/sites\/10\/2012\/03\/Falc\u00f3-firmando-DondeLochLomond.jpg\" alt=\"Enrique Falc\u00f3 firmando ejemplares de \"Don de Loch lomond\" FOTO: Maica G\u00f3mez Quintanilla\" width=\"224\" height=\"300\" srcset=\"https:\/\/static-blogs.hoy.es\/wp-content\/uploads\/sites\/10\/2012\/03\/Falc\u00f3-firmando-DondeLochLomond.jpg 717w, https:\/\/static-blogs.hoy.es\/wp-content\/uploads\/sites\/10\/2012\/03\/Falc\u00f3-firmando-DondeLochLomond-224x300.jpg 224w\" sizes=\"(max-width: 224px) 100vw, 224px\" \/><\/a><p id=\"caption-attachment-839\" class=\"wp-caption-text\"><\/span><\/p><\/div>\n<p>&nbsp;<\/p>\n<p><span style=\"font-size: medium;\"><span style=\"color: #000080;\">Pero no podemos <\/span><span style=\"color: #000080;\">olvidarnos de los traumas, que tambi\u00e9n se produjeron en momentos tan felices. Parece <\/span><span style=\"color: #000080;\">mentira como en instantes tan dichosos pueden asomar sombras del pasado que <\/span><span style=\"color: #000080;\">vengan a recordarnos aquello de que nada ni nadie es perfecto ni completamente <\/span><span style=\"color: #000080;\">feliz. Ustedes ya me conocen.\u00a0No suelo <\/span><span style=\"color: #000080;\">ostentar complejo alguno, pero ya reconoc\u00ed en su d\u00eda en las p\u00e1ginas de esta <\/span><span style=\"color: #000080;\">misma Tribuna, y recientemente en la introducci\u00f3n de mi libro, que la <\/span><span style=\"color: #000080;\"><a title=\"Caligraf\u00eda\" href=\"https:\/\/blogs.hoy.es\/loch-lomond\/2010\/08\/22\/caligrafia\/\" target=\"_blank\">caligraf\u00eda<\/a> (habr\u00eda que recordar que tambi\u00e9n el dibujo) es uno de los traumas q<\/span><span style=\"color: #000080;\">ue jam\u00e1s consegu\u00ed superar. A\u00fan recuerdo aquel paso importante en la vida que <\/span><span style=\"color: #000080;\">se produc\u00eda en segundo de EGB. El del l\u00e1piz al bol\u00edgrafo. Paso, dicho sea de <\/span><span style=\"color: #000080;\">paso y paso a recordar, que este humilde articulista y bloguero pudo dar <\/span><span style=\"color: #000080;\">especialmente por la generosidad y bendita l\u00e1stima que despert\u00f3 a su \u201cse\u00f1o\u201d <\/span><span style=\"color: #000080;\">do\u00f1a Loli M\u00e1rquez, que observaba como uno de sus alumnos m\u00e1s brillantes en <\/span><span style=\"color: #000080;\">tantas otras facetas se ve\u00eda relegado a la \u00faltima posici\u00f3n en algo que entonces <\/span><span style=\"color: #000080;\">era tan importante como la buena letra. Siento a\u00fan la tristeza en mi cuerpo <\/span><\/span><span style=\"color: #000080; font-size: medium;\">serrano al recordar a mi amigo <a title=\"Adolfo Campini\" href=\"https:\/\/blogs.hoy.es\/loch-lomond\/2011\/10\/21\/adolfo-portillo-campini\/\" target=\"_blank\">Adolfo Campini<\/a>\u00a0celebrando su paso al n\u00famero 6 de los <\/span><span style=\"font-size: medium;\"><span style=\"color: #000080;\">cuadernillos \u201cRubio\u201d de caligraf\u00eda mientras el menda se ve\u00eda obligado a comprar <\/span><span style=\"color: #000080;\">por en\u00e9sima vez el n\u00famero dos. El progreso siempre llegar tarde pero llega, y <\/span><span style=\"color: #000080;\">desde que la utilizaci\u00f3n del ordenador se impuso al bol\u00edgrafo, jam\u00e1s pens\u00e9 que <\/span><span style=\"color: #000080;\">tuviera que enfrentarme a los fantasmas del pasado como el d\u00eda de la <\/span><span style=\"color: #000080;\">presentaci\u00f3n, donde todos los amigos que adquirieron el casi centenar de libros <\/span><span style=\"color: #000080;\">(pr\u00e1cticamente cada asistente tuvo la feliz ocurrencia de comprar un ejemplar) <\/span><span style=\"color: #000080;\">pretend\u00edan que el autor honrara sus p\u00e1ginas dedic\u00e1ndoles unas breves palabras. <\/span><span style=\"color: #000080;\">Algo muy usual e inocente, que para m\u00ed torn\u00f3 a pesadilla. Aun as\u00ed me enfrent\u00e9 <\/span><span style=\"color: #000080;\">valientemente al problema, pues Luis Nogales, el director del Casino, me ayud\u00f3 <\/span><span style=\"color: #000080;\">a restar transcendencia al problema d\u00edas antes, insistiendo en que si el\u00a0caprichoso destino ha querido otorgarme el <\/span><span style=\"color: #000080;\">don de escribir bien, y negarme el de la ornamentaci\u00f3n gr\u00e1fica, que justo es <\/span><span style=\"color: #000080;\">que tan lamentable r\u00fabrica figure en mi libro con toda su fealdad. <\/span><\/span><\/p>\n<p>&nbsp;<\/p>\n<div id=\"attachment_841\" style=\"width: 310px\" class=\"wp-caption alignnone\"><span style=\"font-size: medium;\"><a href=\"\/loch-lomond\/wp-content\/uploads\/sites\/10\/2012\/03\/Panor\u00e1mica-Sal\u00f3n-Presentaci\u00f3n-Don-de-Loch-Lomond.jpg\"><img aria-describedby=\"caption-attachment-841\" loading=\"lazy\" class=\"size-medium wp-image-841\" title=\"Panor\u00e1mica Sal\u00f3n Presentaci\u00f3n Don de Loch Lomond\" src=\"\/loch-lomond\/wp-content\/uploads\/sites\/10\/2012\/03\/Panor\u00e1mica-Sal\u00f3n-Presentaci\u00f3n-Don-de-Loch-Lomond.jpg\" alt=\"Panor\u00e1mica Sal\u00f3n Presentaci\u00f3n Don de Loch Lomond\" width=\"300\" height=\"200\" srcset=\"https:\/\/static-blogs.hoy.es\/wp-content\/uploads\/sites\/10\/2012\/03\/Panor\u00e1mica-Sal\u00f3n-Presentaci\u00f3n-Don-de-Loch-Lomond.jpg 720w, https:\/\/static-blogs.hoy.es\/wp-content\/uploads\/sites\/10\/2012\/03\/Panor\u00e1mica-Sal\u00f3n-Presentaci\u00f3n-Don-de-Loch-Lomond-300x200.jpg 300w\" sizes=\"(max-width: 300px) 100vw, 300px\" \/><\/a><\/span><p id=\"caption-attachment-841\" class=\"wp-caption-text\">Panor\u00e1mica Sal\u00f3n Presentaci\u00f3n Don de Loch Lomond<\/p><\/div>\n<p><span style=\"font-size: medium;\"><span style=\"color: #000080;\">Bromas <\/span><span style=\"color: #000080;\">aparte, fue divertido sentirse importante por un d\u00eda escribiendo sentidas<\/span><\/span><br \/>\n<span style=\"font-size: medium;\"> <span style=\"color: #000080;\"> dedicatorias que seguramente los afectados jam\u00e1s lograr\u00e1n descifrar. El destino <\/span><span style=\"color: #000080;\">no est\u00e1 carente de cierta iron\u00eda, ni de un poquito de mala leche, y si no que <\/span><span style=\"color: #000080;\">se lo pregunten al bueno de Ludwig van. \u00a1Pero qu\u00e9 diablos! Todo sali\u00f3 genial. <\/span><span style=\"color: #000080;\">La visita inesperada de algunos familiares, amigos y compa\u00f1eros contrarrestaron <\/span><span style=\"color: #000080;\">las sentidas ausencias y los asistentes se tomaron con buen humor lo de mi mala <\/span><span style=\"color: #000080;\">letra. Por lo tanto no es m\u00e1s que gratitud lo que quiero expresar en estas <\/span><span style=\"color: #000080;\">l\u00edneas.<\/span><\/span><\/p>\n<p><span style=\"font-size: medium;\"><span style=\"color: #000080;\">\u00a0\u00a1Por el Cetro de Otokkar! Gracias, de coraz\u00f3n. A los asistentes, a los <\/span><span style=\"color: #000080;\">que no pudieron asistir, y a usted, desocupado lector, que seguro que si no se <\/span><span style=\"color: #000080;\">ha hecho ya con un ejemplar\u00a0 de \u201cDon de <\/span><span style=\"color: #000080;\">Loch Lomond\u201d (preciosa cubierta a cargo de <a title=\"Fabulario. Empresa de dise\u00f1o gr\u00e1fico de Jes\u00fas Prudencio Gamino\" href=\"http:\/\/fabulario.com\/\" target=\"_blank\">Jes\u00fas Prudencio Gamino<\/a>)\u00a0est\u00e1 a punto de conseguirlo. Procure llevarlo siempre encima, <\/span><span style=\"color: #000080;\">acompa\u00f1ado por un bol\u00edgrafo. As\u00ed, cuando me aborden en la calle, en un <\/span><span style=\"color: #000080;\">restaurante, en la biblioteca o en mi trabajo, quien suscribe no tendr\u00e1 excusas <\/span><span style=\"color: #000080;\">para enfrentarse al trauma que el ni\u00f1o de ayer quiso dejar como herencia al <\/span><span style=\"color: #000080;\">hombre de hoy.<\/span><\/span><\/p>\n<!-- AddThis Advanced Settings generic via filter on the_content --><!-- AddThis Share Buttons generic via filter on the_content -->","protected":false},"excerpt":{"rendered":"<p>&nbsp; &nbsp; El pasado mi\u00e9rcoles 28, en el Sal\u00f3n M\u00e9rida, del Gran Hotel Casino de Extremadura(Badajoz), experiment\u00e9 un sin fin de sensaciones. Emociones varias que ahora, tras la ansiada calma que esta vez no precede a la m\u00e1s horrenda de las batallas, reposan y maduran en mi incontenible sesera, cada vez menos inquieta y voraz, [&hellip;]<!-- AddThis Advanced Settings generic via filter on get_the_excerpt --><!-- AddThis Share Buttons generic via filter on get_the_excerpt --><\/p>\n","protected":false},"author":14,"featured_media":0,"comment_status":"open","ping_status":"closed","sticky":false,"template":"","format":"standard","meta":[],"categories":[4],"tags":[134,184,264,399,400,599,645,1111,1253,1265,1371,1515,1522,1529,1698,1806,2120,2265,2303,2324,2329,2399,2513,2716,2950,3050,3202,3239,4198,4215,4530,4636,4986,5075,5171],"_links":{"self":[{"href":"https:\/\/blogs.hoy.es\/loch-lomond\/wp-json\/wp\/v2\/posts\/835"}],"collection":[{"href":"https:\/\/blogs.hoy.es\/loch-lomond\/wp-json\/wp\/v2\/posts"}],"about":[{"href":"https:\/\/blogs.hoy.es\/loch-lomond\/wp-json\/wp\/v2\/types\/post"}],"author":[{"embeddable":true,"href":"https:\/\/blogs.hoy.es\/loch-lomond\/wp-json\/wp\/v2\/users\/14"}],"replies":[{"embeddable":true,"href":"https:\/\/blogs.hoy.es\/loch-lomond\/wp-json\/wp\/v2\/comments?post=835"}],"version-history":[{"count":0,"href":"https:\/\/blogs.hoy.es\/loch-lomond\/wp-json\/wp\/v2\/posts\/835\/revisions"}],"wp:attachment":[{"href":"https:\/\/blogs.hoy.es\/loch-lomond\/wp-json\/wp\/v2\/media?parent=835"}],"wp:term":[{"taxonomy":"category","embeddable":true,"href":"https:\/\/blogs.hoy.es\/loch-lomond\/wp-json\/wp\/v2\/categories?post=835"},{"taxonomy":"post_tag","embeddable":true,"href":"https:\/\/blogs.hoy.es\/loch-lomond\/wp-json\/wp\/v2\/tags?post=835"}],"curies":[{"name":"wp","href":"https:\/\/api.w.org\/{rel}","templated":true}]}}