{"id":851,"date":"2012-04-08T16:28:52","date_gmt":"2012-04-08T15:28:52","guid":{"rendered":"http:\/\/blogs.hoy.es\/loch-lomond\/?p=851"},"modified":"2012-04-08T16:28:52","modified_gmt":"2012-04-08T15:28:52","slug":"tambores-de-melancolia","status":"publish","type":"post","link":"https:\/\/blogs.hoy.es\/loch-lomond\/2012\/04\/08\/tambores-de-melancolia\/","title":{"rendered":"Tambores de melancol\u00eda"},"content":{"rendered":"<p>Enrique Falc\u00f3. Nost\u00e1lgico Semanasantero<\/p>\n<p><a href=\"\/loch-lomond\/wp-content\/uploads\/sites\/10\/2012\/04\/tambores-de-melancol\u00eda.jpg\"><img loading=\"lazy\" class=\"alignnone size-full wp-image-853\" title=\"tambores de melancol\u00eda\" src=\"\/loch-lomond\/wp-content\/uploads\/sites\/10\/2012\/04\/tambores-de-melancol\u00eda.jpg\" alt=\"\" width=\"400\" height=\"300\" srcset=\"https:\/\/static-blogs.hoy.es\/wp-content\/uploads\/sites\/10\/2012\/04\/tambores-de-melancol\u00eda.jpg 400w, https:\/\/static-blogs.hoy.es\/wp-content\/uploads\/sites\/10\/2012\/04\/tambores-de-melancol\u00eda-300x225.jpg 300w\" sizes=\"(max-width: 400px) 100vw, 400px\" \/><\/a><\/p>\n<p>&nbsp;<\/p>\n<p><span style=\"color: #000080;\">Parece mentira que tras dos a\u00f1os y medio a\u00fan no me haya atrevido con<\/span><br \/>\n<span style=\"color: #000080;\"> un tema tan recurrente como la Semana Santa.\u00a0 Como me define mi padre en el pr\u00f3logo de mi libro, \u201cDon de Loch Lomond\u201d,el menda es un captador de esencias, y siendo tan celebrado acontecimientoportador de buena parte de esas esencias, recurro hoy a ellas para compartircon todos ustedes, mis queridos y desocupados lectores, mis recuerdos de tan memorables fechas.<\/span><\/p>\n<p><span style=\"color: #000080;\">Las esencias de tan particular semana anidan innumerables<\/span><br \/>\n<span style=\"color: #000080;\"> recuerdos, como es habitual en mi sesera, y como bien podr\u00e1n imaginar van<\/span><br \/>\n<span style=\"color: #000080;\"> bastante m\u00e1s all\u00e1 que el olor a cera y a incienso, que tanto me gustan. Ya<\/span><br \/>\n<span style=\"color: #000080;\"> saben de mi fascinaci\u00f3n por los olores (no digamos ya los sabores), a los que<\/span><br \/>\n<span style=\"color: #000080;\"> podemos recurrir en cualquier situaci\u00f3n para despertar nuestros dormidos<\/span><br \/>\n<span style=\"color: #000080;\"> recuerdos y viajar a diferentes etapas y momentos de nuestra vida. Las Semanas<\/span><br \/>\n<span style=\"color: #000080;\"> Santas de Badajoz me huelen y saben a lo mismo que a la gran mayor\u00eda de los<\/span><br \/>\n<span style=\"color: #000080;\"> ni\u00f1os criados en esta bendita ciudad, Badajoz, en los a\u00f1os 80. A bocatas de<\/span><br \/>\n<span style=\"color: #000080;\"> calamares del Kiosco de San Francisco, devorados con el mismo fervor que las<\/span><br \/>\n<span style=\"color: #000080;\"> saetas de fondo que siempre cantaban a la altura de la Plaza Minayo, otorgando<\/span><br \/>\n<span style=\"color: #000080;\"> al evento una propia e inolvidable banda sonora. Es curioso, pero siempre que<\/span><br \/>\n<span style=\"color: #000080;\"> como un bocadillo de calamares me acuerdo de la Semana Santa, y viceversa. Aunque<\/span><br \/>\n<span style=\"color: #000080;\"> para ser justos, si existe un escenario que pueda enmarcar de manera magistral<\/span><br \/>\n<span style=\"color: #000080;\"> mis recuerdos sobre la Semana Santa, ese es sin duda el pueblo m\u00e1s bonito del<\/span><br \/>\n<span style=\"color: #000080;\"> mundo, y el m\u00e1s especial para quien suscribe: Jerez de los Caballeros.<\/span><\/p>\n<p><span style=\"color: #000080;\"><a href=\"\/loch-lomond\/wp-content\/uploads\/sites\/10\/2012\/04\/Jerez-de-los-Caballeros.jpg\"><img loading=\"lazy\" class=\"alignnone size-full wp-image-854\" title=\"Jerez de los Caballeros\" src=\"\/loch-lomond\/wp-content\/uploads\/sites\/10\/2012\/04\/Jerez-de-los-Caballeros.jpg\" alt=\"\" width=\"299\" height=\"400\" srcset=\"https:\/\/static-blogs.hoy.es\/wp-content\/uploads\/sites\/10\/2012\/04\/Jerez-de-los-Caballeros.jpg 299w, https:\/\/static-blogs.hoy.es\/wp-content\/uploads\/sites\/10\/2012\/04\/Jerez-de-los-Caballeros-224x300.jpg 224w\" sizes=\"(max-width: 299px) 100vw, 299px\" \/><\/a><\/span><\/p>\n<p><span style=\"color: #000080;\">Partimos de la base que a todos los ni\u00f1os nos privaba la Semana Santa,<\/span><br \/>\n<span style=\"color: #000080;\"> (semana y media m\u00e1s bien, como cantaban Los Murallitas en los Carnavales del<\/span><br \/>\n<span style=\"color: #000080;\"> 2011 refiri\u00e9ndose a las vacaciones de los maestros). Eran unos d\u00edas de asueto<\/span><br \/>\n<span style=\"color: #000080;\"> formidables a mitad de curso, entre las navidades y el verano. Pasaba la<\/span><br \/>\n<span style=\"color: #000080;\"> mayor\u00eda de vacaciones en la casa de mi abuela, en la calle Flecha Negra n\u00famero<\/span><br \/>\n<span style=\"color: #000080;\"> 4, en la subida a la Plaza de Abastos, ese m\u00e1gico lugar donde ensayaban \u201clos<\/span><br \/>\n<span style=\"color: #000080;\"> flechas\u201d y a donde quien suscribe corr\u00eda junto con su amigo Chema para ver y<\/span><br \/>\n<span style=\"color: #000080;\"> escuchar aquellos tambores que me volv\u00edan loco. Tambores y m\u00e1s tambores. Que me<\/span><br \/>\n<span style=\"color: #000080;\"> perdonen los m\u00e1s devotos, pero a eso suena la Semana Santa en mi coraz\u00f3n, y<\/span><br \/>\n<span style=\"color: #000080;\"> nunca ha existido nada que me importara m\u00e1s. No me perd\u00eda una procesi\u00f3n, aunque<\/span><br \/>\n<span style=\"color: #000080;\"> ya imaginan que como el ni\u00f1o que era, hac\u00eda caso omiso a la belleza y<\/span><br \/>\n<span style=\"color: #000080;\"> majestuosidad de los Pasos. Me interesaba y sobre todo, me emocionaba esa<\/span><br \/>\n<span style=\"color: #000080;\"> m\u00fasica, esas marchas, esos tambores que sent\u00eda tan cerca y que se mezclaban<\/span><br \/>\n<span style=\"color: #000080;\"> m\u00e1gicamente con las trompetas. M\u00fasica celestial para mis o\u00eddos.<\/span><\/p>\n<p><span style=\"color: #000080;\">No conozco un lugar donde la Semana Santa se celebre tan<\/span><br \/>\n<span style=\"color: #000080;\"> profundamente. Han le\u00eddo bien. En Jerez de los Caballeros lo que menos importa<\/span><br \/>\n<span style=\"color: #000080;\"> es la devoci\u00f3n o el fervor religioso. Las tradiciones mandan, y una cosa no ha<\/span><br \/>\n<span style=\"color: #000080;\"> de estar re\u00f1ida con la otra. Todos los ni\u00f1os quer\u00edamos ser flechas, o<\/span><br \/>\n<span style=\"color: #000080;\"> nazarenos, y portar el Domingo de Resurrecci\u00f3n los peque\u00f1os pasos de Mar\u00eda<\/span><br \/>\n<span style=\"color: #000080;\"> Magdalena, San Juan y San Pedro, quienes en La Fuente de los Santos corr\u00edan<\/span><br \/>\n<span style=\"color: #000080;\"> para avisar a Nuestra Se\u00f1ora del Rosario de la resurrecci\u00f3n del Cristo<\/span><br \/>\n<span style=\"color: #000080;\"> Resucitado.<\/span><\/p>\n<p><span style=\"color: #000080;\"><a href=\"\/loch-lomond\/wp-content\/uploads\/sites\/10\/2012\/04\/jerez_caballeros_fortaleza_templaria.jpg\"><img loading=\"lazy\" class=\"alignnone size-full wp-image-855\" title=\"_jerez_caballeros_fortaleza_templaria\" src=\"\/loch-lomond\/wp-content\/uploads\/sites\/10\/2012\/04\/jerez_caballeros_fortaleza_templaria.jpg\" alt=\"\" width=\"390\" height=\"258\" srcset=\"https:\/\/static-blogs.hoy.es\/wp-content\/uploads\/sites\/10\/2012\/04\/jerez_caballeros_fortaleza_templaria.jpg 390w, https:\/\/static-blogs.hoy.es\/wp-content\/uploads\/sites\/10\/2012\/04\/jerez_caballeros_fortaleza_templaria-300x198.jpg 300w\" sizes=\"(max-width: 390px) 100vw, 390px\" \/><\/a><\/span><\/p>\n<p><span style=\"color: #000080;\">Ser flecha, si no se resid\u00eda en el pueblo se antojaba muy dif\u00edcil, por<\/span><br \/>\n<span style=\"color: #000080;\"> el problema de los ensayos y las reuniones. As\u00ed que me contentaba con salir en<\/span><br \/>\n<span style=\"color: #000080;\"> Martes Santo de Nazareno en la Cofrad\u00eda de Nuestra Se\u00f1ora del Rosario, a cuyo<\/span><br \/>\n<span style=\"color: #000080;\"> templo, la Iglesia de San Miguel, acud\u00eda muchas ma\u00f1anas para ayudar a colocar<\/span><br \/>\n<span style=\"color: #000080;\"> las flores o para hacer peque\u00f1os recados. En la puerta de la Iglesia nos<\/span><br \/>\n<span style=\"color: #000080;\"> reun\u00edamos toda la chiquiller\u00eda y nos divert\u00edamos con juegos tan imposibles y<\/span><br \/>\n<span style=\"color: #000080;\"> divertidos como olvidados. Tres a\u00f1os seguidos sal\u00ed en la procesi\u00f3n, que<\/span><br \/>\n<span style=\"color: #000080;\"> popularmente era conocida como \u201cLa del Silencio\u201d, ya que la iron\u00eda del destino<\/span><br \/>\n<span style=\"color: #000080;\"> quiso que saliera en la \u00fanica procesi\u00f3n a la que no acompa\u00f1aban los tambores<\/span><br \/>\n<span style=\"color: #000080;\"> que tanto me privaban. Pero era muy divertido y emocionante enfundarte el<\/span><br \/>\n<span style=\"color: #000080;\"> capirote, y escuchar como te llamaban los amigos, deseosos de que levantaras la<\/span><br \/>\n<span style=\"color: #000080;\"> mano para saludarlos cuando iban susurrando tu nombre a medida que comenzaban a aparecer los nazarenos por las diferentes calles del pueblo. Era tal la<\/span><br \/>\n<span style=\"color: #000080;\"> expectaci\u00f3n que se apoderaba de mi cuerpo el d\u00eda de salir en procesi\u00f3n que me<\/span><br \/>\n<span style=\"color: #000080;\"> enfundaba el capirote como unas 4 horas antes de comenzar, y as\u00ed, de tanto<\/span><br \/>\n<span style=\"color: #000080;\"> tener la cabeza tapada, el tercer a\u00f1o me dio una lipotimia en mitad de la<\/span><br \/>\n<span style=\"color: #000080;\"> procesi\u00f3n de la que se habl\u00f3 largo y tendido en el pueblo. Quiz\u00e1s fue esa y no<\/span><br \/>\n<span style=\"color: #000080;\"> otra la causa de que jam\u00e1s volviera a vestirme de nazareno. Pero nunca olvidar\u00e9<\/span><br \/>\n<span style=\"color: #000080;\"> los bellos recuerdos de Jerez de los Caballeros y su Semana Santa, tan especiales<\/span><br \/>\n<span style=\"color: #000080;\"> en mi coraz\u00f3n y memoria. Existen a quienes la Semana Santa molesta<\/span><br \/>\n<span style=\"color: #000080;\"> especialmente, y hablan de un \u201cnoveleo\u201d o una doble moral que efectivamente<\/span><br \/>\n<span style=\"color: #000080;\"> puede existir. \u00bfPero a qui\u00e9n le importa la devoci\u00f3n o el fervor religioso<\/span><br \/>\n<span style=\"color: #000080;\"> cuando hablamos de tradiciones? Lamentablemente esas Semanas Santas ya no<\/span><br \/>\n<span style=\"color: #000080;\"> volver\u00e1n, y hoy en d\u00eda, a causa de mi trabajo, ni siquiera todos los a\u00f1os puedo<\/span><br \/>\n<span style=\"color: #000080;\"> disfrutar como festivos el Jueves y el Viernes Santo, por lo que no son ya tan<\/span><br \/>\n<span style=\"color: #000080;\"> especiales. Aunque les confieso que a d\u00eda de hoy, a mis 33 a\u00f1os, no puedo<\/span><br \/>\n<span style=\"color: #000080;\"> evitar emocionarme cuando adivino los primeros sonidos de los tambores en<\/span><br \/>\n<span style=\"color: #000080;\"> fechas tan se\u00f1aladas, y parece que vuelvo a verme subir con mis pantalones<\/span><br \/>\n<span style=\"color: #000080;\"> cortos y los churretes de sudor, corriendo la cuesta de la Plaza de Abastos de<\/span><br \/>\n<span style=\"color: #000080;\"> Jerez de los Caballeros en busca de aquellos redobles de ensue\u00f1o de ayer, que<\/span><br \/>\n<span style=\"color: #000080;\"> hoy han tornado a tambores de dulce melancol\u00eda.<\/span><\/p>\n<p><span style=\"color: #000000;\"><em>Publicado en Diario HOY el 08\/04\/2012<\/em><\/span><\/p>\n<p><a href=\"http:\/\/hoy.kioskoymas.com\/epaper\/showlink.aspx?bookmarkid=84RAC5QK7VY4&#038;preview=magnifier&#038;linkid=a55e9299-9df4-4afc-8469-640f93e67b35&#038;pdaffid=1NEHCXDv4QZRFanP7KJR9A%3d%3d\"><img src=\"\/\/cache2-thumb1.pressdisplay.com\/pressdisplay\/docserver\/getimage.aspx?file=22012012040800000000001001&#038;page=30&#038;scale=23\" alt=\"\" \/><\/a><\/p>\n<!-- AddThis Advanced Settings generic via filter on the_content --><!-- AddThis Share Buttons generic via filter on the_content -->","protected":false},"excerpt":{"rendered":"<p>Enrique Falc\u00f3. Nost\u00e1lgico Semanasantero &nbsp; Parece mentira que tras dos a\u00f1os y medio a\u00fan no me haya atrevido con un tema tan recurrente como la Semana Santa.\u00a0 Como me define mi padre en el pr\u00f3logo de mi libro, \u201cDon de Loch Lomond\u201d,el menda es un captador de esencias, y siendo tan celebrado acontecimientoportador de buena [&hellip;]<!-- AddThis Advanced Settings generic via filter on get_the_excerpt --><!-- AddThis Share Buttons generic via filter on get_the_excerpt --><\/p>\n","protected":false},"author":14,"featured_media":0,"comment_status":"open","ping_status":"closed","sticky":false,"template":"","format":"standard","meta":[],"categories":[8],"tags":[437,591,715,780,786,1431,1497,1511,1515,1806,1871,2080,2132,2704,2801,2839,3054,3103,3161,3335,3358,3607,3643,3720,3727,3790,3925,4104,4229,4392,4543,4545,4571,4572,4573,4633,4869,4870,5251],"_links":{"self":[{"href":"https:\/\/blogs.hoy.es\/loch-lomond\/wp-json\/wp\/v2\/posts\/851"}],"collection":[{"href":"https:\/\/blogs.hoy.es\/loch-lomond\/wp-json\/wp\/v2\/posts"}],"about":[{"href":"https:\/\/blogs.hoy.es\/loch-lomond\/wp-json\/wp\/v2\/types\/post"}],"author":[{"embeddable":true,"href":"https:\/\/blogs.hoy.es\/loch-lomond\/wp-json\/wp\/v2\/users\/14"}],"replies":[{"embeddable":true,"href":"https:\/\/blogs.hoy.es\/loch-lomond\/wp-json\/wp\/v2\/comments?post=851"}],"version-history":[{"count":0,"href":"https:\/\/blogs.hoy.es\/loch-lomond\/wp-json\/wp\/v2\/posts\/851\/revisions"}],"wp:attachment":[{"href":"https:\/\/blogs.hoy.es\/loch-lomond\/wp-json\/wp\/v2\/media?parent=851"}],"wp:term":[{"taxonomy":"category","embeddable":true,"href":"https:\/\/blogs.hoy.es\/loch-lomond\/wp-json\/wp\/v2\/categories?post=851"},{"taxonomy":"post_tag","embeddable":true,"href":"https:\/\/blogs.hoy.es\/loch-lomond\/wp-json\/wp\/v2\/tags?post=851"}],"curies":[{"name":"wp","href":"https:\/\/api.w.org\/{rel}","templated":true}]}}