{"id":881,"date":"2012-04-21T16:06:31","date_gmt":"2012-04-21T15:06:31","guid":{"rendered":"http:\/\/blogs.hoy.es\/loch-lomond\/?p=881"},"modified":"2012-04-21T16:06:31","modified_gmt":"2012-04-21T15:06:31","slug":"un-brindis-con-loch-lomond","status":"publish","type":"post","link":"https:\/\/blogs.hoy.es\/loch-lomond\/2012\/04\/21\/un-brindis-con-loch-lomond\/","title":{"rendered":"Un brindis con LOCH LOMOND"},"content":{"rendered":"<p>El s\u00e1bado 21 de abril, se ha producido un hecho hist\u00f3rico. &#8220;<a title=\"p\u00e1gina de Don de Loch Lomond\" href=\"http:\/\/www.facebook.com\/pages\/Don-de-Loch-Lomond\/184495498334237\" target=\"_blank\">Don de Loch Lomond&#8221;<\/a> ha recibido su primera <a title=\"Un brindis con Loch Lomond\" href=\"http:\/\/raex.es\/images\/enlaces\/lib_reco.pdf\" target=\"_blank\">cr\u00edtica literaria<\/a>. Y encima \u00e9sta ha sido positiva, aunque ser\u00eda injusto no se\u00f1alar que su autor, mi querido <a title=\"don Manuel Pecell\u00edn Lancharro\" href=\"https:\/\/blogs.hoy.es\/loch-lomond\/2010\/10\/09\/don-manuel-pecellin-lancharro\/\" target=\"_blank\">don Manuel Pecell\u00edn Lancharro<\/a>,\u00a0 el profesor de <a title=\"Pecell\u00edn y la escuela de los sue\u00f1os\" href=\"https:\/\/blogs.hoy.es\/loch-lomond\/2011\/08\/28\/pecellin-y-la-escuela-de-los-suenos\/\" target=\"_blank\">la escuela de los sue\u00f1os<\/a>, quiz\u00e1s no sea todo lo imparcial\u00a0 que debiera, pero qu\u00e9 le vamos a hacer, el coraz\u00f3n tiene razones que la raz\u00f3n no entiende, y a\u00fan as\u00ed ha sido m\u00e1s generoso que de costumbre. Hoy escribe este post don Manuel Pecell\u00edn Lancharro, y lo hace en Trazos, la magn\u00edfica (aunque no suficiente) secci\u00f3n sobre libros y cultura del Diario HOY, y por su puesto tambi\u00e9n en su blog, &#8220;<a title=\"blog de Manuel Pecell\u00edn\" href=\"http:\/\/blogs.hoy.es\/libreconlibros\/\" target=\"_blank\">Libre con libros<\/a>&#8220;.<\/p>\n<p>&nbsp;<\/p>\n<p>&nbsp;<\/p>\n<div id=\"attachment_884\" style=\"width: 489px\" class=\"wp-caption alignnone\"><a href=\"\/loch-lomond\/wp-content\/uploads\/sites\/10\/2012\/04\/Portada-Don-de-Loch-Lomond.jpg\"><img aria-describedby=\"caption-attachment-884\" loading=\"lazy\" class=\"size-full wp-image-884\" title=\"Portada Don de Loch Lomond\" src=\"\/loch-lomond\/wp-content\/uploads\/sites\/10\/2012\/04\/Portada-Don-de-Loch-Lomond.jpg\" alt=\"Don de Loch Lomond. Autor: Enrique Falc\u00f3. Indugrafic. Badajoz 2012\" width=\"479\" height=\"720\" srcset=\"https:\/\/static-blogs.hoy.es\/wp-content\/uploads\/sites\/10\/2012\/04\/Portada-Don-de-Loch-Lomond.jpg 479w, https:\/\/static-blogs.hoy.es\/wp-content\/uploads\/sites\/10\/2012\/04\/Portada-Don-de-Loch-Lomond-200x300.jpg 200w\" sizes=\"(max-width: 479px) 100vw, 479px\" \/><\/a><p id=\"caption-attachment-884\" class=\"wp-caption-text\">Don de Loch Lomond. Autor: Enrique Falc\u00f3. Indugrafic. Badajoz 2012<\/p><\/div>\n<p>&nbsp;<\/p>\n<div id=\"testArtCol_a\">\n<blockquote>\n<p align=\"JUSTIFY\"><span style=\"color: #ff0000;\">Enrique Falc\u00f3 no oculta su entusiasmo por Tint\u00edn y por el capit\u00e1n Haddock, los personajes de Herg\u00e9<\/span><\/p>\n<\/blockquote>\n<p align=\"JUSTIFY\"><span style=\"color: #000080;\">Enrique Falc\u00f3 (Badajoz, 1978) dif\u00edcilmente pod\u00eda eludir la carrera literaria, como nieto, hijo y sobrino que es de periodistas y escritores. Bien demostradas tiene sus virtudes en las colaboraciones semanales y el blog que mantiene en el peri\u00f3dico HOY, sin omitir otras muchas entregadas a la revista digital \u2018<a title=\"El coloquio de los perros\" href=\"http:\/\/www.elcoloquiodelosperros.net\/\" target=\"_blank\">El coloquio de los perros<\/a>\u2019 (otro nombre cervantino en la red) o las letras de numerosas canciones por \u00e9l creadas. De los varios centenares de post publicados, ha elegido sesenta para componer esta su primera obra.<\/span><\/p>\n<p align=\"JUSTIFY\"><span style=\"color: #000080;\">Desde que los iniciase en el peri\u00f3dico regional, los leo asiduamente, admirado por el aura de juventud, frescura, actualidad y bonhom\u00eda que los impregna, sin que falte alg\u00fan mandoble contra follones y malandrines. Esos rasgos no han hecho sino incrementarse por efecto de acumulaci\u00f3n en el libro.<\/span><\/p>\n<p align=\"JUSTIFY\"><span style=\"color: #000080;\">Cin\u00e9filo, mel\u00f3mano y gastr\u00f3nomo entusiasta, diplomado en magisterio y croupier de profesi\u00f3n (no extra\u00f1ar\u00e1n los m\u00faltiples registros de sus textos) Falc\u00f3 no oculta su entusiasmo por Tint\u00edn, el famoso protagonista del c\u00f3mic que Georges Remi (Herg\u00e9) creara a finales de los 20 del pasado siglo. Y no menos le seduce un inseparable del simp\u00e1tico reportero-detective, el capit\u00e1n Archibald Haddock. Casi siempre de malhumor amante de palabros rotundos (Troglodita, Ectoplasma o Tormenta de Brest \u2026 especialmente sonoras en el franc\u00e9s original), era tan adicto al whisky como un chivo a la leche. Pero no a cualquiera, sino a uno que por entonces no exist\u00eda en el mercado (ahora, ya s\u00ed), el Loch Lomond, nombre procedente de un lago de la patria de tan reconfortante elixir, Escocia, a unos kil\u00f3metros de Glasgow, no lejos del misterioso Ness.<\/span><\/p>\n<p align=\"JUSTIFY\"><span style=\"color: #000080;\">Es el nombre que, rozando el pal\u00edndromo, adopta Falc\u00f3 para su blog y ha querido trasmitir al libro: \u2018Don de Loch Lomond\u2019. Aparece con dos preliminares que de ning\u00fan modo conviene obviar. Uno lo suscribe el padre del escritor, Enrique Garc\u00eda Calder\u00f3n. Hombre curtido en cr\u00f3nicas y reportajes miles, refiere las muy tempraneras inquietudes del hijo y los rasgos que, a su entender, lo definen mejor. El segundo lo suscribe otro familiar, <a title=\"blog de Jes\u00fas Garc\u00eda Calder\u00f3n\" href=\"http:\/\/www.lasoledadpartida.com\/\" target=\"_blank\">Jes\u00fas Garc\u00eda Calder\u00f3n<\/a>, el admirado poeta que combina dotes creativas (acaba de publicar un nuevo poemario) con las seriedades de todo un fiscal jefe de la Audiencia de Andaluc\u00eda. Y hay tambi\u00e9n un pr\u00f3logo del propio Falc\u00f3, donde explica la diag\u00e9nesis, el proceso como fue gener\u00e1ndose su obra, no distinto que el de tantas firmas muy cotizadas hoy en el panorama nacional: reunir en una edici\u00f3n colaboraciones, totales o antologadas, aparecidas en prensa. Aqu\u00ed todas llevan una guinda: El peque\u00f1o apunte con que se abren, procedentes de la muy experimentada sapiencia en tales menesteres de <a title=\"consejos\" href=\"https:\/\/blogs.hoy.es\/loch-lomond\/2010\/08\/23\/consejos\/\" target=\"_blank\">Jos\u00e9 Joaqu\u00edn Rodr\u00edguez Lara<\/a>, el inolvidable \u2018Conchito\u2019 que un d\u00eda ya lejano ganase el Felipe Trigo. Obligado a elegir, yo me quedar\u00eda con las entradas \u2018 Catalanes\u2019, \u2018!Tintin no es gay\u00a1\u2019,\u2018 Tint\u00edn es inocente\u2019, \u2018Placeres sencillos\u2019, \u2018No llegamos\u2019 y \u2018Los frustrados hijos de la clase media\u2019.<\/span><\/p>\n<p align=\"JUSTIFY\"><span style=\"color: #000080;\">Hay autores que escriben como si en ello les fuera la vida. Se enfrentan al papel o a la pantalla de forma ag\u00f3nica, buscando lectores c\u00f3mplices a los que implicar en esa lid contra los l\u00edmites del lenguaje u otras obsesiones. Y los hay que, sin renunciar a mayores alcances, lo que buscan m\u00e1s que nada es divertirse mediante la palabra. A estos pertenece Falc\u00f3, un bromista impregnado de optimismo, humor, esp\u00edritu l\u00fadico y alegr\u00eda de vivir, rasgos que se le traducen en un verbo siempre lozano, h\u00e1bil para engendrar y mantener la sonrisa de los lectores. Y eso sin cerrar los ojos a las duras realidades socioecon\u00f3micas, en una prosa bien cincelada, construida con el lenguaje cotidiano, pero no exenta de belleza merced a la acertada elecci\u00f3n de los t\u00e9rminos y al buen ritmo de su discurso.<\/span><\/p>\n<p align=\"JUSTIFY\"><em><span style=\"color: #000000;\">Subido a la <a title=\"Raex (Web de la Real Academia de las Letras y las Artes)\" href=\"http:\/\/raex.es\/\" target=\"_blank\">Web de la Real Academia de las Letras y las Artes<\/a> el 25\/04\/2012<\/span><\/em><\/p>\n<p align=\"JUSTIFY\"><em><span style=\"color: #000000;\"><a href=\"http:\/\/raex.es\/images\/enlaces\/lib_reco.pdf\">http:\/\/raex.es\/images\/enlaces\/lib_reco.pdf<\/a><\/span><\/em><\/p>\n<p align=\"JUSTIFY\"><em><span style=\"color: #000000;\">Publicado en Diario HOY el 21\/04\/2012<\/span><\/em><\/p>\n<p align=\"JUSTIFY\"><span style=\"color: #000080;\"><a href=\"http:\/\/hoy.kioskoymas.com\/epaper\/showlink.aspx?bookmarkid=92YG4RBXDYK8&#038;preview=magnifier&#038;linkid=e4dcc297-3e07-4c68-9db3-62d53be86dc0&#038;pdaffid=1NEHCXDv4QZRFanP7KJR9A%3d%3d\"><img src=\"\/\/cache2-thumb1.pressdisplay.com\/pressdisplay\/docserver\/getimage.aspx?file=22012012042100000000001001&#038;page=39&#038;scale=23\" alt=\"\" \/><\/a><\/span><\/p>\n<p align=\"JUSTIFY\">\n<\/div>\n<!-- AddThis Advanced Settings generic via filter on the_content --><!-- AddThis Share Buttons generic via filter on the_content -->","protected":false},"excerpt":{"rendered":"<p>El s\u00e1bado 21 de abril, se ha producido un hecho hist\u00f3rico. &#8220;Don de Loch Lomond&#8221; ha recibido su primera cr\u00edtica literaria. Y encima \u00e9sta ha sido positiva, aunque ser\u00eda injusto no se\u00f1alar que su autor, mi querido don Manuel Pecell\u00edn Lancharro,\u00a0 el profesor de la escuela de los sue\u00f1os, quiz\u00e1s no sea todo lo imparcial\u00a0 [&hellip;]<!-- AddThis Advanced Settings generic via filter on get_the_excerpt --><!-- AddThis Share Buttons generic via filter on get_the_excerpt --><\/p>\n","protected":false},"author":14,"featured_media":0,"comment_status":"open","ping_status":"closed","sticky":false,"template":"","format":"standard","meta":[],"categories":[4],"tags":[26,115,185,405,437,578,609,639,783,865,995,1128,1240,1241,1245,1439,1515,1522,1617,1806,1810,1897,2002,2037,2140,2184,2249,2290,2373,2399,2516,2568,2711,2751,2820,2997,3014,3045,3103,3147,3187,3256,3307,3430,3656,3685,3869,4085,4332,4363,4751,4986,4993,4994,5077,5128,5315],"_links":{"self":[{"href":"https:\/\/blogs.hoy.es\/loch-lomond\/wp-json\/wp\/v2\/posts\/881"}],"collection":[{"href":"https:\/\/blogs.hoy.es\/loch-lomond\/wp-json\/wp\/v2\/posts"}],"about":[{"href":"https:\/\/blogs.hoy.es\/loch-lomond\/wp-json\/wp\/v2\/types\/post"}],"author":[{"embeddable":true,"href":"https:\/\/blogs.hoy.es\/loch-lomond\/wp-json\/wp\/v2\/users\/14"}],"replies":[{"embeddable":true,"href":"https:\/\/blogs.hoy.es\/loch-lomond\/wp-json\/wp\/v2\/comments?post=881"}],"version-history":[{"count":0,"href":"https:\/\/blogs.hoy.es\/loch-lomond\/wp-json\/wp\/v2\/posts\/881\/revisions"}],"wp:attachment":[{"href":"https:\/\/blogs.hoy.es\/loch-lomond\/wp-json\/wp\/v2\/media?parent=881"}],"wp:term":[{"taxonomy":"category","embeddable":true,"href":"https:\/\/blogs.hoy.es\/loch-lomond\/wp-json\/wp\/v2\/categories?post=881"},{"taxonomy":"post_tag","embeddable":true,"href":"https:\/\/blogs.hoy.es\/loch-lomond\/wp-json\/wp\/v2\/tags?post=881"}],"curies":[{"name":"wp","href":"https:\/\/api.w.org\/{rel}","templated":true}]}}