{"id":886,"date":"2012-04-24T00:47:25","date_gmt":"2012-04-23T23:47:25","guid":{"rendered":"http:\/\/blogs.hoy.es\/loch-lomond\/?p=886"},"modified":"2012-04-24T00:47:25","modified_gmt":"2012-04-23T23:47:25","slug":"cangrejos-del-guadiana","status":"publish","type":"post","link":"https:\/\/blogs.hoy.es\/loch-lomond\/2012\/04\/24\/cangrejos-del-guadiana\/","title":{"rendered":"Cangrejos del Guadiana"},"content":{"rendered":"<p>&nbsp;<\/p>\n<p><span style=\"color: #000000;\">Enrique Falc\u00f3. Cangrejo a su pesar.<\/span><\/p>\n<p>&nbsp;<\/p>\n<dl id=\"attachment_889\">\n<dt><a href=\"\/loch-lomond\/wp-content\/uploads\/sites\/10\/2012\/04\/lata-de-cangrejo1.jpg\"><img loading=\"lazy\" title=\"lata de cangrejo\" src=\"\/loch-lomond\/wp-content\/uploads\/sites\/10\/2012\/04\/lata-de-cangrejo1.jpg\" alt=\"La famosa lata de conserva de \"El Cangrejo de las Pinzas de Oro\"\" width=\"167\" height=\"251\" \/><\/a><\/dt>\n<dt>La famosa lata de conserva de<\/dt>\n<dt>&#8220;El Cangrejo de las Pinzas de Oro&#8221;<\/dt>\n<\/dl>\n<p>&nbsp;<\/p>\n<p align=\"JUSTIFY\"><span style=\"color: #000080;\">Nunca me hicieron especialmente gracia los cangrejos. Si acaso &#8220;El cangrejo de las pinzas de oro&#8221;, pero ya imaginar\u00e1n ustedes que s\u00f3lo por mi infinita fascinaci\u00f3n hacia las aventuras de mi querido <a title=\"El secreto del Unicornio\" href=\"https:\/\/blogs.hoy.es\/loch-lomond\/2011\/10\/30\/el-secreto-del-unicornio\/\" target=\"_blank\">Tint\u00edn<\/a>. Desde siempre, dichos crust\u00e1ceos se me antojaron inc\u00f3modos de mirar, me causaban repel\u00fas, y constantemente los imaginaba en mi sesera como ara\u00f1as gigantes, igual que aquella &#8220;Epeira Diadema&#8221; de &#8220;<a title=\"La Estrella Misteriosa\" href=\"https:\/\/blogs.hoy.es\/loch-lomond\/2011\/10\/23\/450\/\" target=\"_blank\">La estrella misteriosa<\/a>&#8220;. A\u00fan conservo el recuerdo aterrador de aquellos cangrejos que llegaban vivos a casa (no s\u00e9 si provenientes del r\u00edo o del supermercado) y c\u00f3mo mi padre cog\u00eda uno, lo pon\u00eda en el suelo y me llamaba ri\u00e9ndose para que lo mirara y jugara con \u00e9l. Yo era bastante peque\u00f1o, y ya he confesado en m\u00e1s de una ocasi\u00f3n que nunca he sido lo que se dice un valiente. Qu\u00e9 quieren que les diga. Me encerr\u00e9 corriendo en mi cuarto junto a mis clips de Playm\u00f3bil. Aterrado, me cog\u00ed un berrinche enorme s\u00f3lo de pensar que aquella cosa asquerosa se mov\u00eda a sus anchas por el pasillo de casa. Creo que no consiguieron que me callara hasta que por fin pude verlos servidos en la mesa a punto de ser devorados por mis progenitores y hermanas. Como imaginar\u00e1n no se me ocurri\u00f3 tomar parte en ese particular men\u00fa, aunque en el fondo de mi tierna mente infantil siempre pens\u00e9 que merec\u00edan tan lamentable y tr\u00e1gico final. \u00a1Los odiaba!<\/span><\/p>\n<a href=\"\/loch-lomond\/wp-content\/uploads\/sites\/10\/2012\/04\/Epeira-Diadema.jpg\"><img loading=\"lazy\" class=\"size-medium wp-image-890\" title=\"Epeira Diadema\" src=\"\/loch-lomond\/wp-content\/uploads\/sites\/10\/2012\/04\/Epeira-Diadema.jpg\" alt=\"La horripilante \"Epeira Diadema\" de \"La Estrella Misteriosa\"\" width=\"300\" height=\"136\" srcset=\"https:\/\/static-blogs.hoy.es\/wp-content\/uploads\/sites\/10\/2012\/04\/Epeira-Diadema.jpg 750w, https:\/\/static-blogs.hoy.es\/wp-content\/uploads\/sites\/10\/2012\/04\/Epeira-Diadema-300x136.jpg 300w\" sizes=\"(max-width: 300px) 100vw, 300px\" \/><\/a>\n<p align=\"JUSTIFY\"><span style=\"color: #000080;\">Tras los traumas de la infancia, algo m\u00e1s mayor, dejaron de darme miedo, e incluso me gustaba ir con algunos amigos y sus padres a pescarlos, aunque posteriormente, en la pitanza, su seguro servidor se declinaba m\u00e1s por un buen pedazo de carne sazonada en detrimento de los cangrejos, con o sin tomate.<\/span><\/p>\n<p align=\"JUSTIFY\"><span style=\"color: #000080;\">El destino no est\u00e1 carente de cierta iron\u00eda, y a la vejez viruela me persigue de nuevo desde hace unas semanas el fantasma de los cangrejos. Tras la inminente <a title=\"Ausencias traumas y gratitud\" href=\"https:\/\/blogs.hoy.es\/loch-lomond\/2012\/03\/31\/ausencias-traumas-y-gratitud\/\" target=\"_blank\">publicaci\u00f3n de mi libro<\/a>, <a title=\"p\u00e1gina en facebook de Don de Loch lomond\" href=\"http:\/\/www.facebook.com\/pages\/Don-de-Loch-Lomond\/184495498334237\" target=\"_blank\">&#8220;Don de Loch Lomond&#8221;<\/a> siempre ca\u00eda alguna pregunta relativa a la denominada &#8220;<a title=\"Enrique Falc\u00f3 \"Nos llaman la generaci\u00f3n Cangrejo\"\" href=\"http:\/\/www.hoy.es\/v\/20120328\/sociedad\/ahora-llaman-generacion-cangrejo-20120328.html\" target=\"_blank\">Generaci\u00f3n Cangrejo<\/a>&#8221; en las entrevistas previas de radio y prensa, por aquello de que los j\u00f3venes de hoy vamos hacia atr\u00e1s. Parece ya un hecho demostrado, digno de los mejores estudios, aquello que nos escupen a diario en la cara los tertulianos y entendidos de pacotilla, convencidos de que pregonan una verdad insalvable. &#8220;Vamos a empezar a vivir como se viv\u00eda hace 40 a\u00f1os&#8221; &#8211; te dicen, y se quedan tan tranquilos. &#8220;\u00a1Pues que bien!&#8221; Piensa el menda, quien continuamente, como sus coet\u00e1neos de generaci\u00f3n, se ha criado con la mandolina continua de sus mayores con el cuento del &#8220;\u00a1Qu\u00e9 bien viv\u00eds!&#8221; el &#8220;como se nota que no hab\u00e9is pasao una guerra&#8221; &#8220;Los sacrificios que hemos hecho por vosotros&#8221; y en especial &#8220;Nosotros corrimos delante de los grises&#8221;. Pues qu\u00e9 quieren que les diga, que no lo habr\u00e1n hecho tan bien, o al menos que por lo menos no ha sido para tanto. No hemos sido nosotros los que hemos llevado un pa\u00eds a la quiebra con la maldita especulaci\u00f3n del ladrillo, ni quienes se forraron en su d\u00eda metiendo pufos con la construcci\u00f3n o la pol\u00edtica. No hemos sido nosotros quienes han convertido este pa\u00eds en una maldita chimenea, en el que se fumaba hasta hace dos d\u00edas en los propios hospitales, y en el que con una indecente tolerancia al alcohol ha servido como ejemplo negativo a una juventud que pagar\u00e1 cara sus consecuencias muy pronto. Tampoco puede culparse a nuestra generacion el afan en convertir a la poblaci\u00f3n activa en expertos y h\u00e1biles &#8220;escaqueadores&#8221; de responsabilidad laboral, ni nos hemos inventado aquello de &#8220;\u00bfLa factura con IVA o sin IVA?&#8221;. \u00bfQui\u00e9nes fueron, por estupidos complejos de anta\u00f1o, los que nos metieron en la cabeza aquello de estar estudiando hasta casi la treintena? \u00bfQui\u00e9nes nos han ense\u00f1ado eso tan bonito y tan nuestro del &#8220;Si no hay lo pintas&#8221;? Como resultado, ahora adem\u00e1s de ser los mimaditos de una sociedad en decadencia, somos una panda de desgraciados que no tienen donde caerse muertos. Y efectivamente volvemos atr\u00e1s, como los cangrejos, y no s\u00f3lo caminando, sino dando pasos atr\u00e1s y en falso en el natural desarrollo de la vida. Y que se nos denomine la generaci\u00f3n cangrejo no significa que solo vayamos a pagar el pato nosotros, pues son nuestros mayores ahora quienes se ven obligados a ayudarnos a diario a criar a nuestros hijos para que podamos trabajar, los que encima tenemos la suerte de trabajar a destajo por dos duros, a ayudarnos econ\u00f3micamente para pagar &#8220;caprichos&#8221; como un techo donde cobijarnos. Volvemos al &#8220;Cu\u00e9ntame como pas\u00f3&#8221;. Nos convertiremos de nuevo en Antonios Alc\u00e1ntaras! Otra vez &#8220;Me cago en leche Merche&#8221;, el pluriempleo, deslomarnos a trabajar para malvivir subsistiendo, y m\u00e1s en esta dura tierra, quien lleva escrito en su propio nombre los dos adjetivos que la definen. &#8220;Tierra de Conquistadores, no nos quedan m\u00e1s cojones&#8221; Cantaba Robe Iniesta en los primeros a\u00f1os de Extremoduro.<\/span><\/p>\n<a href=\"\/loch-lomond\/wp-content\/uploads\/sites\/10\/2012\/04\/Gecko-Turner.jpg\"><img loading=\"lazy\" class=\"size-medium wp-image-891\" title=\"Gecko Turner\" src=\"\/loch-lomond\/wp-content\/uploads\/sites\/10\/2012\/04\/Gecko-Turner.jpg\" alt=\"Gecko Turner, el extraordinario compositor e int\u00e9rprete extreme\u00f1o de \"Ni\u00f1a del Guadiana\"\" width=\"300\" height=\"198\" srcset=\"https:\/\/static-blogs.hoy.es\/wp-content\/uploads\/sites\/10\/2012\/04\/Gecko-Turner.jpg 800w, https:\/\/static-blogs.hoy.es\/wp-content\/uploads\/sites\/10\/2012\/04\/Gecko-Turner-300x199.jpg 300w, https:\/\/static-blogs.hoy.es\/wp-content\/uploads\/sites\/10\/2012\/04\/Gecko-Turner-768x509.jpg 768w\" sizes=\"(max-width: 300px) 100vw, 300px\" \/><\/a>\n<p align=\"JUSTIFY\"><span style=\"color: #000080;\">Sin embargo, mi amigo <a title=\"Gecko Turner\" href=\"https:\/\/blogs.hoy.es\/loch-lomond\/2010\/12\/10\/nina-del-guadiana\/\" target=\"_blank\">Gecko Turner<\/a>, entre otras muchas, escribio hace unos a\u00f1os una preciosa canci\u00f3n que destaca entre otras por su belleza y especial ejecuci\u00f3n. &#8220;<a title=\"\"Ni\u00f1a del Guadiana\" Gecko Turner (canci\u00f3n)\" href=\"http:\/\/www.goear.com\/listen\/98b67a7\/nina-del-guadiana-gecko-turner\" target=\"_blank\">Nina del Guadiana<\/a>&#8220;. Deliciosa melodia, lujosa instrumentacion y preciosa letra, donde entre otras cosas habla de la filosofia que quiso darle Dios a este r\u00edo, el Guadiana, y el ba\u00f1o de cultura y raices que supone para nosotros. Hemos de creer, mas bien desear, que al igual que toda nina del Guadiana posee el encanto del r\u00edo, nosotros, los cangrejos del Guadiana, podramos labrarnos un presente y futuro que no acabe coci\u00e9ndonos en la olla a presion donde quiere condenarnos a perecer una sociedad, que en su d\u00eda, nos lo ofrecio todo y ahora nos lo demanda. Amigos m\u00edos, desafortunados colegas, Cangrejos del Guadiana: \u00a1\u00c1nimo! \u00a1Quien persevera vence! Seguro que algo hemos de encontrar en la espuma del viejo Anas que nos ayude a caminar hacia adelante. Despu\u00e9s de todo, mi amigo G\u00fcnter Grass mantiene la m\u00e1xima que asegura que muchas veces es necesario retroceder para avanzar\u2026 \u00a1Como los cangrejos!<\/span><\/p>\n<p align=\"JUSTIFY\"><span style=\"color: #000000;\"><em>Publicado en Diario HOY el 22\/04\/2012<\/em><\/span><\/p>\n<p align=\"JUSTIFY\"><span style=\"color: #000000;\"><a href=\"http:\/\/hoy.kioskoymas.com\/epaper\/showlink.aspx?bookmarkid=7HYAJAKK9CP1&#038;preview=magnifier&#038;linkid=be94672a-ad7c-4ba9-a84e-bdaa3a1b20e9&#038;pdaffid=1NEHCXDv4QZRFanP7KJR9A%3d%3d\"><img src=\"\/\/cache2-thumb1.pressdisplay.com\/pressdisplay\/docserver\/getimage.aspx?file=22012012042200000000001001&#038;page=30&#038;scale=23\" alt=\"\" \/><\/a><\/span><\/p>\n<!-- AddThis Advanced Settings generic via filter on the_content --><!-- AddThis Share Buttons generic via filter on the_content -->","protected":false},"excerpt":{"rendered":"<p>&nbsp; Enrique Falc\u00f3. Cangrejo a su pesar. &nbsp; La famosa lata de conserva de &#8220;El Cangrejo de las Pinzas de Oro&#8221; &nbsp; Nunca me hicieron especialmente gracia los cangrejos. Si acaso &#8220;El cangrejo de las pinzas de oro&#8221;, pero ya imaginar\u00e1n ustedes que s\u00f3lo por mi infinita fascinaci\u00f3n hacia las aventuras de mi querido Tint\u00edn. [&hellip;]<!-- AddThis Advanced Settings generic via filter on get_the_excerpt --><!-- AddThis Share Buttons generic via filter on get_the_excerpt --><\/p>\n","protected":false},"author":14,"featured_media":0,"comment_status":"open","ping_status":"closed","sticky":false,"template":"","format":"standard","meta":[],"categories":[8],"tags":[291,769,770,771,1515,1601,1806,1834,1992,2253,2258,2368,2874,3054,3103,3395,3667,4101,4493,4978,4986],"_links":{"self":[{"href":"https:\/\/blogs.hoy.es\/loch-lomond\/wp-json\/wp\/v2\/posts\/886"}],"collection":[{"href":"https:\/\/blogs.hoy.es\/loch-lomond\/wp-json\/wp\/v2\/posts"}],"about":[{"href":"https:\/\/blogs.hoy.es\/loch-lomond\/wp-json\/wp\/v2\/types\/post"}],"author":[{"embeddable":true,"href":"https:\/\/blogs.hoy.es\/loch-lomond\/wp-json\/wp\/v2\/users\/14"}],"replies":[{"embeddable":true,"href":"https:\/\/blogs.hoy.es\/loch-lomond\/wp-json\/wp\/v2\/comments?post=886"}],"version-history":[{"count":0,"href":"https:\/\/blogs.hoy.es\/loch-lomond\/wp-json\/wp\/v2\/posts\/886\/revisions"}],"wp:attachment":[{"href":"https:\/\/blogs.hoy.es\/loch-lomond\/wp-json\/wp\/v2\/media?parent=886"}],"wp:term":[{"taxonomy":"category","embeddable":true,"href":"https:\/\/blogs.hoy.es\/loch-lomond\/wp-json\/wp\/v2\/categories?post=886"},{"taxonomy":"post_tag","embeddable":true,"href":"https:\/\/blogs.hoy.es\/loch-lomond\/wp-json\/wp\/v2\/tags?post=886"}],"curies":[{"name":"wp","href":"https:\/\/api.w.org\/{rel}","templated":true}]}}