{"id":892,"date":"2012-04-25T00:25:43","date_gmt":"2012-04-24T23:25:43","guid":{"rendered":"http:\/\/blogs.hoy.es\/loch-lomond\/?p=892"},"modified":"2012-04-25T00:25:43","modified_gmt":"2012-04-24T23:25:43","slug":"enrique-garcia-calderon","status":"publish","type":"post","link":"https:\/\/blogs.hoy.es\/loch-lomond\/2012\/04\/25\/enrique-garcia-calderon\/","title":{"rendered":"Enrique Garc\u00eda Calder\u00f3n"},"content":{"rendered":"<div id=\"attachment_893\" style=\"width: 310px\" class=\"wp-caption aligncenter\"><a href=\"\/loch-lomond\/wp-content\/uploads\/sites\/10\/2012\/04\/Enrique-Falc\u00f3-y-Enrique-Garc\u00eda-Calder\u00f3n.jpg\"><img aria-describedby=\"caption-attachment-893\" loading=\"lazy\" class=\"size-medium wp-image-893\" title=\"Enrique Falc\u00f3 y Enrique Garc\u00eda Calder\u00f3n\" src=\"\/loch-lomond\/wp-content\/uploads\/sites\/10\/2012\/04\/Enrique-Falc\u00f3-y-Enrique-Garc\u00eda-Calder\u00f3n.jpg\" alt=\"Enrique Falc\u00f3 y Enrique Garc\u00eda Calder\u00f3n a principio de los 80 en la plaza de un pueblo en el que aunque ninguno de los dos ha nacido all\u00ed, s\u00ed que es muy especial para ambos:Jerez de los Caballeros\" width=\"300\" height=\"210\" srcset=\"https:\/\/static-blogs.hoy.es\/wp-content\/uploads\/sites\/10\/2012\/04\/Enrique-Falc\u00f3-y-Enrique-Garc\u00eda-Calder\u00f3n.jpg 1410w, https:\/\/static-blogs.hoy.es\/wp-content\/uploads\/sites\/10\/2012\/04\/Enrique-Falc\u00f3-y-Enrique-Garc\u00eda-Calder\u00f3n-300x211.jpg 300w, https:\/\/static-blogs.hoy.es\/wp-content\/uploads\/sites\/10\/2012\/04\/Enrique-Falc\u00f3-y-Enrique-Garc\u00eda-Calder\u00f3n-768x539.jpg 768w, https:\/\/static-blogs.hoy.es\/wp-content\/uploads\/sites\/10\/2012\/04\/Enrique-Falc\u00f3-y-Enrique-Garc\u00eda-Calder\u00f3n-1024x719.jpg 1024w\" sizes=\"(max-width: 300px) 100vw, 300px\" \/><\/a><p id=\"caption-attachment-893\" class=\"wp-caption-text\">Enrique Falc\u00f3 y Enrique Garc\u00eda Calder\u00f3n a principio de los 80 en la plaza de un pueblo en el que aunque ninguno de los dos ha nacido all\u00ed, s\u00ed que es muy especial para ambos: Jerez de los Caballeros<\/p><\/div>\n<p>&nbsp;<\/p>\n<p><span style=\"color: #000000; font-size: medium;\">Ando estos d\u00edas algo <strong>triste<\/strong>, y m\u00e1s <strong>preocupado<\/strong> de lo normal. <strong>Mi padre, Enrique Garc\u00eda Calder\u00f3n<\/strong>, ingres\u00f3 el pasado viernes en el hospital a causa de una <strong>angina de pecho leve<\/strong>. Ha sido m\u00e1s el susto que otra cosa, pero el aviso hay que tom\u00e1rselo muy en serio. Quiz\u00e1s sea otro recordatorio del paso del tiempo, quien viene a soplarnos al o\u00eddo que ambos ya no somos tan j\u00f3venes.<\/span><\/p>\n<p align=\"JUSTIFY\"><span style=\"color: #000000; font-size: medium;\">El <strong>diario HOY<\/strong>, mantiene en su secci\u00f3n digital desde hace algunos meses una simp\u00e1tica secci\u00f3n, &#8220;<strong>Cumplea\u00f1os de HOY<\/strong>&#8220;, en el que se recuerdan a personas c\u00e9lebres (haciendo hincapi\u00e9 en personalidades extreme\u00f1as) que cumplen a\u00f1os ese d\u00eda. Incre\u00edblemente, <strong>a pesar de dedicar 40 a\u00f1os de su vida a HOY, no existe tal recuerdo a su persona en \u00e9sta, su onom\u00e1stica<\/strong>, d\u00eda en que mi padre cumple 66 a\u00f1os y va a celebrarlos ingresado en un hospital. <\/span><\/p>\n<p align=\"JUSTIFY\">\n<p align=\"JUSTIFY\"><span style=\"color: #000000; font-size: medium;\">Por ello, <strong>he querido rendirle homenaje con esta vieja foto<\/strong>, de cuando los dos \u00e9ramos bastante m\u00e1s j\u00f3venes (quiz\u00e1s 30 a\u00f1os menos) que le haga esbozar <strong>una peque\u00f1a sonrisa<\/strong> en estos dif\u00edciles momentos. A pesar de que a m\u00ed, &#8220;solo&#8221; me ha dedicado 33 a\u00f1os (casi 34), <strong>no puedo dejar de recordarlo ni considerarlo protagonista de una jornada de cumplea\u00f1os<\/strong> que, aunque evidentemente no sea la m\u00e1s feliz ni la m\u00e1s deseada, s\u00ed se produce en compa\u00f1\u00eda de sus seres m\u00e1s queridos.<\/span><\/p>\n<p align=\"JUSTIFY\"><span style=\"color: #000000; font-size: medium;\"><strong>Felicidades pap\u00e1<\/strong>.<\/span><\/p>\n<p align=\"JUSTIFY\">\n<!-- AddThis Advanced Settings generic via filter on the_content --><!-- AddThis Share Buttons generic via filter on the_content -->","protected":false},"excerpt":{"rendered":"<p>&nbsp; Ando estos d\u00edas algo triste, y m\u00e1s preocupado de lo normal. Mi padre, Enrique Garc\u00eda Calder\u00f3n, ingres\u00f3 el pasado viernes en el hospital a causa de una angina de pecho leve. Ha sido m\u00e1s el susto que otra cosa, pero el aviso hay que tom\u00e1rselo muy en serio. Quiz\u00e1s sea otro recordatorio del paso [&hellip;]<!-- AddThis Advanced Settings generic via filter on get_the_excerpt --><!-- AddThis Share Buttons generic via filter on get_the_excerpt --><\/p>\n","protected":false},"author":14,"featured_media":0,"comment_status":"open","ping_status":"closed","sticky":false,"template":"","format":"standard","meta":[],"categories":[4],"tags":[55,1282,1283,1439,1515,1806,1810,3103],"_links":{"self":[{"href":"https:\/\/blogs.hoy.es\/loch-lomond\/wp-json\/wp\/v2\/posts\/892"}],"collection":[{"href":"https:\/\/blogs.hoy.es\/loch-lomond\/wp-json\/wp\/v2\/posts"}],"about":[{"href":"https:\/\/blogs.hoy.es\/loch-lomond\/wp-json\/wp\/v2\/types\/post"}],"author":[{"embeddable":true,"href":"https:\/\/blogs.hoy.es\/loch-lomond\/wp-json\/wp\/v2\/users\/14"}],"replies":[{"embeddable":true,"href":"https:\/\/blogs.hoy.es\/loch-lomond\/wp-json\/wp\/v2\/comments?post=892"}],"version-history":[{"count":0,"href":"https:\/\/blogs.hoy.es\/loch-lomond\/wp-json\/wp\/v2\/posts\/892\/revisions"}],"wp:attachment":[{"href":"https:\/\/blogs.hoy.es\/loch-lomond\/wp-json\/wp\/v2\/media?parent=892"}],"wp:term":[{"taxonomy":"category","embeddable":true,"href":"https:\/\/blogs.hoy.es\/loch-lomond\/wp-json\/wp\/v2\/categories?post=892"},{"taxonomy":"post_tag","embeddable":true,"href":"https:\/\/blogs.hoy.es\/loch-lomond\/wp-json\/wp\/v2\/tags?post=892"}],"curies":[{"name":"wp","href":"https:\/\/api.w.org\/{rel}","templated":true}]}}