{"id":897,"date":"2012-04-26T11:52:49","date_gmt":"2012-04-26T10:52:49","guid":{"rendered":"http:\/\/blogs.hoy.es\/loch-lomond\/?p=897"},"modified":"2012-04-26T11:52:49","modified_gmt":"2012-04-26T10:52:49","slug":"el-tapicero-en-su-propio-domicilio","status":"publish","type":"post","link":"https:\/\/blogs.hoy.es\/loch-lomond\/2012\/04\/26\/el-tapicero-en-su-propio-domicilio\/","title":{"rendered":"El tapicero en su propio domicilio"},"content":{"rendered":"<p>&nbsp;<\/p>\n<p><a href=\"\/loch-lomond\/wp-content\/uploads\/sites\/10\/2012\/04\/el-tapicero-en-su-propio-domicilio.jpg\"><img loading=\"lazy\" class=\"alignnone size-full wp-image-899\" title=\"el tapicero en su propio domicilio\" src=\"\/loch-lomond\/wp-content\/uploads\/sites\/10\/2012\/04\/el-tapicero-en-su-propio-domicilio.jpg\" alt=\"\" width=\"200\" height=\"172\" \/><\/a><\/p>\n<p align=\"JUSTIFY\"><span style=\"color: #000080;\">Esta ma\u00f1ana me ha despertado m\u00e1s temprano de lo normal (es decir, antes de la una de la tarde) con el singular y caracter\u00edstico run run del tapicero. &#8220;El tapicero en su propio domicilio&#8221;. Pensar\u00e1n ustedes que &#8220;ya ves tu&#8221; &#8220;vaya una cosa&#8221; &#8220;de lo m\u00e1s normal del mundo hombre&#8221;. Pues resulta que no.<\/span><\/p>\n<p align=\"JUSTIFY\"><span style=\"color: #000080;\">Como bien sabr\u00e1n la mayor\u00eda de ustedes, mis queridos y desocupados lectores, a finales de diciembre de 2010 comenc\u00e9 una nueva aventura, traslad\u00e1ndome a mi actual domicilio en el nuevo barrio Cuart\u00f3n Cortijo, ya saben, <a title=\"SIEMPRE AL OESTE\" href=\"https:\/\/blogs.hoy.es\/loch-lomond\/2010\/12\/07\/siempre-al-oeste\/\" target=\"_blank\">siempre al oeste<\/a>. Ser de los primeros en llegar a un barrio de nueva construcci\u00f3n tiene el encanto de disfrutar de esos peque\u00f1os placeres que lo convierten en maravilloso. Tambi\u00e9n claro est\u00e1 se sufren peque\u00f1os inconvenientes, pero les aseguro que en este tiempo no hubiera cambiado nada. Sigue siendo una bendici\u00f3n, para una persona que trabaja por la tarde, no sufrir los rigores y ruidos del centro de la ciudad, pues la tranquilidad de las ma\u00f1anas aqu\u00ed es tan plasmable como hermosa.<\/span><\/p>\n<p align=\"JUSTIFY\"><span style=\"color: #000080;\">Casi un a\u00f1o y medio ha pasado y van llegando cada vez m\u00e1s vecinos, con sus &#8220;chapucillas&#8221; (como las que hice yo) sus mudanzas, sus coches, sus cr\u00edos y sus perros. Ya no hay tanto sitio para aparcar, y es m\u00e1s habitual encontrarte de vez en cuando con alguien por la calle, pero a\u00fan as\u00ed el barrio no deja de resultar tranquilo. Esta ma\u00f1ana, al escuchar el famoso tapicero, quiz\u00e1s haya ca\u00eddo en la cuenta de que estas peque\u00f1as cosas buenas del barrio quiz\u00e1s vayan cambiando poco a poco, y a cambio recibamos otras, como mi esperada <a title=\"El Loto azul\" href=\"https:\/\/blogs.hoy.es\/loch-lomond\/2012\/04\/02\/el-loto-azul\/\" target=\"_blank\">tienda de chinos<\/a>,un kiosko donde comprar el HOY,\u00a0y un bar donde poder desayunar y tomar una ca\u00f1a o una raci\u00f3n los fines de semana. <\/span><\/p>\n<div id=\"attachment_900\" style=\"width: 310px\" class=\"wp-caption alignnone\"><a href=\"\/loch-lomond\/wp-content\/uploads\/sites\/10\/2012\/04\/Cuarton-Cortijo.jpg\"><img aria-describedby=\"caption-attachment-900\" loading=\"lazy\" class=\"size-medium wp-image-900\" title=\"Cuarton Cortijo\" src=\"\/loch-lomond\/wp-content\/uploads\/sites\/10\/2012\/04\/Cuarton-Cortijo.jpg\" alt=\"Cuart\u00f3n Cortijo, mi barrio, en una bonita foto de Casimiro Moreno, del Diario HOY\" width=\"300\" height=\"139\" srcset=\"https:\/\/static-blogs.hoy.es\/wp-content\/uploads\/sites\/10\/2012\/04\/Cuarton-Cortijo.jpg 647w, https:\/\/static-blogs.hoy.es\/wp-content\/uploads\/sites\/10\/2012\/04\/Cuarton-Cortijo-300x139.jpg 300w\" sizes=\"(max-width: 300px) 100vw, 300px\" \/><\/a><p id=\"caption-attachment-900\" class=\"wp-caption-text\">Cuart\u00f3n Cortijo, mi barrio, en una bonita foto de Casimiro Moreno, del Diario HOY<\/p><\/div>\n<p align=\"JUSTIFY\"><span style=\"color: #000080;\">Los nuevos barrios de Badajoz nos encontramos en un momento muy imprevisible e incierto. La crisis y el descalabro del ladrillo parece que lo deja todo a medias, aunque es inevitable que el r\u00edo siga su cauce y se desarrolle el orden natural de las cosas. No sabemos que ocurrir\u00e1 con las dem\u00e1s promociones de mi barrio, paradas sin saber muy bien hasta cuando, sin embargo tenemos a la vuelta de la esquina la inauguraci\u00f3n del inminente Centro comercial El Faro o Leroy Merl\u00edn. Sea como sea, aqu\u00ed estaremos, observando impasibles el despreocupado paso del tiempo. No obstante, y para que la historia as\u00ed lo recuerde, fue el altavoz del tapicero, &#8220;El tapicero en su propio domicilio&#8221; quien vino a avisarnos de los cambios que acechan, para bien o para mal. A ver si ma\u00f1ana viene el afilador, con su bello e inconfundible sonido, que es el m\u00e1s delicioso y agradable de todos los despertadores de mi infancia.<\/span><\/p>\n<!-- AddThis Advanced Settings generic via filter on the_content --><!-- AddThis Share Buttons generic via filter on the_content -->","protected":false},"excerpt":{"rendered":"<p>&nbsp; Esta ma\u00f1ana me ha despertado m\u00e1s temprano de lo normal (es decir, antes de la una de la tarde) con el singular y caracter\u00edstico run run del tapicero. &#8220;El tapicero en su propio domicilio&#8221;. Pensar\u00e1n ustedes que &#8220;ya ves tu&#8221; &#8220;vaya una cosa&#8221; &#8220;de lo m\u00e1s normal del mundo hombre&#8221;. Pues resulta que no. [&hellip;]<!-- AddThis Advanced Settings generic via filter on get_the_excerpt --><!-- AddThis Share Buttons generic via filter on get_the_excerpt --><\/p>\n","protected":false},"author":14,"featured_media":0,"comment_status":"open","ping_status":"closed","sticky":false,"template":"","format":"standard","meta":[],"categories":[2],"tags":[437,857,895,1232,1260,1439,1515,1589,1717,1806,2939,3023,3103,3740,3741,3922,4690],"_links":{"self":[{"href":"https:\/\/blogs.hoy.es\/loch-lomond\/wp-json\/wp\/v2\/posts\/897"}],"collection":[{"href":"https:\/\/blogs.hoy.es\/loch-lomond\/wp-json\/wp\/v2\/posts"}],"about":[{"href":"https:\/\/blogs.hoy.es\/loch-lomond\/wp-json\/wp\/v2\/types\/post"}],"author":[{"embeddable":true,"href":"https:\/\/blogs.hoy.es\/loch-lomond\/wp-json\/wp\/v2\/users\/14"}],"replies":[{"embeddable":true,"href":"https:\/\/blogs.hoy.es\/loch-lomond\/wp-json\/wp\/v2\/comments?post=897"}],"version-history":[{"count":0,"href":"https:\/\/blogs.hoy.es\/loch-lomond\/wp-json\/wp\/v2\/posts\/897\/revisions"}],"wp:attachment":[{"href":"https:\/\/blogs.hoy.es\/loch-lomond\/wp-json\/wp\/v2\/media?parent=897"}],"wp:term":[{"taxonomy":"category","embeddable":true,"href":"https:\/\/blogs.hoy.es\/loch-lomond\/wp-json\/wp\/v2\/categories?post=897"},{"taxonomy":"post_tag","embeddable":true,"href":"https:\/\/blogs.hoy.es\/loch-lomond\/wp-json\/wp\/v2\/tags?post=897"}],"curies":[{"name":"wp","href":"https:\/\/api.w.org\/{rel}","templated":true}]}}