{"id":931,"date":"2012-05-13T15:48:18","date_gmt":"2012-05-13T14:48:18","guid":{"rendered":"http:\/\/blogs.hoy.es\/loch-lomond\/?p=931"},"modified":"2012-05-13T15:48:18","modified_gmt":"2012-05-13T14:48:18","slug":"coches-viejos","status":"publish","type":"post","link":"https:\/\/blogs.hoy.es\/loch-lomond\/2012\/05\/13\/coches-viejos\/","title":{"rendered":"Coches viejos"},"content":{"rendered":"<p>&nbsp;<\/p>\n<p style=\"text-align: center;\"><span style=\"color: #000000; font-size: medium;\"><strong>Enrique Falc\u00f3<\/strong>. Conductor nost\u00e1lgico<\/span><\/p>\n<div id=\"attachment_933\" style=\"width: 560px\" class=\"wp-caption aligncenter\"><a href=\"\/loch-lomond\/wp-content\/uploads\/sites\/10\/2012\/05\/Coche-de-Homer.jpg\"><img aria-describedby=\"caption-attachment-933\" loading=\"lazy\" class=\"size-full wp-image-933\" title=\"Coche de Homer\" src=\"\/loch-lomond\/wp-content\/uploads\/sites\/10\/2012\/05\/Coche-de-Homer.jpg\" alt=\"\u00bfQuien no querria tener un coche como este?\" width=\"550\" height=\"620\" srcset=\"https:\/\/static-blogs.hoy.es\/wp-content\/uploads\/sites\/10\/2012\/05\/Coche-de-Homer.jpg 550w, https:\/\/static-blogs.hoy.es\/wp-content\/uploads\/sites\/10\/2012\/05\/Coche-de-Homer-266x300.jpg 266w\" sizes=\"(max-width: 550px) 100vw, 550px\" \/><\/a><p id=\"caption-attachment-933\" class=\"wp-caption-text\">\u00bfQuien no querria tener un coche como este?<\/p><\/div>\n<p>&nbsp;<\/p>\n<p align=\"JUSTIFY\"><span style=\"color: #000000; font-size: medium;\">De entrada que quede claro que <strong>no soy un apasionado de los coches<\/strong>. Es decir, que <strong>alg\u00fan modelo espectacular puede llamarme la atenci\u00f3n<\/strong>, de la misma manera que <strong>un bonito cuadro, un bello paraje o una preciosa sonrisa<\/strong>. <\/span><\/p>\n<p align=\"JUSTIFY\"><span style=\"color: #000000; font-size: medium;\">Pero <strong>no estoy al tanto de las nuevas gamas, ni de las prestaciones, ni siquiera de las marcas<\/strong>. <strong>Es un tema que nunca me ha interesado especialmente y siempre me ha aburrido una barbaridad<\/strong>. No obstante <strong>me llama poderos\u00edsimamente la atenci\u00f3n la importancia tan grande que mucha gente<\/strong>, de todas las edades, <strong>presta a los coches<\/strong>, y especialmente a los <strong>de los dem\u00e1s<\/strong>. <\/span><\/p>\n<p align=\"JUSTIFY\"><span style=\"color: #000000; font-size: medium;\">Siempre he visto en ese comportamiento una manifiesta <strong>declaraci\u00f3n de inferioridad<\/strong>, grandes <strong>dosis de envidia<\/strong> y algo de <strong>pensamiento cateto<\/strong>, para qu\u00e9 nos vamos a enga\u00f1ar. Existen quienes no te conocen de nada, no saben tu nombre ni tu edad, ni siquiera a qu\u00e9 te dedicas o si eres buena o mala persona, pero <strong>te miran por el barrio con cierto respeto porque conduces un Audi o un BMW<\/strong>. <\/span><\/p>\n<p align=\"JUSTIFY\">\n<p align=\"JUSTIFY\"><span style=\"color: #000000; font-size: medium;\">Y al contrario, <strong>los hay que a pesar de tener que sustentarse con sopas de sobre, y practicar la morosidad y la ignorancia m\u00e1s despreciable, miran por encima del hombro a los honrados ciudadanos por ostentar el innegable status que supone conducir un turismo tan descomunal<\/strong>. <\/span><\/p>\n<p align=\"JUSTIFY\">\n<p align=\"JUSTIFY\"><span style=\"color: #000000; font-size: medium;\"><strong>Nunca entender\u00e9 tal afici\u00f3n y tan reprobable comportamiento<\/strong>. <strong>Jam\u00e1s he comprendido a los que trabajan para pagar un coche, sino al que adquiere un veh\u00edculo para ir a trabajar<\/strong>, y de paso para poder obtener cierta autonom\u00eda que le permita desplazarse con independencia o <strong>viajar<\/strong> con sus familiares, parejas o amigos. <\/span><\/p>\n<p align=\"JUSTIFY\">\n<p align=\"JUSTIFY\"><span style=\"color: #000000; font-size: medium;\">La verdad es que <strong>hace cierta ilusi\u00f3n estrenar un coche<\/strong>, no lo niego, quiz\u00e1s porque este <strong>se convierte en un habit\u00e1culo sagrado<\/strong> que te acompa\u00f1a al <strong>trabajo<\/strong>, de <strong>vacaciones<\/strong>, y por qu\u00e9 no, quiz\u00e1s sea <strong>testigo de momentos \u00edntimos o entra\u00f1ables que no se olvidan f\u00e1cilmente<\/strong>. <\/span><\/p>\n<p align=\"JUSTIFY\">\n<p align=\"JUSTIFY\"><span style=\"color: #000000; font-size: medium;\">Nunca se me olvidar\u00e1 hace siete a\u00f1os cuando me compr\u00e9 mi <strong>Citro\u00ebn Xsara Picasso<\/strong>. No me pregunten por qu\u00e9, pero quer\u00eda ese coche. No ten\u00eda ni idea de los <strong>caballos<\/strong> que ten\u00eda, ni los <strong>cilindros<\/strong>, ni nada de nada, entre otras cosas porque no s\u00e9 para qu\u00e9 valen, pero me encantaba cuando lo ve\u00eda en la tele. Y adem\u00e1s era muy grande, con lo que el problema de mi inmensidad y altura quedaba solucionado. El <strong>maletero<\/strong> era descomunal y encima se convert\u00eda en <strong>furgoneta<\/strong>. <\/span><\/p>\n<p align=\"JUSTIFY\">\n<p align=\"JUSTIFY\"><span style=\"color: #000000; font-size: medium;\">Siempre dese\u00e9 tener un coche tan grande para poder transportar mi <strong>bater\u00eda<\/strong> de garito en garito. Ya les cuento. Fue muy especial. Mi primer coche, comprado con el sudor de mi frente y estrenado por mi menda. Pero <strong>no olvido mis otros primeros coches, en donde aprend\u00ed de verdad a conducir y a circular, aquellos heredados de mi padre, que cada a\u00f1o que transcurre se me antojan m\u00e1s entra\u00f1ables<\/strong>. <\/span><\/p>\n<p align=\"JUSTIFY\">\n<div id=\"attachment_935\" style=\"width: 458px\" class=\"wp-caption alignleft\"><a href=\"\/loch-lomond\/wp-content\/uploads\/sites\/10\/2012\/05\/7-los-autos-de-los-simpsons-coches-dibujos.jpg\"><img aria-describedby=\"caption-attachment-935\" loading=\"lazy\" class=\"size-full wp-image-935\" title=\"7-los-autos-de-los-simpsons-coches-dibujos\" src=\"\/loch-lomond\/wp-content\/uploads\/sites\/10\/2012\/05\/7-los-autos-de-los-simpsons-coches-dibujos.jpg\" alt=\"Es muy entra\u00f1able heredar el viejo coche de tu padre\" width=\"448\" height=\"336\" srcset=\"https:\/\/static-blogs.hoy.es\/wp-content\/uploads\/sites\/10\/2012\/05\/7-los-autos-de-los-simpsons-coches-dibujos.jpg 448w, https:\/\/static-blogs.hoy.es\/wp-content\/uploads\/sites\/10\/2012\/05\/7-los-autos-de-los-simpsons-coches-dibujos-300x225.jpg 300w\" sizes=\"(max-width: 448px) 100vw, 448px\" \/><\/a><p id=\"caption-attachment-935\" class=\"wp-caption-text\">Es muy entra\u00f1able heredar el viejo coche de tu padre<\/p><\/div>\n<p align=\"JUSTIFY\">\n<p align=\"JUSTIFY\"><span style=\"color: #000000; font-size: medium;\">Recuerdo con especial cari\u00f1o el primero de ellos, un <strong>Seat 131 Diplomatic<\/strong>, que tendr\u00eda la friolera de casi <strong>20 a\u00f1os<\/strong>. Aun as\u00ed <strong>con las prestaciones m\u00e1s actuales<\/strong>. Dispon\u00eda incluso de <strong>cintur\u00f3n de seguridad en los asientos traseros<\/strong>, algo que no era muy habitual en los <strong>coches m\u00e1s antiguos,<\/strong> e incluso <strong>aire acondicionado, direcci\u00f3n asistida y elevalunas el\u00e9ctricos<\/strong>. <\/span><\/p>\n<p align=\"JUSTIFY\">\n<p align=\"JUSTIFY\"><span style=\"color: #000000; font-size: medium;\">Ten\u00eda una <strong>potencia formidable<\/strong>, algo peligroso para un <strong>novato<\/strong>, pero lo peor sin duda era que pose\u00eda el <strong>ralent\u00ed<\/strong> m\u00e1s bajo de la historia y no hab\u00eda forma humana de subirlo.<\/span><\/p>\n<p align=\"JUSTIFY\">\n<p align=\"JUSTIFY\"><span style=\"color: #000000; font-size: medium;\">\u00a0La primera vez que lo utilic\u00e9, con mi hermano peque\u00f1o como conejillo de indias, <strong>se me calaba cada vez que paraba o intentaba cambiar de marcha<\/strong>. \u00a1Acostumbrado a aquellos <strong>coches de autoescuela que no se calan ni a la de tres<\/strong>! Si ese d\u00eda no tuve ning\u00fan accidente significa que pas\u00e9 la prueba, y as\u00ed el \u2018<strong>Falcom\u00f3vil<\/strong>\u2019 o \u2018<strong>Diplodocus<\/strong>\u2019 como lo llamaban mis amigos, se convirti\u00f3 en <strong>compa\u00f1ero inseparable en excursiones, botellones y conciertos<\/strong>. <\/span><\/p>\n<p align=\"JUSTIFY\">\n<p align=\"JUSTIFY\"><span style=\"color: #000000; font-size: medium;\">No utilizaba <strong>gasolina<\/strong>. Literalmente la tragaba. <strong>Recuerdo un viaje a los Estudios Jammin de M\u00e9rida ida y vuelta a Badajoz<\/strong>. Dos mil pelas de la \u00e9poca (a\u00f1o 98) que ya eran litros, y al volver ya se me estaba encendiendo la <strong>reserva<\/strong>. <\/span><\/p>\n<p align=\"JUSTIFY\">\n<p align=\"JUSTIFY\"><span style=\"color: #000000; font-size: medium;\">Despu\u00e9s hered\u00e9 <strong>un viejo Passat<\/strong>, otro cochazo incre\u00edble y enorme, pero con la particularidad de que <strong>carec\u00eda de aire acondicionado y de direcci\u00f3n asistida<\/strong>. Cuando llevaba a un compa\u00f1ero al trabajo, este deb\u00eda de ayudarme a mover el <strong>volante<\/strong> para <strong>maniobrar<\/strong>. Despu\u00e9s, a lo mejor en pleno agosto, muerto de calor, me preguntaba: \u00ab\u00bf<strong>Tiene aire acondicionado<\/strong>?\u00bb Y yo respond\u00eda ir\u00f3nico: \u00ab<strong>S\u00ed, s\u00ed, acondicionado\u2026 a condici\u00f3n de que bajes la ventanilla<\/strong>\u00bb.<\/span><\/p>\n<p>&nbsp;<\/p>\n<p class=\"wp-caption-dt\">\n<a href=\"\/loch-lomond\/wp-content\/uploads\/sites\/10\/2012\/05\/Diplomatic.jpg\"><img loading=\"lazy\" class=\"size-full wp-image-934\" title=\"Diplomatic\" src=\"\/loch-lomond\/wp-content\/uploads\/sites\/10\/2012\/05\/Diplomatic.jpg\" alt=\"Guardo muy buenos recuerdos del \"Diplomatic\" con el que aprend\u00ed a conducir.\" width=\"500\" height=\"333\" srcset=\"https:\/\/static-blogs.hoy.es\/wp-content\/uploads\/sites\/10\/2012\/05\/Diplomatic.jpg 500w, https:\/\/static-blogs.hoy.es\/wp-content\/uploads\/sites\/10\/2012\/05\/Diplomatic-300x200.jpg 300w\" sizes=\"(max-width: 500px) 100vw, 500px\" \/><\/a>\n<p class=\"wp-caption-dt\">\n<p>&nbsp;<\/p>\n<p><span style=\"color: #000000; font-size: medium;\">Desde que <strong>vivo en un nuevo barrio perif\u00e9rico en mi ciudad<\/strong>, mi novia y yo nos vimos en la necesidad de <strong>disponer de otro veh\u00edculo para asegurar nuestra movilidad<\/strong>, por lo que hered\u00e9 hace m\u00e1s de un a\u00f1o el <strong>viejo coche<\/strong> de mi t\u00edo Juan Carlos, heredado y <strong>maqueado<\/strong> a su vez por mi hermano, y que ahora suele pasear quien suscribe con la cabeza muy alta por su ciudad. <\/span><\/p>\n<p>&nbsp;<\/p>\n<p><span style=\"color: #000000; font-size: medium;\">Aunque <strong>la carcasa exterior es horrible<\/strong>, y hay quien no me mirar\u00e1 con buenos ojos, yo le profeso el m\u00e1s especial de los cari\u00f1os, pues <strong>hace mi vida m\u00e1s pr\u00e1ctica, c\u00f3moda y feliz<\/strong>, y precisamente de eso se trata. <\/span><\/p>\n<p>&nbsp;<\/p>\n<p><span style=\"color: #000000; font-size: medium;\">Es curioso, pero <strong>en mi bloque de reciente construcci\u00f3n, cada vecino dispone de una plaza de garaje<\/strong>, aunque <strong>casi todos disponemos de dos autos<\/strong>. Casi todos <strong>los coches m\u00e1s nuevos duermen bien guarnecidos en el subsuelo<\/strong>, mientras <strong>la calle de atr\u00e1s es una exposici\u00f3n de coches viejos, antiguos y casi destartalados<\/strong>. <\/span><\/p>\n<p>&nbsp;<\/p>\n<p><span style=\"color: #000000; font-size: medium;\">Lo normal, como ven\u00eda ocurriendo hasta ahora, ser\u00eda que poco a poco <strong>los viejos turismos desvencijados dieran paso en la calle a los del garaje, que a su vez ir\u00edan dando paso a los de nueva adquisici\u00f3n<\/strong>. Pero me da en la nariz que quiz\u00e1s <strong>este ciclo cronol\u00f3gico va a sufrir una pausa importante en pos de mejores tiempos, y las calles de nuestras ciudades se convertiran en un marco de coches viejos, otrora olvidados, y que ahora son, cuando hay problemas, los que nos sacan las casta\u00f1as del fuego<\/strong>. <\/span><\/p>\n<p>&nbsp;<\/p>\n<p><span style=\"color: #000000; font-size: medium;\"><strong>No repudien ni desprecien estos coches, ni los env\u00eden con un billete de ida al cadalso de cualquier desguace a las primeras de cambio<\/strong>. <strong>Es \u00e9poca de coches viejos, de coches que sabr\u00e1n disculpar a sus due\u00f1os el antiguo desprecio y la falta de atenciones<\/strong>. <\/span><\/p>\n<p>&nbsp;<\/p>\n<p><span style=\"color: #000000; font-size: medium;\">De <strong>coches viejos<\/strong>, cuyas almas nunca olvidar\u00e1n que <strong>hubo un d\u00eda en el que fueron el orgullo y la ilusi\u00f3n de sus entonces so\u00f1adores due\u00f1os<\/strong>.<\/span><\/p>\n<p>&nbsp;<\/p>\n<div style=\"text-align: center;\"><span style=\"color: #000000; font-size: medium;\"><em>Publicado en <strong>Diario HOY<\/strong> el 13\/05\/2012<\/em><\/span><\/div>\n<p><span style=\"color: #000000; font-size: medium;\"><a href=\"http:\/\/hoy.kioskoymas.com\/epaper\/showlink.aspx?bookmarkid=X9FFVLJW2HS5&#038;preview=magnifier&#038;linkid=b45269f6-cc79-4e20-9f1b-bb1c88710b63&#038;pdaffid=1NEHCXDv4QZRFanP7KJR9A%3d%3d\"><span style=\"color: #000000;\"><img class=\"aligncenter\" src=\"\/\/cache2-thumb1.pressdisplay.com\/pressdisplay\/docserver\/getimage.aspx?file=22012012051300000000001001&#038;page=36&#038;scale=23\" alt=\"\" \/><\/span><\/a><\/span><\/p>\n<!-- AddThis Advanced Settings generic via filter on the_content --><!-- AddThis Share Buttons generic via filter on the_content -->","protected":false},"excerpt":{"rendered":"<p>&nbsp; Enrique Falc\u00f3. Conductor nost\u00e1lgico &nbsp; De entrada que quede claro que no soy un apasionado de los coches. Es decir, que alg\u00fan modelo espectacular puede llamarme la atenci\u00f3n, de la misma manera que un bonito cuadro, un bello paraje o una preciosa sonrisa. Pero no estoy al tanto de las nuevas gamas, ni de [&hellip;]<!-- AddThis Advanced Settings generic via filter on get_the_excerpt --><!-- AddThis Share Buttons generic via filter on get_the_excerpt --><\/p>\n","protected":false},"author":14,"featured_media":0,"comment_status":"open","ping_status":"closed","sticky":false,"template":"","format":"standard","meta":[],"categories":[8],"tags":[164,313,391,401,403,437,584,802,997,1007,1037,1039,1040,1041,1042,1105,1139,1401,1419,1439,1461,1462,1466,1515,1806,1833,1927,1934,2003,2242,2246,2376,2537,2581,3103,3321,3529,3733,3735,3797,3811,3927,3982,4205,4606,4741,4775,4803,5084,5184,5244],"_links":{"self":[{"href":"https:\/\/blogs.hoy.es\/loch-lomond\/wp-json\/wp\/v2\/posts\/931"}],"collection":[{"href":"https:\/\/blogs.hoy.es\/loch-lomond\/wp-json\/wp\/v2\/posts"}],"about":[{"href":"https:\/\/blogs.hoy.es\/loch-lomond\/wp-json\/wp\/v2\/types\/post"}],"author":[{"embeddable":true,"href":"https:\/\/blogs.hoy.es\/loch-lomond\/wp-json\/wp\/v2\/users\/14"}],"replies":[{"embeddable":true,"href":"https:\/\/blogs.hoy.es\/loch-lomond\/wp-json\/wp\/v2\/comments?post=931"}],"version-history":[{"count":0,"href":"https:\/\/blogs.hoy.es\/loch-lomond\/wp-json\/wp\/v2\/posts\/931\/revisions"}],"wp:attachment":[{"href":"https:\/\/blogs.hoy.es\/loch-lomond\/wp-json\/wp\/v2\/media?parent=931"}],"wp:term":[{"taxonomy":"category","embeddable":true,"href":"https:\/\/blogs.hoy.es\/loch-lomond\/wp-json\/wp\/v2\/categories?post=931"},{"taxonomy":"post_tag","embeddable":true,"href":"https:\/\/blogs.hoy.es\/loch-lomond\/wp-json\/wp\/v2\/tags?post=931"}],"curies":[{"name":"wp","href":"https:\/\/api.w.org\/{rel}","templated":true}]}}