{"id":94,"date":"2010-08-28T00:01:00","date_gmt":"2010-08-28T00:01:00","guid":{"rendered":"http:\/\/blogs.hoy.es\/loch-lomond\/?p=93"},"modified":"2010-08-28T00:01:00","modified_gmt":"2010-08-28T00:01:00","slug":"caracoles-bigaros-ranas-y-tikismikis","status":"publish","type":"post","link":"https:\/\/blogs.hoy.es\/loch-lomond\/2010\/08\/28\/caracoles-bigaros-ranas-y-tikismikis\/","title":{"rendered":"CARACOLES, B\u00cdGAROS, RANAS Y TIKISMIKIS."},"content":{"rendered":"<p class=MsoNormal style=\"MARGIN: 0cm 0cm 0pt; TEXT-ALIGN: justify\"><span style=\"FONT-SIZE: 10pt; COLOR: navy; FONT-FAMILY: Verdana\"><img id=img_0 src=\"\/\/farm4.static.flickr.com\/3085\/2783783866_fef8099a64.jpg\"\/><\/span><\/p>\n<p><span style=\"FONT-SIZE: 10pt; COLOR: navy; FONT-FAMILY: Verdana\"><\/span> <\/p>\n<p class=MsoNormal style=\"MARGIN: 0cm 0cm 0pt; TEXT-ALIGN: justify\">\n<p class=MsoNormal style=\"MARGIN: 0cm 0cm 0pt; TEXT-ALIGN: justify\">\n<p class=MsoNormal style=\"MARGIN: 0cm 0cm 0pt; TEXT-ALIGN: justify\">\n<p class=MsoNormal style=\"MARGIN: 0cm 0cm 0pt; TEXT-ALIGN: justify\">\n<p class=MsoNormal style=\"MARGIN: 0cm 0cm 0pt; TEXT-ALIGN: justify\">\n<p class=MsoNormal style=\"MARGIN: 0cm 0cm 0pt; TEXT-ALIGN: justify\">\n<p class=MsoNormal style=\"MARGIN: 0cm 0cm 0pt; TEXT-ALIGN: justify\">\n<p class=MsoNormal style=\"MARGIN: 0cm 0cm 0pt; TEXT-ALIGN: justify\">\n<p class=MsoNormal style=\"MARGIN: 0cm 0cm 0pt; TEXT-ALIGN: justify\">\n<p class=MsoNormal style=\"MARGIN: 0cm 0cm 0pt; TEXT-ALIGN: justify\">\n<p class=MsoNormal style=\"MARGIN: 0cm 0cm 0pt; TEXT-ALIGN: justify\"><span style=\"FONT-SIZE: 10pt; COLOR: navy; FONT-FAMILY: Verdana\">Hoy en d\u00eda existe mucho \u201ctikismikis\u201d suelto con el tema de la comida. En serio. \u00bfSe pueden creer que haya gente a la que no le gusten los caracoles? \u00a1Asco! me dicen algunos que les da. Que el solo hecho de pensar que se van a comer un caracol les produce ganas de vomitar. Pues ellos se lo pierden. Ser\u00e1 porque como yo siempre los he visto comer en mi casa desde chico me parece lo m\u00e1s normal del mundo. Los b\u00edgaros tambi\u00e9n me privan. Y sobre todo las ancas de rana. Pocas cosas hay tan exquisitas y deliciosas que a la vez le d\u00e9 pavor a tanta gente. <\/span><\/p>\n<p><span style=\"FONT-SIZE: 10pt; COLOR: navy; FONT-FAMILY: Verdana\"><\/span><\/p>\n<p><span style=\"FONT-SIZE: 10pt; COLOR: navy; FONT-FAMILY: Verdana\"><\/span><\/p>\n<p><span style=\"FONT-SIZE: 10pt; COLOR: navy; FONT-FAMILY: Verdana\"><\/span><\/p>\n<p><span style=\"FONT-SIZE: 10pt; COLOR: navy; FONT-FAMILY: Verdana\"><\/span><\/p>\n<p><span style=\"FONT-SIZE: 10pt; COLOR: navy; FONT-FAMILY: Verdana\"><\/span><\/p>\n<p><span style=\"FONT-SIZE: 10pt; COLOR: navy; FONT-FAMILY: Verdana\"><\/span><\/p>\n<p><span style=\"FONT-SIZE: 10pt; COLOR: navy; FONT-FAMILY: Verdana\"><\/span><\/p>\n<p class=MsoNormal style=\"MARGIN: 0cm 0cm 0pt; TEXT-ALIGN: justify\">\n<p class=MsoNormal style=\"MARGIN: 0cm 0cm 0pt; TEXT-ALIGN: justify\"><span style=\"FONT-SIZE: 10pt; COLOR: navy; FONT-FAMILY: Verdana\"><\/span><\/p>\n<p class=MsoNormal style=\"MARGIN: 0cm 0cm 0pt; TEXT-ALIGN: justify\"><span style=\"FONT-SIZE: 10pt; COLOR: navy; FONT-FAMILY: Verdana\">\u00bfC\u00f3mo puede haber gente a la que no le gusten las ancas de rana? Parece que me estoy viendo, de m\u00e1s peque\u00f1o, en Jerez de los Caballeros, el pueblo de mi madre, comiendo ancas de rana en < ?xml:namespace prefix = st1 ns = \"urn:schemas-microsoft-com:office:smarttags\" \/><st1:personname ProductID=\"La Ermita\" w:st=\"on\">La Ermita<\/st1:personname>, junto al Kiosco de Valentina. \u00a1Que bien las preparaban!<\/span><\/p>\n<p><span style=\"FONT-SIZE: 10pt; COLOR: navy; FONT-FAMILY: Verdana\"><\/span><\/p>\n<p><span style=\"FONT-SIZE: 10pt; COLOR: navy; FONT-FAMILY: Verdana\"><\/span><\/p>\n<p><span style=\"FONT-SIZE: 10pt; COLOR: navy; FONT-FAMILY: Verdana\"><\/span><\/p>\n<p><span style=\"FONT-SIZE: 10pt; COLOR: navy; FONT-FAMILY: Verdana\"><\/span><\/p>\n<p><span style=\"FONT-SIZE: 10pt; COLOR: navy; FONT-FAMILY: Verdana\"><\/span><\/p>\n<p><span style=\"FONT-SIZE: 10pt; COLOR: navy; FONT-FAMILY: Verdana\"><\/span><\/p>\n<p class=MsoNormal style=\"MARGIN: 0cm 0cm 0pt; TEXT-ALIGN: justify\">\n<p><span style=\"FONT-SIZE: 10pt; COLOR: navy; FONT-FAMILY: Verdana\"><\/span><\/p>\n<p><span style=\"FONT-SIZE: 10pt; COLOR: navy; FONT-FAMILY: Verdana\"><\/span><\/p>\n<p><span style=\"FONT-SIZE: 10pt; COLOR: navy; FONT-FAMILY: Verdana\"><\/span><\/p>\n<p><span style=\"FONT-SIZE: 10pt; COLOR: navy; FONT-FAMILY: Verdana\"><\/span><\/p>\n<p><span style=\"FONT-SIZE: 10pt; COLOR: navy; FONT-FAMILY: Verdana\">< ?xml:namespace prefix = o ns = \"urn:schemas-microsoft-com:office:office\" \/><o:p><img id=img_1 src=\"\/\/3.bp.blogspot.com\/_hfhnJgFLpmE\/Si1PP8Ck6LI\/AAAAAAAAAk0\/_zxz3jpTwko\/s400\/caracoles..jpg\"\/><\/o:p><\/span><\/p>\n<p class=MsoNormal style=\"MARGIN: 0cm 0cm 0pt; TEXT-ALIGN: justify\">\n<p class=MsoNormal style=\"MARGIN: 0cm 0cm 0pt; TEXT-ALIGN: justify\">\n<p class=MsoNormal style=\"MARGIN: 0cm 0cm 0pt; TEXT-ALIGN: justify\">\n<p class=MsoNormal style=\"MARGIN: 0cm 0cm 0pt; TEXT-ALIGN: justify\">\n<p class=MsoNormal style=\"MARGIN: 0cm 0cm 0pt; TEXT-ALIGN: justify\">\n<p class=MsoNormal style=\"MARGIN: 0cm 0cm 0pt; TEXT-ALIGN: justify\">\n<p class=MsoNormal style=\"MARGIN: 0cm 0cm 0pt; TEXT-ALIGN: justify\">\n<p class=MsoNormal style=\"MARGIN: 0cm 0cm 0pt; TEXT-ALIGN: justify\">\n<p class=MsoNormal style=\"MARGIN: 0cm 0cm 0pt; TEXT-ALIGN: justify\"><span style=\"FONT-SIZE: 10pt; COLOR: navy; FONT-FAMILY: Verdana\"><o:p><\/o:p><\/span><\/p>\n<p class=MsoNormal style=\"MARGIN: 0cm 0cm 0pt; TEXT-ALIGN: justify\"><span style=\"FONT-SIZE: 10pt; COLOR: navy; FONT-FAMILY: Verdana\">A mi me parece muy bien que existan personas a la que no le gusten determinadas comidas, porque a m\u00ed, personalmente, hay algunas que no las aguanto. Quiz\u00e1s otras me gusten m\u00e1s o menos, pero puedo afirmar categ\u00f3ricamente que si no me gustan es porque las he probado primero. Ocurre con cierto tipo de manjares, como los anteriormente nombrados, que la gente los desprecia simplemente por lo que son, sin haberse tomado la molestia de probarlos primero. Mejor para m\u00ed, a m\u00e1s nos toca. Dicho esto\u2026 \u00bfQuien me puede recomendar un buen sitio en Badajoz para degustar unas buenas ancas de rana? <span style=\"mso-spacerun: yes\"><\/span>O mejor a\u00fan \u00bfQui\u00e9n me invita? A mi me encanta que me inviten a comer. Me dejo invitar con una facilidad pasmosa. Pero bueno, no se asusten, que el LOCH LOMOND de postre lo pago yo.<o:p><\/o:p><\/span><\/p>\n<!-- AddThis Advanced Settings generic via filter on the_content --><!-- AddThis Share Buttons generic via filter on the_content -->","protected":false},"excerpt":{"rendered":"<p>Hoy en d\u00eda existe mucho \u201ctikismikis\u201d suelto con el tema de la comida. En serio. \u00bfSe pueden creer que haya gente a la que no le gusten los caracoles? \u00a1Asco! me dicen algunos que les da. Que el solo hecho de pensar que se van a comer un caracol les produce ganas de vomitar. Pues [&hellip;]<!-- AddThis Advanced Settings generic via filter on get_the_excerpt --><!-- AddThis Share Buttons generic via filter on get_the_excerpt --><\/p>\n","protected":false},"author":14,"featured_media":0,"comment_status":"open","ping_status":"closed","sticky":false,"template":"","format":"standard","meta":[],"categories":[2],"tags":[560,793,1092,4980],"_links":{"self":[{"href":"https:\/\/blogs.hoy.es\/loch-lomond\/wp-json\/wp\/v2\/posts\/94"}],"collection":[{"href":"https:\/\/blogs.hoy.es\/loch-lomond\/wp-json\/wp\/v2\/posts"}],"about":[{"href":"https:\/\/blogs.hoy.es\/loch-lomond\/wp-json\/wp\/v2\/types\/post"}],"author":[{"embeddable":true,"href":"https:\/\/blogs.hoy.es\/loch-lomond\/wp-json\/wp\/v2\/users\/14"}],"replies":[{"embeddable":true,"href":"https:\/\/blogs.hoy.es\/loch-lomond\/wp-json\/wp\/v2\/comments?post=94"}],"version-history":[{"count":0,"href":"https:\/\/blogs.hoy.es\/loch-lomond\/wp-json\/wp\/v2\/posts\/94\/revisions"}],"wp:attachment":[{"href":"https:\/\/blogs.hoy.es\/loch-lomond\/wp-json\/wp\/v2\/media?parent=94"}],"wp:term":[{"taxonomy":"category","embeddable":true,"href":"https:\/\/blogs.hoy.es\/loch-lomond\/wp-json\/wp\/v2\/categories?post=94"},{"taxonomy":"post_tag","embeddable":true,"href":"https:\/\/blogs.hoy.es\/loch-lomond\/wp-json\/wp\/v2\/tags?post=94"}],"curies":[{"name":"wp","href":"https:\/\/api.w.org\/{rel}","templated":true}]}}