{"id":95,"date":"2010-08-29T00:01:00","date_gmt":"2010-08-28T23:01:00","guid":{"rendered":"http:\/\/blogs.hoy.es\/loch-lomond\/?p=94"},"modified":"2010-08-29T00:01:00","modified_gmt":"2010-08-28T23:01:00","slug":"lo-mal-empieza","status":"publish","type":"post","link":"https:\/\/blogs.hoy.es\/loch-lomond\/2010\/08\/29\/lo-mal-empieza\/","title":{"rendered":"LO QUE MAL EMPIEZA&#8230;"},"content":{"rendered":"<p class=MsoNormal style=\"MARGIN: 0cm 0cm 0pt; TEXT-ALIGN: justify\"><span style=\"FONT-SIZE: 10pt; COLOR: navy; FONT-FAMILY: Verdana\"><img id=img_0 src=\"\/\/dalje.com\/slike\/slike_3\/r1\/g2008\/m10\/y183739410346157.jpg\"\/><\/span><\/p>\n<p class=MsoNormal style=\"MARGIN: 0cm 0cm 0pt; TEXT-ALIGN: justify\"><span style=\"FONT-SIZE: 10pt; COLOR: navy; FONT-FAMILY: Verdana\"><\/span><\/p>\n<p class=MsoNormal style=\"MARGIN: 0cm 0cm 0pt; TEXT-ALIGN: justify\"><span style=\"FONT-SIZE: 10pt; COLOR: navy; FONT-FAMILY: Verdana\"><\/span><\/p>\n<p class=MsoNormal style=\"MARGIN: 0cm 0cm 0pt; TEXT-ALIGN: justify\"><span style=\"FONT-SIZE: 10pt; COLOR: navy; FONT-FAMILY: Verdana\"><\/span><\/p>\n<p class=MsoNormal style=\"MARGIN: 0cm 0cm 0pt; TEXT-ALIGN: justify\"><span style=\"FONT-SIZE: 10pt; COLOR: navy; FONT-FAMILY: Verdana\"><\/span><\/p>\n<p class=MsoNormal style=\"MARGIN: 0cm 0cm 0pt; TEXT-ALIGN: justify\"><span style=\"FONT-SIZE: 10pt; COLOR: navy; FONT-FAMILY: Verdana\"><\/span><\/p>\n<p><span style=\"FONT-SIZE: 10pt; COLOR: navy; FONT-FAMILY: Verdana\"><\/span><\/p>\n<p class=MsoNormal style=\"MARGIN: 0cm 0cm 0pt; TEXT-ALIGN: justify\">\n<p class=MsoNormal style=\"MARGIN: 0cm 0cm 0pt; TEXT-ALIGN: justify\"><span style=\"FONT-SIZE: 10pt; COLOR: navy; FONT-FAMILY: Verdana\">No s\u00e9 si nos hemos vuelto tontos, pero ahora resulta que los medios de comunicaci\u00f3n, comentaristas y parte de los aficionados est\u00e1n hasta contentos porque hemos empezado perdiendo el primer partido del Mundial de Baloncesto. De acuerdo, en el \u00faltimo Europeo de Basket empezamos perdiendo, y al final ganamos de calle. Hace un par de meses tambi\u00e9n comenzamos con derrota el Mundial de f\u00fatbol de Sud\u00e1frica y ganamos la final \u00e9picamente. Pero por Dios no nos llevemos a enga\u00f1o. Est\u00e1 claro que tenemos una gran selecci\u00f3n de Baloncesto, y perder un partido en un grupo de 6 donde se clasifican 4 no significa que vayamos a quedarnos fuera a las primeras de cambio, pero dej\u00e9monos de tonter\u00edas y no queramos negar la realidad.<\/span><\/p>\n<p><span style=\"FONT-SIZE: 10pt; COLOR: navy; FONT-FAMILY: Verdana\"><\/span><\/p>\n<p><span style=\"FONT-SIZE: 10pt; COLOR: navy; FONT-FAMILY: Verdana\"><\/span><\/p>\n<p><span style=\"FONT-SIZE: 10pt; COLOR: navy; FONT-FAMILY: Verdana\"><\/span><\/p>\n<p><span style=\"FONT-SIZE: 10pt; COLOR: navy; FONT-FAMILY: Verdana\"><\/span><\/p>\n<p><span style=\"FONT-SIZE: 10pt; COLOR: navy; FONT-FAMILY: Verdana\"><\/span><\/p>\n<p><span style=\"FONT-SIZE: 10pt; COLOR: navy; FONT-FAMILY: Verdana\"><\/span><\/p>\n<p><span style=\"FONT-SIZE: 10pt; COLOR: navy; FONT-FAMILY: Verdana\"><\/span><\/p>\n<p><span style=\"FONT-SIZE: 10pt; COLOR: navy; FONT-FAMILY: Verdana\"><\/span><\/p>\n<p><span style=\"FONT-SIZE: 10pt; COLOR: navy; FONT-FAMILY: Verdana\">< ?xml:namespace prefix = o ns = \"urn:schemas-microsoft-com:office:office\" \/><o:p><\/o:p><\/span><\/p>\n<p class=MsoNormal style=\"MARGIN: 0cm 0cm 0pt; TEXT-ALIGN: justify\">\n<p class=MsoNormal style=\"MARGIN: 0cm 0cm 0pt; TEXT-ALIGN: justify\"><span style=\"FONT-SIZE: 10pt; COLOR: navy; FONT-FAMILY: Verdana\"><o:p><\/o:p><\/span><\/p>\n<p class=MsoNormal style=\"MARGIN: 0cm 0cm 0pt; TEXT-ALIGN: justify\"><span style=\"FONT-SIZE: 10pt; COLOR: navy; FONT-FAMILY: Verdana\">Hemos empezado malamente. Desde el principio no hemos tenido ritmo. Los jugadores han estado muy apagados y se nos ha ido el partido en los tiros libres. Ahora es tiempo de reflexionar y mejorar, teniendo en cuenta que no debemos cometer m\u00e1s fallos.<\/span><\/p>\n<p><span style=\"FONT-SIZE: 10pt; COLOR: navy; FONT-FAMILY: Verdana\"><\/span><\/p>\n<p><span style=\"FONT-SIZE: 10pt; COLOR: navy; FONT-FAMILY: Verdana\"><\/span><\/p>\n<p><span style=\"FONT-SIZE: 10pt; COLOR: navy; FONT-FAMILY: Verdana\"><\/span><\/p>\n<p><span style=\"FONT-SIZE: 10pt; COLOR: navy; FONT-FAMILY: Verdana\"><\/span><\/p>\n<p><span style=\"FONT-SIZE: 10pt; COLOR: navy; FONT-FAMILY: Verdana\"><\/span><\/p>\n<p><span style=\"FONT-SIZE: 10pt; COLOR: navy; FONT-FAMILY: Verdana\"><\/span><\/p>\n<p><span style=\"FONT-SIZE: 10pt; COLOR: navy; FONT-FAMILY: Verdana\"><\/span><\/p>\n<p><span style=\"FONT-SIZE: 10pt; COLOR: navy; FONT-FAMILY: Verdana\"><\/span><\/p>\n<p><span style=\"FONT-SIZE: 10pt; COLOR: navy; FONT-FAMILY: Verdana\"><\/span><\/p>\n<p><span style=\"FONT-SIZE: 10pt; COLOR: navy; FONT-FAMILY: Verdana\"><\/span><\/p>\n<p><span style=\"FONT-SIZE: 10pt; COLOR: navy; FONT-FAMILY: Verdana\"><o:p><img id=img_1 src=\"\/\/imgs.segundamano.es\/images\/468\/46832049102.jpg\"\/><\/o:p><\/span><\/p>\n<p class=MsoNormal style=\"MARGIN: 0cm 0cm 0pt; TEXT-ALIGN: justify\">\n<p><span style=\"FONT-SIZE: 10pt; COLOR: navy; FONT-FAMILY: Verdana\"><o:p><\/o:p><\/span> <\/p>\n<p class=MsoNormal style=\"MARGIN: 0cm 0cm 0pt; TEXT-ALIGN: justify\">\n<p class=MsoNormal style=\"MARGIN: 0cm 0cm 0pt; TEXT-ALIGN: justify\">\n<p class=MsoNormal style=\"MARGIN: 0cm 0cm 0pt; TEXT-ALIGN: justify\">\n<p class=MsoNormal style=\"MARGIN: 0cm 0cm 0pt; TEXT-ALIGN: justify\">\n<p class=MsoNormal style=\"MARGIN: 0cm 0cm 0pt; TEXT-ALIGN: justify\">\n<p class=MsoNormal style=\"MARGIN: 0cm 0cm 0pt; TEXT-ALIGN: justify\">\n<p class=MsoNormal style=\"MARGIN: 0cm 0cm 0pt; TEXT-ALIGN: justify\">\n<p class=MsoNormal style=\"MARGIN: 0cm 0cm 0pt; TEXT-ALIGN: justify\"><span style=\"FONT-SIZE: 10pt; COLOR: navy; FONT-FAMILY: Verdana\">Personalmente tengo mucha esperanza en esta selecci\u00f3n, ante todo porque ya han ganado todo y nos han demostrado que son los m\u00e1s grandes. Si no se hace algo importante en este Mundial tampoco se va a acabar el mundo, pero ser\u00eda una l\u00e1stima que si eso ocurre sea por excesiva relajaci\u00f3n o incluso por falta de concentraci\u00f3n o apat\u00eda. Creo que titulares como por ejemplo el que le\u00ed ayer en el Diario Marca \u201cLo que mal empieza puede terminar bien\u201d no se ajustan a la realidad. En mi opini\u00f3n, lo normal es que \u201cLo que mal empieza mal acaba\u201d, y eso lo dice el refranero popular, que como buen refranero y popular no se casa con nadie. A ver si nos vamos enterando. De todas formas, tengamos fe en que acabe bien.<o:p><\/o:p><\/span><\/p>\n<!-- AddThis Advanced Settings generic via filter on the_content --><!-- AddThis Share Buttons generic via filter on the_content -->","protected":false},"excerpt":{"rendered":"<p>No s\u00e9 si nos hemos vuelto tontos, pero ahora resulta que los medios de comunicaci\u00f3n, comentaristas y parte de los aficionados est\u00e1n hasta contentos porque hemos empezado perdiendo el primer partido del Mundial de Baloncesto. De acuerdo, en el \u00faltimo Europeo de Basket empezamos perdiendo, y al final ganamos de calle. Hace un par de [&hellip;]<!-- AddThis Advanced Settings generic via filter on get_the_excerpt --><!-- AddThis Share Buttons generic via filter on get_the_excerpt --><\/p>\n","protected":false},"author":14,"featured_media":0,"comment_status":"open","ping_status":"closed","sticky":false,"template":"","format":"standard","meta":[],"categories":[5],"tags":[455,501,1515,1806,1879,1953,3103],"_links":{"self":[{"href":"https:\/\/blogs.hoy.es\/loch-lomond\/wp-json\/wp\/v2\/posts\/95"}],"collection":[{"href":"https:\/\/blogs.hoy.es\/loch-lomond\/wp-json\/wp\/v2\/posts"}],"about":[{"href":"https:\/\/blogs.hoy.es\/loch-lomond\/wp-json\/wp\/v2\/types\/post"}],"author":[{"embeddable":true,"href":"https:\/\/blogs.hoy.es\/loch-lomond\/wp-json\/wp\/v2\/users\/14"}],"replies":[{"embeddable":true,"href":"https:\/\/blogs.hoy.es\/loch-lomond\/wp-json\/wp\/v2\/comments?post=95"}],"version-history":[{"count":0,"href":"https:\/\/blogs.hoy.es\/loch-lomond\/wp-json\/wp\/v2\/posts\/95\/revisions"}],"wp:attachment":[{"href":"https:\/\/blogs.hoy.es\/loch-lomond\/wp-json\/wp\/v2\/media?parent=95"}],"wp:term":[{"taxonomy":"category","embeddable":true,"href":"https:\/\/blogs.hoy.es\/loch-lomond\/wp-json\/wp\/v2\/categories?post=95"},{"taxonomy":"post_tag","embeddable":true,"href":"https:\/\/blogs.hoy.es\/loch-lomond\/wp-json\/wp\/v2\/tags?post=95"}],"curies":[{"name":"wp","href":"https:\/\/api.w.org\/{rel}","templated":true}]}}