{"id":954,"date":"2012-05-23T00:16:27","date_gmt":"2012-05-22T23:16:27","guid":{"rendered":"http:\/\/blogs.hoy.es\/loch-lomond\/?p=954"},"modified":"2012-05-23T00:16:27","modified_gmt":"2012-05-22T23:16:27","slug":"the-sound-of-music","status":"publish","type":"post","link":"https:\/\/blogs.hoy.es\/loch-lomond\/2012\/05\/23\/the-sound-of-music\/","title":{"rendered":"The sound of music"},"content":{"rendered":"<p>&nbsp;<\/p>\n<a href=\"\/loch-lomond\/wp-content\/uploads\/sites\/10\/2012\/05\/sound-of-music.jpg\"><img loading=\"lazy\" class=\"size-medium wp-image-955\" title=\"sound of music\" src=\"\/loch-lomond\/wp-content\/uploads\/sites\/10\/2012\/05\/sound-of-music.jpg\" alt=\"Portada de la antigua \"The sound of music\" ... que en Espa\u00f1a se llama \"Sonrisas y l\u00e1grimas...\u00a1Qu\u00e9 cosas!\" width=\"300\" height=\"298\" srcset=\"https:\/\/static-blogs.hoy.es\/wp-content\/uploads\/sites\/10\/2012\/05\/sound-of-music.jpg 500w, https:\/\/static-blogs.hoy.es\/wp-content\/uploads\/sites\/10\/2012\/05\/sound-of-music-150x150.jpg 150w, https:\/\/static-blogs.hoy.es\/wp-content\/uploads\/sites\/10\/2012\/05\/sound-of-music-300x298.jpg 300w\" sizes=\"(max-width: 300px) 100vw, 300px\" \/><\/a>\n<p align=\"JUSTIFY\"><span style=\"color: #000080; font-size: medium;\">\u00daltimamente estoy casi siempre de mal caf\u00e9, y con la leche m\u00e1s agria, para qu\u00e9 nos vamos a enga\u00f1ar. <a title=\"del loch lomond al loch castle\" href=\"https:\/\/blogs.hoy.es\/loch-lomond\/2012\/05\/06\/del-loch-lomond-al-loch-castle\/\" target=\"_blank\">Esta maldita crisis<\/a>\u00a0 o estado del mal estar y peor vivir est\u00e1 consiguiendo agrietarnos el car\u00e1cter a los mayores cachondos mentales de anta\u00f1o. Aunque no voy a enga\u00f1arles, no s\u00f3lo es la crisis. Las injusticias y las tonter\u00edas ayudan mucho en este lamentable estado. De mi libro &#8220;<a title=\"cr\u00edtica sobre Don de Loch Lomond\" href=\"https:\/\/blogs.hoy.es\/loch-lomond\/2012\/04\/21\/un-brindis-con-loch-lomond\/\" target=\"_blank\">Don de LOCH LOMOND<\/a>&#8221; se han vendido m\u00e1s de la mitad de los tirados, alrededor de 300, aunque ya imaginar\u00e1n que aunque loable, no voy a desbancar a P\u00e9rez Reverte de los primeros puestos en las listas de ventas. No creo que los autores noveles tengamos suficiente apoyo de los medios locales y regionales. Sin ir m\u00e1s lejos s\u00f3lo he conseguido <a title=\"entrevista Enrique Falc\u00f3 en Agitaci\u00f3n y cultura\" href=\"http:\/\/www.canalextremadura.es\/alacarta\/radio\/audios\/enrique-falco#.T7Jc1bAiIfs.facebook\" target=\"_blank\">una entrevista de radio<\/a> en un medio para promocionar mi obra en la pasada <a href=\"https:\/\/blogs.hoy.es\/loch-lomond\/2012\/04\/30\/todos-los-detectives-quieren-ser-flanagan\/\" target=\"_blank\">Feria del Libro de Badajoz<\/a>. Es lamentable, pero existe alg\u00fan medio que no quiere saber nada del menda porque escribe en el Diario HOY, y otros sencillamente me ignoran porque no les parezco de inter\u00e9s. Aunque esto no me pilla de nuevas, tambi\u00e9n me ocurri\u00f3 con la m\u00fasica, cuando en 2001 nos ficharon a los <a title=\"LEFT BROTHERS \"SOLEDAD\"\" href=\"http:\/\/cantarranacorps.blogspot.com.es\/2010\/12\/left-brothers-soledad.html\" target=\"_blank\">Left Brothers<\/a> una discogr\u00e1fica catalana, y sigue ocurriendo con geniales grupos como sin ir m\u00e1s lejos <a title=\"Darksound\" href=\"https:\/\/blogs.hoy.es\/loch-lomond\/2010\/12\/03\/hong-kong-holidays\/\" target=\"_blank\">Darksound<\/a> o <a title=\"the wish\" href=\"https:\/\/blogs.hoy.es\/loch-lomond\/2011\/02\/11\/my-simple-wish\/\" target=\"_blank\">The Wish<\/a>. Nadie Es profeta en su tierra, pero aqu\u00ed somos expertos, como en el caso de Estopa o Alberto Contador, de apropiarnos de sus \u00e9xitos por las ra\u00edces extreme\u00f1as de sus padre o abuelos. \u00a1L\u00e1stima!<\/span><\/p>\n<div id=\"attachment_956\" style=\"width: 110px\" class=\"wp-caption alignnone\"><a href=\"\/loch-lomond\/wp-content\/uploads\/sites\/10\/2012\/05\/left-brothers-soledad-portada.jpg\"><img aria-describedby=\"caption-attachment-956\" loading=\"lazy\" class=\"size-full wp-image-956\" title=\"left brothers soledad portada\" src=\"\/loch-lomond\/wp-content\/uploads\/sites\/10\/2012\/05\/left-brothers-soledad-portada.jpg\" alt=\"Portada de SOLEDAD (2001 MAIDINS) del os pacenses LEFT BROTHERS\" width=\"100\" height=\"100\" \/><\/a><p id=\"caption-attachment-956\" class=\"wp-caption-text\">Portada de SOLEDAD (2001 MAIDINS) de los pacenses LEFT BROTHERS<\/p><\/div>\n<p align=\"JUSTIFY\"><span style=\"color: #000080; font-size: medium;\">El tema laboral tambi\u00e9n influye. Se me presentan 13 d\u00edas seguidos de curro, sin descanso de por medio, y como siempre, de enfrentarme a la realidad de quienes cobran m\u00e1s que tu por trabajar menos y peor. Para colmo el domingo por la noche tuve que bloquear por primera vez en Facebook a un impresentable que no dejaba de decir barbaridades por su bocaza a consecuencia de mi Tribuna dominical sobre <a title=\"Ra\u00fal y el pen\u00faltimo tren\" href=\"https:\/\/blogs.hoy.es\/loch-lomond\/2012\/05\/20\/raul-y-el-penultimo-tren\/\" target=\"_blank\">Ra\u00fal<\/a>. Que t\u00edos hechos y derechos pierdan los papeles por el f\u00fatbol ya no me sorprende pero s\u00ed que me enerva y entristece sobremanera.<\/span><\/p>\n<div id=\"attachment_957\" style=\"width: 410px\" class=\"wp-caption alignnone\"><a href=\"\/loch-lomond\/wp-content\/uploads\/sites\/10\/2012\/05\/homer-madridista.jpg\"><img aria-describedby=\"caption-attachment-957\" loading=\"lazy\" class=\"size-full wp-image-957\" title=\"homer madridista\" src=\"\/loch-lomond\/wp-content\/uploads\/sites\/10\/2012\/05\/homer-madridista.jpg\" alt=\"\u00bfDe qu\u00e9 equipo cre\u00e9is que es Homer?\" width=\"400\" height=\"450\" srcset=\"https:\/\/static-blogs.hoy.es\/wp-content\/uploads\/sites\/10\/2012\/05\/homer-madridista.jpg 400w, https:\/\/static-blogs.hoy.es\/wp-content\/uploads\/sites\/10\/2012\/05\/homer-madridista-267x300.jpg 267w\" sizes=\"(max-width: 400px) 100vw, 400px\" \/><\/a><p id=\"caption-attachment-957\" class=\"wp-caption-text\">\u00bfDe qu\u00e9 equipo de f\u00fatbol cre\u00e9is que es Homer?<\/p><\/div>\n<p align=\"JUSTIFY\"><span style=\"color: #000080; font-size: medium;\">Por todo esto comprender\u00e1n que el lunes por la ma\u00f1ana no gozaba de buen estado de \u00e1nimo. Sin embargo, por aquello de desfogar la subida de leches me dio por irme dando un paseo al tajo escuchando m\u00fasica, que nunca viene mal para el colesterol, en especial para el m\u00edo. Al agenciarme los cascos de mi Blackberry y comenzar a escuchar un tema tras otro el mal humor comenz\u00f3 poco a poco a dar paso al optimismo, y en apenas diez minutos recuper\u00e9 la sonrisa y el buen humor mientras berreaba a viva voz temas como &#8220;<a title=\"easy lover\" href=\"https:\/\/blogs.hoy.es\/loch-lomond\/2010\/11\/05\/easy-lover\/\" target=\"_blank\">Easy Lover<\/a>&#8221; &#8220;<a title=\"Violent Popes\" href=\"https:\/\/blogs.hoy.es\/loch-lomond\/2011\/02\/25\/violent-popes-empty-man\/\" target=\"_blank\">Empty man<\/a>&#8221; &#8220;<a title=\"hey bulldog\" href=\"https:\/\/blogs.hoy.es\/loch-lomond\/2010\/06\/29\/hey-bulldog\/\" target=\"_blank\">Hey Bulldog<\/a>&#8221; o &#8220;<a title=\"Pride (in the name of the love)\" href=\"https:\/\/blogs.hoy.es\/loch-lomond\/2010\/10\/29\/pride\/\" target=\"_blank\">Pride<\/a>&#8220;.<\/span><\/p>\n<div id=\"attachment_958\" style=\"width: 332px\" class=\"wp-caption alignnone\"><a href=\"\/loch-lomond\/wp-content\/uploads\/sites\/10\/2012\/05\/radio-cassette.png\"><img aria-describedby=\"caption-attachment-958\" loading=\"lazy\" class=\"size-full wp-image-958\" title=\"radio cassette\" src=\"\/loch-lomond\/wp-content\/uploads\/sites\/10\/2012\/05\/radio-cassette.png\" alt=\"\u00a1Qu\u00e9 buenos momentos pasados con mi viejo Radio Cassete!\" width=\"322\" height=\"322\" srcset=\"https:\/\/static-blogs.hoy.es\/wp-content\/uploads\/sites\/10\/2012\/05\/radio-cassette.png 322w, https:\/\/static-blogs.hoy.es\/wp-content\/uploads\/sites\/10\/2012\/05\/radio-cassette-150x150.png 150w, https:\/\/static-blogs.hoy.es\/wp-content\/uploads\/sites\/10\/2012\/05\/radio-cassette-300x300.png 300w\" sizes=\"(max-width: 322px) 100vw, 322px\" \/><\/a><p id=\"caption-attachment-958\" class=\"wp-caption-text\">\u00a1Qu\u00e9 buenos momentos pasados con mi viejo Radio Cassete!<\/p><\/div>\n<p><span style=\"color: #000080; font-size: medium;\">Desde el boom del mp3 y los formatos digitales en general parece que ya solo escuchamos m\u00fasica en el coche o cuando caminamos. Recuerdo cuando de m\u00e1s joven me pasaba las horas muertas en mi\u00a0 cuarto, con mi viejo radio cassette, escuchando toda la m\u00fasica que ca\u00eda en mis manos. La m\u00fasica, adem\u00e1s de ser la m\u00e1s maravillosa de todas las magias, tiene propiedades curativas. Recuerdo a Julie Andrews y a\u00a0 Ewan McGregor cantando aquello de &#8220;Las colinas reviven con el sonido de la m\u00fasica&#8221;. Perm\u00edtanme que cambie la palabra &#8220;Colinas&#8221; por &#8220;corazones&#8221;, y brinde con mi mejor LOCH LOMOND por la m\u00fasica. El sonido de la m\u00fasica, que revive nuestra alma y nuestro coraz\u00f3n. Y viene a recordarnos que la vida no es tan dura, o al menos m\u00e1s soportable cuando nos regalan los o\u00eddos con hermosas melod\u00edas capaces de transportarnos al m\u00e1s maravilloso de todos los sue\u00f1os.<\/span><\/p>\n<!-- AddThis Advanced Settings generic via filter on the_content --><!-- AddThis Share Buttons generic via filter on the_content -->","protected":false},"excerpt":{"rendered":"<p>&nbsp; \u00daltimamente estoy casi siempre de mal caf\u00e9, y con la leche m\u00e1s agria, para qu\u00e9 nos vamos a enga\u00f1ar. Esta maldita crisis\u00a0 o estado del mal estar y peor vivir est\u00e1 consiguiendo agrietarnos el car\u00e1cter a los mayores cachondos mentales de anta\u00f1o. Aunque no voy a enga\u00f1arles, no s\u00f3lo es la crisis. Las injusticias [&hellip;]<!-- AddThis Advanced Settings generic via filter on get_the_excerpt --><!-- AddThis Share Buttons generic via filter on get_the_excerpt --><\/p>\n","protected":false},"author":14,"featured_media":0,"comment_status":"open","ping_status":"closed","sticky":false,"template":"","format":"standard","meta":[],"categories":[2],"tags":[32,174,395,407,566,854,1064,1159,1315,1439,1476,1515,1558,1778,1806,1865,1922,1961,1985,2061,2211,2421,2810,2991,3005,3103,3236,3240,3246,3249,3412,3413,3606,3625,3803,3856,4003,4210,4340,4355,4786,4803,4961,4964],"_links":{"self":[{"href":"https:\/\/blogs.hoy.es\/loch-lomond\/wp-json\/wp\/v2\/posts\/954"}],"collection":[{"href":"https:\/\/blogs.hoy.es\/loch-lomond\/wp-json\/wp\/v2\/posts"}],"about":[{"href":"https:\/\/blogs.hoy.es\/loch-lomond\/wp-json\/wp\/v2\/types\/post"}],"author":[{"embeddable":true,"href":"https:\/\/blogs.hoy.es\/loch-lomond\/wp-json\/wp\/v2\/users\/14"}],"replies":[{"embeddable":true,"href":"https:\/\/blogs.hoy.es\/loch-lomond\/wp-json\/wp\/v2\/comments?post=954"}],"version-history":[{"count":0,"href":"https:\/\/blogs.hoy.es\/loch-lomond\/wp-json\/wp\/v2\/posts\/954\/revisions"}],"wp:attachment":[{"href":"https:\/\/blogs.hoy.es\/loch-lomond\/wp-json\/wp\/v2\/media?parent=954"}],"wp:term":[{"taxonomy":"category","embeddable":true,"href":"https:\/\/blogs.hoy.es\/loch-lomond\/wp-json\/wp\/v2\/categories?post=954"},{"taxonomy":"post_tag","embeddable":true,"href":"https:\/\/blogs.hoy.es\/loch-lomond\/wp-json\/wp\/v2\/tags?post=954"}],"curies":[{"name":"wp","href":"https:\/\/api.w.org\/{rel}","templated":true}]}}