{"id":960,"date":"2012-05-24T23:29:43","date_gmt":"2012-05-24T22:29:43","guid":{"rendered":"http:\/\/blogs.hoy.es\/loch-lomond\/?p=960"},"modified":"2012-05-24T23:29:43","modified_gmt":"2012-05-24T22:29:43","slug":"desacato-a-la-realidad","status":"publish","type":"post","link":"https:\/\/blogs.hoy.es\/loch-lomond\/2012\/05\/24\/desacato-a-la-realidad\/","title":{"rendered":"Desacato a la realidad"},"content":{"rendered":"<p>&nbsp;<\/p>\n<p align=\"JUSTIFY\"><span style=\"color: #000080;\">El post de hoy vuelve a escribirlo mi amigo &#8220;El poeta&#8221;, <a title=\"\u00c1ngel Manuel G\u00f3mez Espada\" href=\"https:\/\/blogs.hoy.es\/loch-lomond\/2011\/11\/02\/angel-manuel-gomez-espada\/\" target=\"_blank\"><span style=\"color: #000080;\">\u00c1ngel Manuel G\u00f3mez Espada<\/span><\/a>, quien ha tenido la generosidad de regalarme una nueva cr\u00edtica de\u00a0 &#8220;<a title=\"Alimento espiritual\" href=\"https:\/\/blogs.hoy.es\/loch-lomond\/2012\/04\/19\/alimento-espiritual\/\" target=\"_blank\"><span style=\"color: #000080;\">Don de Loch Lomond<\/span><\/a>&#8221; que suma ya m\u00e1s de 300 ejemplares vendidos. Esta cr\u00edtica ha sido realizada ni m\u00e1s ni menos que en el n\u00famero 30 de la prestigiosa revista literaria &#8220;<a title=\"El Coloquio de los Perros\" href=\"https:\/\/blogs.hoy.es\/loch-lomond\/2011\/04\/18\/el-coloquio-los-perros\/\" target=\"_blank\"><span style=\"color: #000080;\">El Coloquio de los Perros<\/span><\/a>&#8221; en donde el menda ha colaborado en alguna ocasi\u00f3n. Aprovecho para anunciarle a todos los amigos de este blog que precisamente, este s\u00e1bado 26 de Mayo, en &#8220;La Azotea&#8221; (Murcia) tendr\u00e1 lugar <a title=\"presentaci\u00f3n de \"el Coloquio de los Perros\" en Murcia\" href=\"http:\/\/ruadosanjospretos.wordpress.com\/2012\/05\/23\/presentacion-no30-de-ecdp\/\" target=\"_blank\"><span style=\"color: #000080;\">la fiesta-presentaci\u00f3n de esta veterana e ilustre revista literaria digital<\/span><\/a>.<\/span><\/p>\n<p align=\"JUSTIFY\"><span style=\"color: #000080;\">Ahora les dejo con mi amigo &#8220;El poeta&#8221; y su &#8220;Desacato a la Realidad&#8221;. \u00a1Tener amigos para esto! \u00a1Gracias poeta!<\/span><\/p>\n<p>&nbsp;<\/p>\n<p align=\"center\"><strong>Desacato a la realidad<\/strong><br \/>\n<strong>Sobre <em>Don de Loch Lomond<\/em> de Enrique Falc\u00f3<\/strong><strong><br \/>\n<\/strong><\/p>\n<p align=\"right\"><strong><br \/>\n\u00c1ngel Manuel G\u00f3mez Espada<\/strong><\/p>\n<table width=\"612\" align=\"center\">\n<tbody>\n<tr>\n<td width=\"300\">\n<div>\n<dl id=\"attachment_962\">\n<dt><a href=\"\/loch-lomond\/wp-content\/uploads\/sites\/10\/2012\/05\/efalcob30.jpg\"><img loading=\"lazy\" title=\"Enrique Falc\u00f3\" src=\"\/loch-lomond\/wp-content\/uploads\/sites\/10\/2012\/05\/efalcob30.jpg\" alt=\"Enrique Falc\u00f3 FOTO: \u00c1ngel Manuel G\u00f3mez Espada\" width=\"300\" height=\"200\" \/><\/a><\/dt>\n<dd>Enrique Falc\u00f3 entre su querido Tint\u00edn y un botella de Loch Lomond FOTO: \u00c1ngel Manuel G\u00f3mez Espada<\/dd>\n<\/dl>\n<\/div>\n<\/td>\n<td width=\"300\">\n<div>\n<dl id=\"attachment_963\">\n<dt><a href=\"\/loch-lomond\/wp-content\/uploads\/sites\/10\/2012\/05\/Enrique-Falc\u00f3-y-LOCH-LOMOND.jpg\"><img loading=\"lazy\" title=\"Enrique Falc\u00f3 y LOCH LOMOND\" src=\"\/loch-lomond\/wp-content\/uploads\/sites\/10\/2012\/05\/Enrique-Falc\u00f3-y-LOCH-LOMOND.jpg\" alt=\"Enrique Falc\u00f3 junto al LOCH LOMOND que tanto gusta al viejo Capit\u00e1n Haddock FOTO: \u00c1ngel Manuel G\u00f3mez Espada\" width=\"300\" height=\"200\" \/><\/a><\/dt>\n<dd>Enrique Falc\u00f3 junto al LOCH LOMOND que tanto gusta al viejo Capit\u00e1n Haddock FOTO: \u00c1ngel Manuel G\u00f3mez Espada<\/dd>\n<\/dl>\n<\/div>\n<\/td>\n<\/tr>\n<\/tbody>\n<\/table>\n<p>&nbsp;<\/p>\n<p align=\"justify\">\u00a0\u00a0\u00a0\u00a0 Existen libros que, por\u00a0 diversos motivos, son nuestros, de una manera o de otra. Y no en el sentido de\u00a0 las canciones, cuando creemos que el autor las ha compuesto pensando en nuestra\u00a0 propia experiencia. Los entendemos m\u00e1s como a un amigo que est\u00e1 ah\u00ed siempre,\u00a0 con el que podemos conversar. En ocasiones, con el que podemos desahogarnos; pues\u00a0 esos libros, como los buenos amigos, suturan las heridas provocadas por el\u00a0 des\u00e1nimo en cuanto regresamos a ellos. En mi caso, me ocurre con <em>La Eneida<\/em>, <em>Madame Bovary<\/em>, <em>Sostiene\u00a0 Pereira<\/em> o <em>El guardador de reba\u00f1os<\/em> de Alberto Caeiro, por no extender m\u00e1s la n\u00f3mina. A este \u00faltimo hace referencia\u00a0 <a title=\"Jes\u00fas Garc\u00eda Calder\u00f3n\" href=\"http:\/\/www.lasoledadpartida.com\/\" target=\"_blank\">Jes\u00fas Garc\u00eda Calder\u00f3n<\/a> en su pr\u00f3logo con una atinada comparaci\u00f3n, cuando afirma\u00a0 que Falc\u00f3, su sobrino, busca en la escritura su manera de estar solo, alejado\u00a0 de la realidad p\u00e1lida y enfermiza a la que hoy nos enfrentamos. Una realidad\u00a0 que, me consta, no es ni por asomo la que los chicos del <a title=\"El General Navarro\" href=\"https:\/\/blogs.hoy.es\/loch-lomond\/2010\/06\/20\/general-navarro\/\" target=\"_blank\">General Navarro<\/a>\u00a0 so\u00f1aban en sus horas de recreo. As\u00ed pues, Falc\u00f3 opta por sacar sus mejores\u00a0 armas a relucir y por explayarse en el desacato a esta realidad. En ella puebla\u00a0 a sus anchas <a title=\"Ignorancia por Enrique Falc\u00f3\" href=\"http:\/\/www.hoy.es\/v\/20100502\/opinion\/ignorancia-20100502.html\" target=\"_blank\">la ignorancia<\/a>, de la que dice, en una de mis frases favoritas de\u00a0 este don, que \u00abes atrevida y peligrosa, pero que puede corregirse con el\u00a0 tiempo\u00bb.<\/p>\n<table width=\"656\" align=\"center\">\n<tbody>\n<tr>\n<td width=\"300\">\n<div>\n<dl id=\"attachment_964\">\n<dt><a href=\"\/loch-lomond\/wp-content\/uploads\/sites\/10\/2012\/05\/Enrique-Falc\u00f3-cubierta-Don-de-Loch-Lomond.jpg\"><img loading=\"lazy\" title=\"Enrique Falc\u00f3 cubierta Don de Loch Lomond\" src=\"\/loch-lomond\/wp-content\/uploads\/sites\/10\/2012\/05\/Enrique-Falc\u00f3-cubierta-Don-de-Loch-Lomond.jpg\" alt=\"Enrique Falc\u00f3 en la foto que ilustra su obra Don de Loch Lomond. Foto: \u00c1ngel Manuel G\u00f3mez Espada\" width=\"300\" height=\"200\" \/><\/a><\/dt>\n<dd>Enrique Falc\u00f3 en la foto que ilustra su obra Don de Loch Lomond. Foto: \u00c1ngel Manuel G\u00f3mez Espada<\/dd>\n<\/dl>\n<\/div>\n<\/td>\n<td width=\"344\">\n<div>\n<dl id=\"attachment_965\">\n<dt><a href=\"\/loch-lomond\/wp-content\/uploads\/sites\/10\/2012\/05\/Don-de-Loch-Lomond-de-Enrique-Falc\u00f3.jpg\"><img loading=\"lazy\" title=\"Don de Loch Lomond de Enrique Falc\u00f3\" src=\"\/loch-lomond\/wp-content\/uploads\/sites\/10\/2012\/05\/Don-de-Loch-Lomond-de-Enrique-Falc\u00f3.jpg\" alt=\"Don de Loch Lomond de Enrique Falc\u00f3\" width=\"288\" height=\"432\" \/><\/a><\/dt>\n<dd>Don de Loch Lomond de Enrique Falc\u00f3<\/dd>\n<\/dl>\n<\/div>\n<\/td>\n<\/tr>\n<\/tbody>\n<\/table>\n<p>&nbsp;<\/p>\n<p align=\"justify\">\u00a0\u00a0\u00a0\u00a0 Debo confesarles que este <em>Don de Loch Lomond<\/em> me provoca esa sensaci\u00f3n de la que hablaba antes:\u00a0 lo siento como m\u00edo. No solo por la extra\u00f1a sensaci\u00f3n de <a title=\"Placeres sencillos por Enrique Falc\u00f3\" href=\"https:\/\/blogs.hoy.es\/loch-lomond\/2011\/03\/27\/placeres-sencillos\/\" target=\"_blank\">verme convertido en\u00a0 personaje<\/a>, sino porque es un libro escrito desde la benevolencia y la\u00a0 imparcialidad que provoca la memoria de la felicidad. Son posos de tiempos en\u00a0 los que cab\u00eda la alternancia. Lo mismo te tocaba ser indio que a los diez\u00a0 minutos por una madre impertinente te tocaba irte con los vaqueros, y ten\u00edas\u00a0 menos remordimientos en ese acto tan simple que los de un pol\u00edtico tr\u00e1nsfuga. Falc\u00f3\u00a0 es como cualquier otro personaje de mi entra\u00f1able y admirado Bryce Echenique.\u00a0 Narra con la transparencia del peruano en <em>Un\u00a0 mundo para Julius<\/em> y est\u00e1 claro que es de esos personajes que podr\u00eda jugar\u00a0 la primera parte de un partido de f\u00fatbol con un equipo y la segunda con otro.<br \/>\nFalc\u00f3 nos ha ido imponiendo estos posos de la memoria\u00a0 puntualmente con los ojos de una generaci\u00f3n especial, aqu\u00e9lla que naciera por\u00a0 los a\u00f1os en los que un comando compuesto por los mejores hombres del ej\u00e9rcito\u00a0 americano fueron encarcelados por un delito que no hab\u00edan cometido. Aqu\u00e9lla que\u00a0 iba a aprender todo bajo el filtro de la telecomunicaci\u00f3n, entendiendo \u00e9sta\u00a0 como las rudimentarias televisiones de dos canales, la magia casi de aquelarre\u00a0 de la moviola o el <a title=\"Internet y regresi\u00f3n\" href=\"https:\/\/blogs.hoy.es\/loch-lomond\/2010\/08\/18\/internet-y-regresion\/\" target=\"_blank\">Spectrum<\/a> 48K; y que tuvo la inmensa fortuna de vivir seriales\u00a0 de dibujos animados basados en la literatura m\u00e1s cl\u00e1sica y en la ciencia\u00a0 ficci\u00f3n, como <em>Ulises 31<\/em>, los <em>Caballeros del Zod\u00edaco<\/em> o el <em>Comando G<\/em>. Que pod\u00eda tragarse en una\u00a0 matinal de cine una doble sesi\u00f3n en la que se compaginaban <em>Jes\u00fas de Nazar\u00e9<\/em> con <em>La Guerra\u00a0 de las Galaxias<\/em> o <em>Superman<\/em> con <em>Las aventuras de Enrique y Ana<\/em>.<br \/>\n\u00bfQu\u00e9 quieren que les diga? Esas excentricidades marcan. La\u00a0 infancia era una mezcla de v\u00e9rtigos entre correr detr\u00e1s de una pelota de cuero\u00a0 a la vez que masticabas el pan con chocolate y, siempre que no te vieran los\u00a0 dem\u00e1s, pedir permiso a las ni\u00f1as de tu calle para jugar a la rayuela con el\u00a0 c\u00ednico y exclusivo prop\u00f3sito de aprovechar lo que se vislumbraba cuando se\u00a0 agachaban a recoger la piedra.<br \/>\nLa memoria privilegiada de Falc\u00f3 nos conduce por esos\u00a0 pasillos con\u00a0 una minuciosidad superlativa; tanto que esa capacidad suya me provoca una\u00a0 envidia malsana. Su precisi\u00f3n es tan exhaustiva que si me recuerda que en\u00a0 nuestra en\u00e9sima cumbre en el restaurante Marchivirito pagamos tal o cu\u00e1l cantidad, lo creo\u00a0 a pie juntillas, por mucho que haya una factura conmemorativa que diga lo\u00a0 contrario. Supongo que al resto de personajes de estos art\u00edculos les habr\u00e1\u00a0 acontecido igual. Como alguno de ellos est\u00e1 hoy presente tendr\u00e1 la oportunidad\u00a0 de clarificarme o rebatirme. Pero les habr\u00e1 pasado, repito, que ante esa\u00a0 an\u00e9cdota le\u00edda en el peri\u00f3dico hayan pensado lo de \u201cni remotamente\u201d. Aunque,\u00a0 claro, si lo dice Enrique ser\u00e1 as\u00ed y habr\u00e1 que contarla as\u00ed. \u00c9ste es uno de los\u00a0 grandes poderes de un buen narrador: hacernos creer que lo que cuenta es\u00a0 v\u00edvido, sepamos que es cierto o imposible.<\/p>\n<table width=\"660\" align=\"center\">\n<tbody>\n<tr>\n<td height=\"212\">\n<div>\n<dl id=\"attachment_966\">\n<dt><a href=\"\/loch-lomond\/wp-content\/uploads\/sites\/10\/2012\/05\/ulises31.jpg\"><img loading=\"lazy\" title=\"ulises31\" src=\"\/loch-lomond\/wp-content\/uploads\/sites\/10\/2012\/05\/ulises31.jpg\" alt=\"Ulises 31\" width=\"300\" height=\"210\" \/><\/a><\/dt>\n<dd>Ulises 31<\/dd>\n<\/dl>\n<\/div>\n<\/td>\n<td>\n<div>\n<dl id=\"attachment_967\">\n<dt><a href=\"\/loch-lomond\/wp-content\/uploads\/sites\/10\/2012\/05\/Enrique-Falc\u00f3-blanco-y-negro.jpg\"><img loading=\"lazy\" title=\"Enrique Falc\u00f3 HOY\" src=\"\/loch-lomond\/wp-content\/uploads\/sites\/10\/2012\/05\/Enrique-Falc\u00f3-blanco-y-negro.jpg\" alt=\"Enrique Falc\u00f3 en la foto que acostumbra a salir en su Tribuna del Diario HOY. Foto \u00c1ngel Manuel G\u00f3mez Espada\" width=\"300\" height=\"200\" \/><\/a><\/dt>\n<dd>Enrique Falc\u00f3 en la foto que acostumbra a salir en su Tribuna del Diario HOY. Foto \u00c1ngel Manuel G\u00f3mez Espada<\/dd>\n<\/dl>\n<\/div>\n<\/td>\n<\/tr>\n<tr>\n<td width=\"300\" height=\"20\"><\/td>\n<td width=\"348\">\n<div align=\"right\"><strong>Enrique Falc\u00f3 y <em>Ulises 31<\/em><\/strong>\u00a0\u00a0\u00a0\u00a0 Fotos: \u00c1ngel Manuel G\u00f3mez Espada<\/div>\n<\/td>\n<\/tr>\n<\/tbody>\n<\/table>\n<p>&nbsp;<\/p>\n<p align=\"justify\">\u00a0\u00a0\u00a0\u00a0 Los del tiempo de Falc\u00f3 fueron los \u00faltimos adolescentes que tuvieron\u00a0 la disyuntiva entre la imagen y la palabra. Y ante ese v\u00eda crucis generacional\u00a0 hay que agradecerle que se haya quedado con la \u00faltima opci\u00f3n, sin dejar de lado\u00a0 la primera. Resulta indudable que uno no se olvida as\u00ed como as\u00ed del d\u00eda que\u00a0 Mazinger Z pudo volar gracias a los pechos de Afrodita A. Esa capacidad de\u00a0 elecci\u00f3n, la que hoy nos presenta Falc\u00f3, no se ha vuelto a dar, salvo en\u00a0 honrosas excepciones, en las posteriores generaciones, abocadas a la\u00a0 destrucci\u00f3n de la imaginaci\u00f3n, condenados a la virtualidad.<br \/>\nLa imagen y la palabra, \u00e9sa fue la suerte de su generaci\u00f3n.\u00a0 Y eso es lo que hay aqu\u00ed, en esta antolog\u00eda. Con buenos aditivos y aditamentos,\u00a0 con los que Falc\u00f3 deja un buen sabor de boca dominical. Record\u00e1ndonos con su\u00a0 memoria privilegiada que la imagen nos demuestra que la vida continuamente est\u00e1\u00a0 repleta de falsos h\u00e9roes postizos; mientras que la palabra ha de identificarte\u00a0 con los antih\u00e9roes de papel, pues ellos son los elegidos para acampar a sus\u00a0 anchas en los para\u00edsos artificiales de la infancia, cuna de los recuerdos m\u00e1s\u00a0 imperecederos.<\/p>\n<p align=\"justify\"><em>Publicado en El Coloquio de los Perros N\u00ba 30 en Mayo de 2012 <\/em><\/p>\n<p align=\"justify\"><a href=\"http:\/\/www.elcoloquiodelosperros.net\/numero30\/curi30fa.html\">http:\/\/www.elcoloquiodelosperros.net\/numero30\/curi30fa.html<\/a><\/p>\n<!-- AddThis Advanced Settings generic via filter on the_content --><!-- AddThis Share Buttons generic via filter on the_content -->","protected":false},"excerpt":{"rendered":"<p>&nbsp; El post de hoy vuelve a escribirlo mi amigo &#8220;El poeta&#8221;, \u00c1ngel Manuel G\u00f3mez Espada, quien ha tenido la generosidad de regalarme una nueva cr\u00edtica de\u00a0 &#8220;Don de Loch Lomond&#8221; que suma ya m\u00e1s de 300 ejemplares vendidos. Esta cr\u00edtica ha sido realizada ni m\u00e1s ni menos que en el n\u00famero 30 de la [&hellip;]<!-- AddThis Advanced Settings generic via filter on get_the_excerpt --><!-- AddThis Share Buttons generic via filter on get_the_excerpt --><\/p>\n","protected":false},"author":14,"featured_media":0,"comment_status":"open","ping_status":"closed","sticky":false,"template":"","format":"standard","meta":[],"categories":[4],"tags":[131,239,264,287,762,783,1076,1284,1371,1515,1617,1698,1806,1863,2002,2033,2263,2576,2711,2881,2956,3058,3103,3133,3391,3431,3873,4085,4365,4392,4445,4727,4771,4824,4986],"_links":{"self":[{"href":"https:\/\/blogs.hoy.es\/loch-lomond\/wp-json\/wp\/v2\/posts\/960"}],"collection":[{"href":"https:\/\/blogs.hoy.es\/loch-lomond\/wp-json\/wp\/v2\/posts"}],"about":[{"href":"https:\/\/blogs.hoy.es\/loch-lomond\/wp-json\/wp\/v2\/types\/post"}],"author":[{"embeddable":true,"href":"https:\/\/blogs.hoy.es\/loch-lomond\/wp-json\/wp\/v2\/users\/14"}],"replies":[{"embeddable":true,"href":"https:\/\/blogs.hoy.es\/loch-lomond\/wp-json\/wp\/v2\/comments?post=960"}],"version-history":[{"count":0,"href":"https:\/\/blogs.hoy.es\/loch-lomond\/wp-json\/wp\/v2\/posts\/960\/revisions"}],"wp:attachment":[{"href":"https:\/\/blogs.hoy.es\/loch-lomond\/wp-json\/wp\/v2\/media?parent=960"}],"wp:term":[{"taxonomy":"category","embeddable":true,"href":"https:\/\/blogs.hoy.es\/loch-lomond\/wp-json\/wp\/v2\/categories?post=960"},{"taxonomy":"post_tag","embeddable":true,"href":"https:\/\/blogs.hoy.es\/loch-lomond\/wp-json\/wp\/v2\/tags?post=960"}],"curies":[{"name":"wp","href":"https:\/\/api.w.org\/{rel}","templated":true}]}}