{"id":98,"date":"2010-09-01T00:58:00","date_gmt":"2010-09-01T00:58:00","guid":{"rendered":"http:\/\/blogs.hoy.es\/loch-lomond\/?p=97"},"modified":"2010-09-01T00:58:00","modified_gmt":"2010-09-01T00:58:00","slug":"agridulce-septiembre","status":"publish","type":"post","link":"https:\/\/blogs.hoy.es\/loch-lomond\/2010\/09\/01\/agridulce-septiembre\/","title":{"rendered":"AGRIDULCE SEPTIEMBRE"},"content":{"rendered":"<p><img id=img_0 src=\"\/\/www.monerohernandez.com.mx\/IMAGENES%20RED%202\/MESES\/SEPTIEMBRE.gif\"\/><\/p>\n<p class=MsoNormal style=\"MARGIN: 0cm 0cm 0pt; TEXT-ALIGN: justify\"><span style=\"FONT-SIZE: 10pt; COLOR: navy; FONT-FAMILY: Verdana\">Nunca me gust\u00f3 Septiembre. Es m\u00e1s, lo odiaba. De ni\u00f1o significaba el fin del verano, la vuelta al cole, la llegada del fr\u00edo y de la lluvia, y poco a poco de la noche eterna. Era en este odiado mes cuando ca\u00edas en la cuenta de que realmente los d\u00edas mor\u00edan cada vez m\u00e1s cortos y la rutina de un nuevo curso se abalanzaba imparable sobre ti.<\/span><\/p>\n<p><span style=\"FONT-SIZE: 10pt; COLOR: navy; FONT-FAMILY: Verdana\"><\/span><\/p>\n<p><span style=\"FONT-SIZE: 10pt; COLOR: navy; FONT-FAMILY: Verdana\"><\/span><\/p>\n<p><span style=\"FONT-SIZE: 10pt; COLOR: navy; FONT-FAMILY: Verdana\"><\/span><\/p>\n<p><span style=\"FONT-SIZE: 10pt; COLOR: navy; FONT-FAMILY: Verdana\"><\/span><\/p>\n<p><span style=\"FONT-SIZE: 10pt; COLOR: navy; FONT-FAMILY: Verdana\"><\/span><\/p>\n<p><span style=\"FONT-SIZE: 10pt; COLOR: navy; FONT-FAMILY: Verdana\"><\/span><\/p>\n<p><span style=\"FONT-SIZE: 10pt; COLOR: navy; FONT-FAMILY: Verdana\"><\/span><\/p>\n<p><span style=\"FONT-SIZE: 10pt; COLOR: navy; FONT-FAMILY: Verdana\">< ?xml:namespace prefix = o ns = \"urn:schemas-microsoft-com:office:office\" \/><o:p><\/o:p><\/span><\/p>\n<p class=MsoNormal style=\"MARGIN: 0cm 0cm 0pt; TEXT-ALIGN: justify\">\n<p class=MsoNormal style=\"MARGIN: 0cm 0cm 0pt; TEXT-ALIGN: justify\"><span style=\"FONT-SIZE: 10pt; COLOR: navy; FONT-FAMILY: Verdana\"><o:p><\/o:p><\/span><\/p>\n<p class=MsoNormal style=\"MARGIN: 0cm 0cm 0pt; TEXT-ALIGN: justify\"><span style=\"FONT-SIZE: 10pt; COLOR: navy; FONT-FAMILY: Verdana\">Es en los \u00faltimos a\u00f1os, desde que acab\u00e9 mis estudios, cuando comienzo a<span style=\"mso-spacerun: yes\"> <\/span>mostrarle algo de m\u00e1s simpat\u00eda. Est\u00e1 claro que muchas cosas que me encantan del verano se acaban con el noveno mes, como la tranquilidad en las calles y las plazas de aparcamiento libres. No obstante tambi\u00e9n significa el principio del fin del verano, y el fastidioso <span style=\"mso-spacerun: yes\"><\/span>calor poco a poco mengua sus efectos sobre nuestros achicharrados cuerpos. Con Septiembre se avecina un a\u00f1o m\u00e1s el momento cumbre del principio de la liga de f\u00fatbol, < ?xml:namespace prefix = st1 ns = \"urn:schemas-microsoft-com:office:smarttags\" \/><st1:personname w:st=\"on\" ProductID=\"la Champion\">la Champion<\/st1:personname>, y la f\u00f3rmula uno. Se apuntalan tambi\u00e9n las nuevas temporadas de las series m\u00e1s punteras y a\u00fan faltar\u00e1n unos cuantos d\u00edas para disfrutar de un clima saludable, ni fr\u00edo ni calor como dec\u00eda mi abuela. \u201cCero grados\u201d como bromeamos siempre que tocamos este tema. S\u00ed se\u00f1ores, un mes curioso Septiembre. Una \u00e9poca agridulce, con lo malo del final del verano y de las vacaciones, pero con el buen olor que desprenden las cosas que m\u00e1s nos gustan de nuestra rutina.<\/span><\/p>\n<p class=MsoNormal style=\"MARGIN: 0cm 0cm 0pt; TEXT-ALIGN: justify\"><span style=\"FONT-SIZE: 10pt; COLOR: navy; FONT-FAMILY: Verdana\"><\/span><\/p>\n<p class=MsoNormal style=\"MARGIN: 0cm 0cm 0pt; TEXT-ALIGN: justify\"><span style=\"FONT-SIZE: 10pt; COLOR: navy; FONT-FAMILY: Verdana\"><\/span><\/p>\n<p class=MsoNormal style=\"MARGIN: 0cm 0cm 0pt; TEXT-ALIGN: justify\"><span style=\"FONT-SIZE: 10pt; COLOR: navy; FONT-FAMILY: Verdana\"><\/span><\/p>\n<p class=MsoNormal style=\"MARGIN: 0cm 0cm 0pt; TEXT-ALIGN: justify\"><span style=\"FONT-SIZE: 10pt; COLOR: navy; FONT-FAMILY: Verdana\"><\/span><\/p>\n<p class=MsoNormal style=\"MARGIN: 0cm 0cm 0pt; TEXT-ALIGN: justify\"><span style=\"FONT-SIZE: 10pt; COLOR: navy; FONT-FAMILY: Verdana\"><\/span><\/p>\n<p class=MsoNormal style=\"MARGIN: 0cm 0cm 0pt; TEXT-ALIGN: justify\"><span style=\"FONT-SIZE: 10pt; COLOR: navy; FONT-FAMILY: Verdana\"><\/span><\/p>\n<p class=MsoNormal style=\"MARGIN: 0cm 0cm 0pt; TEXT-ALIGN: justify\"><span style=\"FONT-SIZE: 10pt; COLOR: navy; FONT-FAMILY: Verdana\"><\/span><\/p>\n<p class=MsoNormal style=\"MARGIN: 0cm 0cm 0pt; TEXT-ALIGN: justify\"><span style=\"FONT-SIZE: 10pt; COLOR: navy; FONT-FAMILY: Verdana\"><\/span><\/p>\n<p class=MsoNormal style=\"MARGIN: 0cm 0cm 0pt; TEXT-ALIGN: justify\"><span style=\"FONT-SIZE: 10pt; COLOR: navy; FONT-FAMILY: Verdana\"><\/span><\/p>\n<p class=MsoNormal style=\"MARGIN: 0cm 0cm 0pt; TEXT-ALIGN: justify\"><span style=\"FONT-SIZE: 10pt; COLOR: navy; FONT-FAMILY: Verdana\"><\/span><\/p>\n<p class=MsoNormal style=\"MARGIN: 0cm 0cm 0pt; TEXT-ALIGN: justify\"><span style=\"FONT-SIZE: 10pt; COLOR: navy; FONT-FAMILY: Verdana\"><\/span><\/p>\n<p class=MsoNormal style=\"MARGIN: 0cm 0cm 0pt; TEXT-ALIGN: justify\"><span style=\"FONT-SIZE: 10pt; COLOR: navy; FONT-FAMILY: Verdana\"><\/span><\/p>\n<p class=MsoNormal style=\"MARGIN: 0cm 0cm 0pt; TEXT-ALIGN: justify\"><span style=\"FONT-SIZE: 10pt; COLOR: navy; FONT-FAMILY: Verdana\"><\/span><\/p>\n<p class=MsoNormal style=\"MARGIN: 0cm 0cm 0pt; TEXT-ALIGN: justify\"><img id=img_2 src=\"\/\/a.imageshack.us\/img119\/174\/hojascalle1fw5.jpg\"\/><\/p>\n<p><span style=\"FONT-SIZE: 10pt; COLOR: navy; FONT-FAMILY: Verdana\"><o:p><\/o:p><\/span> <\/p>\n<p class=MsoNormal style=\"MARGIN: 0cm 0cm 0pt; TEXT-ALIGN: justify\">\n<p class=MsoNormal style=\"MARGIN: 0cm 0cm 0pt; TEXT-ALIGN: justify\">\n<p class=MsoNormal style=\"MARGIN: 0cm 0cm 0pt; TEXT-ALIGN: justify\">\n<p class=MsoNormal style=\"MARGIN: 0cm 0cm 0pt; TEXT-ALIGN: justify\">\n<p class=MsoNormal style=\"MARGIN: 0cm 0cm 0pt; TEXT-ALIGN: justify\">\n<p class=MsoNormal style=\"MARGIN: 0cm 0cm 0pt; TEXT-ALIGN: justify\">\n<p class=MsoNormal style=\"MARGIN: 0cm 0cm 0pt; TEXT-ALIGN: justify\">\n<p class=MsoNormal style=\"MARGIN: 0cm 0cm 0pt; TEXT-ALIGN: justify\">\n<p class=MsoNormal style=\"MARGIN: 0cm 0cm 0pt; TEXT-ALIGN: justify\">\n<p class=MsoNormal style=\"MARGIN: 0cm 0cm 0pt; TEXT-ALIGN: justify\">\n<p class=MsoNormal style=\"MARGIN: 0cm 0cm 0pt; TEXT-ALIGN: justify\">\n<p class=MsoNormal style=\"MARGIN: 0cm 0cm 0pt; TEXT-ALIGN: justify\"><span style=\"FONT-SIZE: 10pt; COLOR: navy; FONT-FAMILY: Verdana\">Antes de que el fr\u00edo y las lluvias nos hagan a\u00f1orar otra vez la bella primavera podemos disfrutar de las delicias de este mes que comienza hoy su andadura. Les aseguro que desgraciadamente no son muchas ciudades las afortunadas con un delicioso clima en este mes del a\u00f1o. Disfr\u00fatenlo. En Badajoz solemos tener inviernos fr\u00edos y veranos muy calurosos, no obstante el mes de Septiembre es un regalo que no solemos apreciar debido supongo a las connotaciones negativas que todos estos hechos narrados nos producen. Desp\u00eddanse definitivamente del verano y den la bienvenida a una nueva temporada. Pronto podremos pasear a las 6 de la tarde sin nada de calor, a\u00fan con suficiente luz, e incluso podremos ir a pasar un domingo al Campo. La verdad es que los a\u00f1os deber\u00edan de empezar en Septiembre y acabar en Agosto. Una dichosa y jocosa despedida y una agridulce bienvenida de nuevo al mundo real.<o:p><\/o:p><\/span><\/p>\n<!-- AddThis Advanced Settings generic via filter on the_content --><!-- AddThis Share Buttons generic via filter on the_content -->","protected":false},"excerpt":{"rendered":"<p>Nunca me gust\u00f3 Septiembre. Es m\u00e1s, lo odiaba. De ni\u00f1o significaba el fin del verano, la vuelta al cole, la llegada del fr\u00edo y de la lluvia, y poco a poco de la noche eterna. Era en este odiado mes cuando ca\u00edas en la cuenta de que realmente los d\u00edas mor\u00edan cada vez m\u00e1s cortos [&hellip;]<!-- AddThis Advanced Settings generic via filter on get_the_excerpt --><!-- AddThis Share Buttons generic via filter on get_the_excerpt --><\/p>\n","protected":false},"author":14,"featured_media":0,"comment_status":"open","ping_status":"closed","sticky":false,"template":"","format":"standard","meta":[],"categories":[2],"tags":[149,152,916,2188,3067,3089,3213,3697,4213,4651,4733,4921],"_links":{"self":[{"href":"https:\/\/blogs.hoy.es\/loch-lomond\/wp-json\/wp\/v2\/posts\/98"}],"collection":[{"href":"https:\/\/blogs.hoy.es\/loch-lomond\/wp-json\/wp\/v2\/posts"}],"about":[{"href":"https:\/\/blogs.hoy.es\/loch-lomond\/wp-json\/wp\/v2\/types\/post"}],"author":[{"embeddable":true,"href":"https:\/\/blogs.hoy.es\/loch-lomond\/wp-json\/wp\/v2\/users\/14"}],"replies":[{"embeddable":true,"href":"https:\/\/blogs.hoy.es\/loch-lomond\/wp-json\/wp\/v2\/comments?post=98"}],"version-history":[{"count":0,"href":"https:\/\/blogs.hoy.es\/loch-lomond\/wp-json\/wp\/v2\/posts\/98\/revisions"}],"wp:attachment":[{"href":"https:\/\/blogs.hoy.es\/loch-lomond\/wp-json\/wp\/v2\/media?parent=98"}],"wp:term":[{"taxonomy":"category","embeddable":true,"href":"https:\/\/blogs.hoy.es\/loch-lomond\/wp-json\/wp\/v2\/categories?post=98"},{"taxonomy":"post_tag","embeddable":true,"href":"https:\/\/blogs.hoy.es\/loch-lomond\/wp-json\/wp\/v2\/tags?post=98"}],"curies":[{"name":"wp","href":"https:\/\/api.w.org\/{rel}","templated":true}]}}