{"id":988,"date":"2012-05-30T15:34:40","date_gmt":"2012-05-30T14:34:40","guid":{"rendered":"http:\/\/blogs.hoy.es\/loch-lomond\/?p=988"},"modified":"2012-05-30T15:34:40","modified_gmt":"2012-05-30T14:34:40","slug":"el-padre-del-villalon","status":"publish","type":"post","link":"https:\/\/blogs.hoy.es\/loch-lomond\/2012\/05\/30\/el-padre-del-villalon\/","title":{"rendered":"El padre del Villal\u00f3n"},"content":{"rendered":"<p>&nbsp;<\/p>\n<div id=\"attachment_989\" style=\"width: 460px\" class=\"wp-caption alignnone\"><a href=\"\/loch-lomond\/wp-content\/uploads\/sites\/10\/2012\/05\/d\u00eda-triste.jpg\"><img aria-describedby=\"caption-attachment-989\" loading=\"lazy\" class=\"size-full wp-image-989\" title=\"d\u00eda triste\" src=\"\/loch-lomond\/wp-content\/uploads\/sites\/10\/2012\/05\/d\u00eda-triste.jpg\" alt=\"Lamentablemente aun nos quedan muchos d\u00edas tristes por pasar\" width=\"450\" height=\"337\" srcset=\"https:\/\/static-blogs.hoy.es\/wp-content\/uploads\/sites\/10\/2012\/05\/d\u00eda-triste.jpg 450w, https:\/\/static-blogs.hoy.es\/wp-content\/uploads\/sites\/10\/2012\/05\/d\u00eda-triste-300x225.jpg 300w\" sizes=\"(max-width: 450px) 100vw, 450px\" \/><\/a><p id=\"caption-attachment-989\" class=\"wp-caption-text\">Lamentablemente aun nos quedan muchos d\u00edas tristes por pasar<\/p><\/div>\n<p align=\"JUSTIFY\"><span style=\"color: #000080; font-size: medium;\">El pasado martes 29 de Mayo fue el entierro de Marino Villal\u00f3n D\u00e1vila, el padre de mi amigo Enrique Villal\u00f3n. Al enterarme de la triste noticia me puse inmediatamente en contacto con mi amigo para ver como estaba y ofrecerle todo mi apoyo en tan dif\u00edcil momento. Mi amigo el Villal\u00f3n, (siempre nos referimos a \u00e9l de esta manera) con justificado semblante triste pero encomiable entereza, me comunic\u00f3 lo sucedido y lo mucho que estaba sufriendo la familia por la p\u00e9rdida de un ser insustituible para ellos. Enrique pareci\u00f3 sonre\u00edr a trav\u00e9s del tel\u00e9fono, mientras me relataba que se estaba acordando en aquel preciso instante de la \u00faltima vez de las muchas que salud\u00e9 a su padre. Desde el a\u00f1o 92, con apenas 14 a\u00f1os, cuando conoc\u00ed a Enrique Villal\u00f3n, siempre fui bienvenido en su casa, as\u00ed como en su chalet, donde casi siempre nos reun\u00edamos para tocar. Hace pocos a\u00f1os volv\u00ed a coincidir con don Marino en el famoso &#8220;chal\u00e9 del Villal\u00f3n&#8221;, que ostenta un gran peso emocional en mi coraz\u00f3n (y en gran parte de la m\u00fasica pacense que pas\u00f3 por all\u00ed), pues fue en el primer sitio donde\u00a0pude dar riendas sueltas a mi afici\u00f3n por la m\u00fasica. Mi amigo el Villal\u00f3n le record\u00f3 a su progenitor quien era yo de esta guisa:<\/span><\/p>\n<p align=\"JUSTIFY\"><span style=\"color: #000080; font-size: medium;\">&#8220;Mira pap\u00e1, \u00bfte acuerdas de mi amigo Enrique? Conoc\u00edas mucho a su abuelo, Antonio Garc\u00eda OrioZabala&#8221;. Claro que don Marino se acordaba de m\u00ed, pero hac\u00eda muchos a\u00f1os que no me ve\u00eda, y digamos que yo hab\u00eda puesto alguna arroba de m\u00e1s. &#8211; &#8220;Enrique&#8221;- Me dijo sonriente- &#8220;Est\u00e1s de buen a\u00f1o \u00bfeh&#8221;? A lo que yo contest\u00e9 tambi\u00e9n con una sonrisa- &#8220;Claro&#8230; \u00a1Como mi abuelo!&#8221;. Y nos re\u00edmos mientras me contaba an\u00e9cdotas de aquel famoso abuelo al que nunca conoc\u00ed y de quien voy sabiendo m\u00e1s a trav\u00e9s de la gente que tuvo la fortuna de tratarlo. En absoluto me sent\u00ed ofendido por la referencia a mi peso, al contrario, lo tom\u00e9 como una muestra de cari\u00f1o.<\/span><\/p>\n<p align=\"JUSTIFY\"><span style=\"color: #000080; font-size: medium;\">Pero por lo visto a mi amigo\u00a0el Villal\u00f3n aquello le sent\u00f3 fatal y siempre le inquir\u00eda a su padre su poco tacto. &#8220;\u00a1desde luego pap\u00e1, traigo a casa a un amigo y vas y lo insultas y llamas gordo!&#8221; &#8211; &#8220;Yo no lo insult\u00e9 hijo, solo le dije que estaba de buen a\u00f1o&#8230; y es que es verdad&#8221;. Se defend\u00eda Don Marino. Por lo visto, desde entonces, cada vez que el\u00a0Villal\u00f3n se refer\u00eda a mi persona siempre recordaban la divertida an\u00e9cdota, y mi amigo el pasado martes la compart\u00eda de nuevo conmigo. Me agrad\u00f3 especialmente que mi llamada le sirviera para tener un nuevo recuerdo de su padre, a quien siempre llevar\u00e1 en el coraz\u00f3n.<\/span><\/p>\n<div id=\"attachment_990\" style=\"width: 510px\" class=\"wp-caption alignnone\"><a href=\"\/loch-lomond\/wp-content\/uploads\/sites\/10\/2012\/05\/Trsiteza.jpg\"><img aria-describedby=\"caption-attachment-990\" loading=\"lazy\" class=\"size-full wp-image-990\" title=\"Trsiteza\" src=\"\/loch-lomond\/wp-content\/uploads\/sites\/10\/2012\/05\/Trsiteza.jpg\" alt=\"La \u00fanica realidad que existe es la de que cuando un ser humano nace comienza una carrera contra la muerte que siempre acabar\u00e1 a favor de la Parca.\" width=\"500\" height=\"353\" srcset=\"https:\/\/static-blogs.hoy.es\/wp-content\/uploads\/sites\/10\/2012\/05\/Trsiteza.jpg 500w, https:\/\/static-blogs.hoy.es\/wp-content\/uploads\/sites\/10\/2012\/05\/Trsiteza-300x212.jpg 300w\" sizes=\"(max-width: 500px) 100vw, 500px\" \/><\/a><p id=\"caption-attachment-990\" class=\"wp-caption-text\">La \u00fanica realidad que existe es la de que cuando un ser humano nace comienza una carrera contra la muerte que siempre acabar\u00e1 a favor de la Parca.<\/p><\/div>\n<p><span style=\"color: #000080; font-size: medium;\">Fue un d\u00eda muy triste. Es duro ser consciente de que un amigo est\u00e1 sufriendo. Me dio por pensar que lamentablemente tendr\u00e9 que enfrentarme a estos dolorosos trances de un modo cada vez m\u00e1s habitual. Los a\u00f1os no pasan en balde y vamos creciendo, y aunque los seres que queremos no nos abandonan nunca del todo, cuando se van se llevan tambi\u00e9n una peque\u00f1a parte de nosotros. El martes le ha tocado a mi amigo Enrique Villal\u00f3n, pero otro d\u00eda le tocar\u00e1 a \u00e9l llamarme a m\u00ed, o a algunos de nuestros amigos comunes por algo parecido. &#8220;Es ley de vida, chaval&#8221;, te dicen encogi\u00e9ndose de hombros. &#8220;Pues que vida m\u00e1s puta&#8221;, le da a uno por pensar. <\/span><\/p>\n<p><span style=\"color: #000080; font-size: medium;\">Desde estas lineas no puedo m\u00e1s que enviar un gran abrazo a mi querido\u00a0amigo Villal\u00f3n y a toda su familia, y desear que La Parca, esa pu\u00f1etera mal nacida, tenga mejores cosas que hacer y no nos visite, ni a m\u00ed ni a ustedes, ni a sus seres m\u00e1s\u00a0queridos, hasta que casi estemos a punto de cruzar la meta de esa carrera que comenzamos contra la muerte desde el mismo momento en que venimos al mundo. Una carrera que, aunque sabemos perdida de antemano, siempre trataremos de llevarla\u00a0 con dignidad, hasta el \u00faltimo aliento.<\/span><\/p>\n<!-- AddThis Advanced Settings generic via filter on the_content --><!-- AddThis Share Buttons generic via filter on the_content -->","protected":false},"excerpt":{"rendered":"<p>&nbsp; El pasado martes 29 de Mayo fue el entierro de Marino Villal\u00f3n D\u00e1vila, el padre de mi amigo Enrique Villal\u00f3n. Al enterarme de la triste noticia me puse inmediatamente en contacto con mi amigo para ver como estaba y ofrecerle todo mi apoyo en tan dif\u00edcil momento. Mi amigo el Villal\u00f3n, (siempre nos referimos [&hellip;]<!-- AddThis Advanced Settings generic via filter on get_the_excerpt --><!-- AddThis Share Buttons generic via filter on get_the_excerpt --><\/p>\n","protected":false},"author":14,"featured_media":0,"comment_status":"open","ping_status":"closed","sticky":false,"template":"","format":"standard","meta":[],"categories":[4],"tags":[236,297,848,914,1515,1610,1686,1732,1806,1814,1815,2901,3103,3343,3577,5257],"_links":{"self":[{"href":"https:\/\/blogs.hoy.es\/loch-lomond\/wp-json\/wp\/v2\/posts\/988"}],"collection":[{"href":"https:\/\/blogs.hoy.es\/loch-lomond\/wp-json\/wp\/v2\/posts"}],"about":[{"href":"https:\/\/blogs.hoy.es\/loch-lomond\/wp-json\/wp\/v2\/types\/post"}],"author":[{"embeddable":true,"href":"https:\/\/blogs.hoy.es\/loch-lomond\/wp-json\/wp\/v2\/users\/14"}],"replies":[{"embeddable":true,"href":"https:\/\/blogs.hoy.es\/loch-lomond\/wp-json\/wp\/v2\/comments?post=988"}],"version-history":[{"count":0,"href":"https:\/\/blogs.hoy.es\/loch-lomond\/wp-json\/wp\/v2\/posts\/988\/revisions"}],"wp:attachment":[{"href":"https:\/\/blogs.hoy.es\/loch-lomond\/wp-json\/wp\/v2\/media?parent=988"}],"wp:term":[{"taxonomy":"category","embeddable":true,"href":"https:\/\/blogs.hoy.es\/loch-lomond\/wp-json\/wp\/v2\/categories?post=988"},{"taxonomy":"post_tag","embeddable":true,"href":"https:\/\/blogs.hoy.es\/loch-lomond\/wp-json\/wp\/v2\/tags?post=988"}],"curies":[{"name":"wp","href":"https:\/\/api.w.org\/{rel}","templated":true}]}}