{"id":10,"date":"2013-01-05T12:55:00","date_gmt":"2013-01-05T12:55:00","guid":{"rendered":"http:\/\/blogs.hoy.es\/meteobadajoz\/2013\/01\/05\/seguimiento-enero-2013-actualizacion-2\/"},"modified":"2013-01-05T12:55:00","modified_gmt":"2013-01-05T12:55:00","slug":"seguimiento-enero-2013-actualizacion-2","status":"publish","type":"post","link":"https:\/\/blogs.hoy.es\/meteobadajoz\/2013\/01\/05\/seguimiento-enero-2013-actualizacion-2\/","title":{"rendered":"Seguimiento Enero 2013: ACTUALIZACI\u00d3N 2"},"content":{"rendered":"<div style=\"clear: both;text-align: center\"><\/div>\n<div style=\"clear: both;text-align: center\"><a href=\"http:\/\/3.bp.blogspot.com\/-8Yw2VMsvf_4\/UOgTf9DP5wI\/AAAAAAAAFAM\/4nM-zNDU2mM\/s1600\/bitmap.png\" rel=\"external nofollow\"><img loading=\"lazy\" border=\"0\" height=\"248\" src=\"\/\/3.bp.blogspot.com\/-8Yw2VMsvf_4\/UOgTf9DP5wI\/AAAAAAAAFAM\/4nM-zNDU2mM\/s640\/bitmap.png\" width=\"640\" \/><\/a><\/div>\n<div style=\"text-align: center\"><span style=\"font-family: Helvetica Neue, Arial, Helvetica, sans-serif\"><b>Pincha sobre la imagen para ampliar.<\/b><\/span><\/div>\n<p><span style=\"font-family: Helvetica Neue, Arial, Helvetica, sans-serif\"><br \/><\/span><span style=\"font-family: Helvetica Neue, Arial, Helvetica, sans-serif\">Un d\u00eda m\u00e1s seguimos viendo algunas novedades a medio plazo y, especialmente, a largo plazo. Esta ma\u00f1ana, la salida de las 00h del GFS y la salida actual del modelo europeo ECMWF, coinciden en una posible irrupci\u00f3n de aire fr\u00edo desde Centroeuropa hacia el 15-16 de enero. Ayer \u00e9stos modelos ya ve\u00edan algo parecido pero hoy es un poco m\u00e1s evidente.<\/span><br \/><a name='more'><\/a>  <\/p>\n<div style=\"clear: both;text-align: center\"><\/div>\n<div style=\"clear: both;text-align: center\"><a href=\"http:\/\/2.bp.blogspot.com\/-uiHNLwzC2BI\/UOgiiahGzAI\/AAAAAAAAFHI\/sVQpHAW7pLs\/s1600\/Animaci%C3%B3n+-+ECMWF.gif\" rel=\"external nofollow\"><img border=\"0\" src=\"\/\/2.bp.blogspot.com\/-uiHNLwzC2BI\/UOgiiahGzAI\/AAAAAAAAFHI\/sVQpHAW7pLs\/s1600\/Animaci%C3%B3n+-+ECMWF.gif\" \/><\/a><\/div>\n<p><span style=\"font-family: Helvetica Neue, Arial, Helvetica, sans-serif\">As\u00ed muestra el modelo europeo el avance, por el centro de Europa, de esa burbuja de aire muy fr\u00edo a 850 hPa (1.5000 metros de altura), que arranca desde la Pen\u00ednsula\u00a0Escandinava y sobre el mar B\u00e1ltico, avanzando hacia el suroeste hasta alcanzar el noreste de la Pen\u00ednsula Ib\u00e9rica, eso s\u00ed, con algo menos de fuerza. En el \u00faltimo mapa que nos ofrece el europeo, vemos isotermas de hasta <b><span style=\"color: magenta\">-8\u00baC<\/span><\/b>\u00a0afectando a zonas del\u00a0noreste\u00a0peninsular\u00a0y en menos medida a puntos del centro. En el Pirineo, isotermas con valores incluso\u00a0inferiores\u00a0a los -8\u00baC, pero el mismo Pirineo hace de barrera a todo lo que nos llega desde el centro del continente europeo, as\u00ed que gran parte de ese aire fr\u00edo quedar\u00e1 en la cara norte de \u00e9ste\u00a0sistema\u00a0monta\u00f1oso.<\/span><br \/><span style=\"font-family: Helvetica Neue, Arial, Helvetica, sans-serif\"><br \/><\/span><span style=\"font-family: Helvetica Neue, Arial, Helvetica, sans-serif\">Es una situaci\u00f3n muy t\u00edpica, formada por un centro de bajas presiones, generalmente localizado en \u00e1reas del Mediterr\u00e1neo m\u00e1s occidental-Golfo de Le\u00f3n o sobre Italia, que junto con otro centro de altas presiones en Reino Unido, impulsan aire muy fr\u00edo desde el centro y norte de Europa, una situaci\u00f3n que viene acompa\u00f1ada tambi\u00e9n de fuerte viento en zonas del noreste\u00a0peninsular\u00a0por\u00a0diferencial\u00a0de presi\u00f3n que encontramos entre el anticicl\u00f3n y la borrasca.<\/span><br \/><span style=\"font-family: Helvetica Neue, Arial, Helvetica, sans-serif\"><br \/><\/span><\/p>\n<div style=\"clear: both;text-align: center\"><a href=\"http:\/\/2.bp.blogspot.com\/-HSamSQS6rmc\/UOgXsgUo4JI\/AAAAAAAAFCY\/qTZLdO1SRRs\/s1600\/Europe_msl_228.png\" rel=\"external nofollow\"><img loading=\"lazy\" border=\"0\" height=\"366\" src=\"\/\/2.bp.blogspot.com\/-HSamSQS6rmc\/UOgXsgUo4JI\/AAAAAAAAFCY\/qTZLdO1SRRs\/s640\/Europe_msl_228.png\" width=\"640\" \/><\/a><\/div>\n<p><span style=\"font-family: Helvetica Neue, Arial, Helvetica, sans-serif\">Todo ello acompa\u00f1ado de un ambiente bastante seco (en la pen\u00ednsula), por lo que no cabr\u00eda esperar (en principio) nevadas significativas, ya que \u00e9sta masa de aire fr\u00edo tiene mucho recorrido continental, y eso le lleva a perder mucha humedad por el camino. Aunque s\u00ed es cierto que el viento del norte y noreste s\u00ed podr\u00eda dejar escapar nevadas en la cara norte del Pirineo y en puntos de la Cordillera Cant\u00e1brica (por acumulaci\u00f3n de nubosidad).\u00a0Tambi\u00e9n\u00a0se podr\u00edan producir nevadas en puntos de Italia, pero de momento s\u00f3lo nos vamos a centrar en lo que viene siendo la localizaci\u00f3n de los principales centros de acci\u00f3n, as\u00ed como sus posibles consecuencias en nuestra Pen\u00ednsula.<\/span><br \/><span style=\"font-family: Helvetica Neue, Arial, Helvetica, sans-serif\"><br \/><\/span><\/p>\n<div style=\"clear: both;text-align: center\"><a href=\"http:\/\/4.bp.blogspot.com\/-labvfjuGMTY\/UOgaBamUh_I\/AAAAAAAAFDk\/BumiGxXGVaM\/s1600\/gfs-0-240.png\" rel=\"external nofollow\"><img loading=\"lazy\" border=\"0\" height=\"426\" src=\"\/\/4.bp.blogspot.com\/-labvfjuGMTY\/UOgaBamUh_I\/AAAAAAAAFDk\/BumiGxXGVaM\/s640\/gfs-0-240.png\" width=\"640\" \/><\/a><\/div>\n<p><span style=\"font-family: Helvetica Neue, Arial, Helvetica, sans-serif\">El modelo GFS, en su salida de las 06h (sin radiosondeos y algo menos fiable) sigue apostando por esa misma configuraci\u00f3n, aunque le quita potencia a la borrasca mediterr\u00e1nea, mientras que el anticicl\u00f3n lo mantiene est\u00e1tico sobre las Islas Brit\u00e1nicas con buen sustento en altura. A m\u00e1s largo plazo parece que esa burbuja c\u00e1lida del anticicl\u00f3n del Reino Unido, ir\u00eda a parar a latitudes m\u00e1s altas y acabar\u00eda sobre el norte de Canad\u00e1, pero esto cambiar\u00e1 a\u00fan much\u00edsimo, lo iremos siguiendo.<\/span><br \/><span style=\"font-family: Helvetica Neue, Arial, Helvetica, sans-serif\"><br \/><\/span><span style=\"font-family: Helvetica Neue, Arial, Helvetica, sans-serif\">De momento nos quedamos con lo que llevo comentando estos \u00faltimos d\u00edas, empezamos a ver cambios a medio\/largo plazo en los modelos y eso es muy buena se\u00f1al, veremos si se van cumpliendo todos estos mapas.<\/span><br \/><span style=\"font-family: Helvetica Neue, Arial, Helvetica, sans-serif\"><br \/><\/span><span style=\"font-family: Helvetica Neue, Arial, Helvetica, sans-serif\">Un saludo.<\/span><\/p>\n<!-- AddThis Advanced Settings generic via filter on the_content --><!-- AddThis Share Buttons generic via filter on the_content -->","protected":false},"excerpt":{"rendered":"<p>Pincha sobre la imagen para ampliar. Un d\u00eda m\u00e1s seguimos viendo algunas novedades a medio plazo y, especialmente, a largo plazo. Esta ma\u00f1ana, la salida de las 00h del GFS y la salida actual del modelo europeo ECMWF, coinciden en una posible irrupci\u00f3n de aire fr\u00edo desde Centroeuropa hacia el 15-16 de enero. Ayer \u00e9stos [&hellip;]<!-- AddThis Advanced Settings generic via filter on get_the_excerpt --><!-- AddThis Share Buttons generic via filter on get_the_excerpt --><\/p>\n","protected":false},"author":3,"featured_media":0,"comment_status":"open","ping_status":"closed","sticky":false,"template":"","format":"standard","meta":[],"categories":[3],"tags":[],"_links":{"self":[{"href":"https:\/\/blogs.hoy.es\/meteobadajoz\/wp-json\/wp\/v2\/posts\/10"}],"collection":[{"href":"https:\/\/blogs.hoy.es\/meteobadajoz\/wp-json\/wp\/v2\/posts"}],"about":[{"href":"https:\/\/blogs.hoy.es\/meteobadajoz\/wp-json\/wp\/v2\/types\/post"}],"author":[{"embeddable":true,"href":"https:\/\/blogs.hoy.es\/meteobadajoz\/wp-json\/wp\/v2\/users\/3"}],"replies":[{"embeddable":true,"href":"https:\/\/blogs.hoy.es\/meteobadajoz\/wp-json\/wp\/v2\/comments?post=10"}],"version-history":[{"count":0,"href":"https:\/\/blogs.hoy.es\/meteobadajoz\/wp-json\/wp\/v2\/posts\/10\/revisions"}],"wp:attachment":[{"href":"https:\/\/blogs.hoy.es\/meteobadajoz\/wp-json\/wp\/v2\/media?parent=10"}],"wp:term":[{"taxonomy":"category","embeddable":true,"href":"https:\/\/blogs.hoy.es\/meteobadajoz\/wp-json\/wp\/v2\/categories?post=10"},{"taxonomy":"post_tag","embeddable":true,"href":"https:\/\/blogs.hoy.es\/meteobadajoz\/wp-json\/wp\/v2\/tags?post=10"}],"curies":[{"name":"wp","href":"https:\/\/api.w.org\/{rel}","templated":true}]}}