{"id":100,"date":"2011-08-09T12:32:00","date_gmt":"2011-08-09T12:32:00","guid":{"rendered":"http:\/\/blogs.hoy.es\/meteobadajoz\/2011\/08\/09\/se-confirma-el-ascenso-termico-de-cara-a-las-proximas-horas\/"},"modified":"2011-08-09T12:32:00","modified_gmt":"2011-08-09T12:32:00","slug":"se-confirma-el-ascenso-termico-de-cara-a-las-proximas-horas","status":"publish","type":"post","link":"https:\/\/blogs.hoy.es\/meteobadajoz\/2011\/08\/09\/se-confirma-el-ascenso-termico-de-cara-a-las-proximas-horas\/","title":{"rendered":"Se confirma el ascenso t\u00e9rmico de cara a las pr\u00f3ximas horas"},"content":{"rendered":"<p>El d\u00eda de hoy est\u00e1 transcurriendo con cielos totalmente despejados y con temperaturas notablemente m\u00e1s altas que las de estos \u00faltimos d\u00edas (13:25h <span style=\"color: red\"><b>34\u00baC<\/b><\/span> ). Hoy se prev\u00e9 que alcancemos puntualmente los <b>40\u00baC<\/b>, pero de cara a los pr\u00f3ximos las temperaturas seguir\u00e1n en ascenso, tanto m\u00e1ximas como m\u00ednimas.<br \/><span style=\"color: orange\"><b><br \/><\/b><\/span><br \/><span style=\"color: orange\"><b>Variaci\u00f3n de temperaturas m\u00e1ximas para hoy.<\/b><\/span><br \/>Ascenso de entre 1\u00baC a 3\u00baC.<\/p>\n<div style=\"clear: both;text-align: center\"><a href=\"http:\/\/2.bp.blogspot.com\/-XM4HP-jEueo\/TkEatOCcXvI\/AAAAAAAAAFU\/j0Z_gsa2emw\/s1600\/tw1gp097.gif\" rel=\"external nofollow\"><img loading=\"lazy\" border=\"0\" height=\"444\" src=\"\/\/2.bp.blogspot.com\/-XM4HP-jEueo\/TkEatOCcXvI\/AAAAAAAAAFU\/j0Z_gsa2emw\/s640\/tw1gp097.gif\" width=\"640\" \/><\/a><\/div>\n<p><span style=\"color: orange\"><b>Temperaturas previstas para hoy.<\/b><\/span><br \/>Seg\u00fan la AEMET en general se pueden alcanzar los 38\u00baC, pero puntualmente en zonas urbanas como Badajoz, en plena Vega del Guadiana se podr\u00eda acariciar la marca de los 40.<\/p>\n<div style=\"clear: both;text-align: center\"><a href=\"http:\/\/3.bp.blogspot.com\/-AgRpEmpm2AI\/TkEaWb9Oj-I\/AAAAAAAAAFQ\/0bbv26wUc88\/s1600\/tw1gp099.gif\" rel=\"external nofollow\"><img loading=\"lazy\" border=\"0\" height=\"444\" src=\"\/\/3.bp.blogspot.com\/-AgRpEmpm2AI\/TkEaWb9Oj-I\/AAAAAAAAAFQ\/0bbv26wUc88\/s640\/tw1gp099.gif\" width=\"640\" \/><\/a><\/div>\n<p><span style=\"color: orange\"><b>Variaci\u00f3n de las temperaturas m\u00e1ximas para el jueves 11 de Agosto con respecto al mi\u00e9rcoles 10.<\/b><\/span><br \/>Ascenso generalizado de las m\u00e1ximas en casi toda la Pen\u00ednsula. En Extremadura el ascenso ser\u00e1 de entre 1\u00baC (en casi toda la regi\u00f3n) a 2\u00baC (en el extremo Norte de Extremadura).<\/p>\n<div style=\"clear: both;text-align: center\"><a href=\"http:\/\/4.bp.blogspot.com\/-oDFBqe3h_Qk\/TkEjinXSTUI\/AAAAAAAAAFY\/GJCOq1VYlHM\/s1600\/tw3gp097.gif\" rel=\"external nofollow\"><img loading=\"lazy\" border=\"0\" height=\"444\" src=\"\/\/4.bp.blogspot.com\/-oDFBqe3h_Qk\/TkEjinXSTUI\/AAAAAAAAAFY\/GJCOq1VYlHM\/s640\/tw3gp097.gif\" width=\"640\" \/><\/a><\/div>\n<p><b><span style=\"color: orange\">Temperaturas m\u00e1ximas previstas para el jueves 11 de Agosto.<\/span><\/b><br \/><span>En gran parte de la pen\u00ednsula se registrar\u00e1n temperaturas m\u00e1ximas cerca o por encima de los <span style=\"color: red\"><b>30\u00baC<\/b><\/span>. En nuestra regi\u00f3n se alcanzar\u00e1n\u00a0f\u00e1cilmente\u00a0los 36\u00baC, y aqu\u00ed en Badajoz podr\u00edamos pasar de los 40\u00baC<\/span><\/p>\n<div style=\"clear: both;text-align: center\"><a href=\"http:\/\/2.bp.blogspot.com\/-STeVyFdHfeQ\/TkEksX4GhlI\/AAAAAAAAAFc\/TqcnUJ3F6F8\/s1600\/tw3gp099.gif\" rel=\"external nofollow\"><img loading=\"lazy\" border=\"0\" height=\"444\" src=\"\/\/2.bp.blogspot.com\/-STeVyFdHfeQ\/TkEksX4GhlI\/AAAAAAAAAFc\/TqcnUJ3F6F8\/s640\/tw3gp099.gif\" width=\"640\" \/><\/a><\/div>\n<p><b><span style=\"color: orange\">Mapa de alertas para el jueves 11.<\/span><\/b><br \/><span>Alertas de primer nivel en el interior de Galicia, Valle del Tajo, Vegas del Guadiana, y Valle del Guadalquivir. Hay que estar pendientes de las alertas ya que muy probablemente este mapa se vea modificado en las pr\u00f3ximas horas, AEMET puede que extienda las alertas a otras zonas del interior y Sur de las Pen\u00ednsula principalmente e incluso subir el nivel de alerta.<\/span><\/p>\n<div style=\"clear: both;text-align: center\"><a href=\"http:\/\/2.bp.blogspot.com\/-rdYsih0ynjA\/TkElrQzxBxI\/AAAAAAAAAFg\/B33Lb2OQl30\/s1600\/20110809120000_avi_pmna.png\" rel=\"external nofollow\"><img loading=\"lazy\" border=\"0\" height=\"426\" src=\"\/\/2.bp.blogspot.com\/-rdYsih0ynjA\/TkElrQzxBxI\/AAAAAAAAAFg\/B33Lb2OQl30\/s640\/20110809120000_avi_pmna.png\" width=\"640\" \/><\/a><\/div>\n<p><b><span style=\"color: orange\">Evoluci\u00f3n dela temperaturas para Badajoz seg\u00fan AEMET:<\/span><\/b><\/p>\n<div style=\"clear: both;text-align: center\"><a href=\"http:\/\/1.bp.blogspot.com\/-SqiTvCGHnZk\/TkEnjS6F2vI\/AAAAAAAAAFk\/hBhVn9h911Y\/s1600\/Captura.PNG\" rel=\"external nofollow\"><img loading=\"lazy\" border=\"0\" height=\"28\" src=\"\/\/1.bp.blogspot.com\/-SqiTvCGHnZk\/TkEnjS6F2vI\/AAAAAAAAAFk\/hBhVn9h911Y\/s640\/Captura.PNG\" width=\"640\" \/><\/a><a href=\"http:\/\/3.bp.blogspot.com\/-WBQYZHIyMQU\/TkEnkwngs1I\/AAAAAAAAAFo\/2L987DsAPCQ\/s1600\/Captura2.PNG\" rel=\"external nofollow\"><img loading=\"lazy\" border=\"0\" height=\"26\" src=\"\/\/3.bp.blogspot.com\/-WBQYZHIyMQU\/TkEnkwngs1I\/AAAAAAAAAFo\/2L987DsAPCQ\/s640\/Captura2.PNG\" width=\"640\" \/><\/a><a href=\"http:\/\/3.bp.blogspot.com\/-cEcyks8jRjg\/TkEnmMe3A-I\/AAAAAAAAAFs\/X4g05dvDfPw\/s1600\/Captura2s.PNG\" rel=\"external nofollow\"><img loading=\"lazy\" border=\"0\" height=\"52\" src=\"\/\/3.bp.blogspot.com\/-cEcyks8jRjg\/TkEnmMe3A-I\/AAAAAAAAAFs\/X4g05dvDfPw\/s640\/Captura2s.PNG\" width=\"640\" \/><\/a><\/div>\n<div style=\"text-align: left\">Seguiremos pendientes&#8230;.<\/div>\n<div style=\"text-align: center\">Saludos desde Badajoz!<\/div>\n<!-- AddThis Advanced Settings generic via filter on the_content --><!-- AddThis Share Buttons generic via filter on the_content -->","protected":false},"excerpt":{"rendered":"<p>El d\u00eda de hoy est\u00e1 transcurriendo con cielos totalmente despejados y con temperaturas notablemente m\u00e1s altas que las de estos \u00faltimos d\u00edas (13:25h 34\u00baC ). Hoy se prev\u00e9 que alcancemos puntualmente los 40\u00baC, pero de cara a los pr\u00f3ximos las temperaturas seguir\u00e1n en ascenso, tanto m\u00e1ximas como m\u00ednimas.Variaci\u00f3n de temperaturas m\u00e1ximas para hoy.Ascenso de entre [&hellip;]<!-- AddThis Advanced Settings generic via filter on get_the_excerpt --><!-- AddThis Share Buttons generic via filter on get_the_excerpt --><\/p>\n","protected":false},"author":3,"featured_media":0,"comment_status":"open","ping_status":"closed","sticky":false,"template":"","format":"standard","meta":[],"categories":[3],"tags":[],"_links":{"self":[{"href":"https:\/\/blogs.hoy.es\/meteobadajoz\/wp-json\/wp\/v2\/posts\/100"}],"collection":[{"href":"https:\/\/blogs.hoy.es\/meteobadajoz\/wp-json\/wp\/v2\/posts"}],"about":[{"href":"https:\/\/blogs.hoy.es\/meteobadajoz\/wp-json\/wp\/v2\/types\/post"}],"author":[{"embeddable":true,"href":"https:\/\/blogs.hoy.es\/meteobadajoz\/wp-json\/wp\/v2\/users\/3"}],"replies":[{"embeddable":true,"href":"https:\/\/blogs.hoy.es\/meteobadajoz\/wp-json\/wp\/v2\/comments?post=100"}],"version-history":[{"count":0,"href":"https:\/\/blogs.hoy.es\/meteobadajoz\/wp-json\/wp\/v2\/posts\/100\/revisions"}],"wp:attachment":[{"href":"https:\/\/blogs.hoy.es\/meteobadajoz\/wp-json\/wp\/v2\/media?parent=100"}],"wp:term":[{"taxonomy":"category","embeddable":true,"href":"https:\/\/blogs.hoy.es\/meteobadajoz\/wp-json\/wp\/v2\/categories?post=100"},{"taxonomy":"post_tag","embeddable":true,"href":"https:\/\/blogs.hoy.es\/meteobadajoz\/wp-json\/wp\/v2\/tags?post=100"}],"curies":[{"name":"wp","href":"https:\/\/api.w.org\/{rel}","templated":true}]}}