{"id":101,"date":"2011-08-06T20:06:00","date_gmt":"2011-08-06T20:06:00","guid":{"rendered":"http:\/\/blogs.hoy.es\/meteobadajoz\/2011\/08\/06\/seguimos-con-ambiente-agradable\/"},"modified":"2011-08-06T20:06:00","modified_gmt":"2011-08-06T20:06:00","slug":"seguimos-con-ambiente-agradable","status":"publish","type":"post","link":"https:\/\/blogs.hoy.es\/meteobadajoz\/2011\/08\/06\/seguimos-con-ambiente-agradable\/","title":{"rendered":"Seguimos con ambiente agradable"},"content":{"rendered":"<p>Tras las lluvias del pasado lunes 1 de Agosto (con un recuento de <span style=\"color: blue\"><b>6 mm<\/b><\/span> de lluvia), hoy quinta jornada consecutiva de cielo despejado y temperaturas bastante agradables, aunque con nieblas altas por la ma\u00f1ana. Las previsiones a medio plazo empiezan a dibujar una situaci\u00f3n\u00a0casi\u00a0de pleno verano, con unas temperaturas que ya el pr\u00f3ximo mi\u00e9rcoles pueden alcanzar los <span style=\"color: red\"><b>40\u00baC<\/b><\/span> aqu\u00ed en Badajoz.<\/p>\n<p><b><span style=\"color: orange\">Imagen del sat\u00e9lite. (Tarde de hoy a las 20h).<\/span><\/b><br \/>Tiempo inestable en zonas del Centro y Oeste de Europa, con la aparici\u00f3n de tormentas a causa de la llegada de un frente fr\u00edo desde el Atl\u00e1ntico.<\/p>\n<div style=\"clear: both;text-align: center\"><a href=\"http:\/\/3.bp.blogspot.com\/-sbHfe3ruyGg\/Tj2SoHUhgVI\/AAAAAAAAAEo\/OfaVDPf_HYU\/s1600\/Captura.PNG\" rel=\"external nofollow\"><img loading=\"lazy\" border=\"0\" height=\"444\" src=\"\/\/3.bp.blogspot.com\/-sbHfe3ruyGg\/Tj2SoHUhgVI\/AAAAAAAAAEo\/OfaVDPf_HYU\/s640\/Captura.PNG\" width=\"640\" \/><\/a><\/div>\n<div style=\"clear: both;text-align: left\"><\/div>\n<div style=\"clear: both;text-align: left\">Y mientras en la Pen\u00ednsula, la cola del frente fr\u00edo que entra por el Oeste de Europa nos deja acumulaci\u00f3n de nubosidad de tipo bajo en el Norte, nubes bajas tambi\u00e9n en la costa central de Portugal, nubes altas en baleares y algunas nubes de evoluci\u00f3n en las principales sierras del centro\u00a0Peninsular. En Canarias nubes retenidas en la cara Norte de las islas m\u00e1s monta\u00f1osas del archipi\u00e9lago.<\/div>\n<div style=\"clear: both;text-align: left\"><\/div>\n<div style=\"clear: both;text-align: center\"><a href=\"http:\/\/2.bp.blogspot.com\/-kMg2iLsnTS8\/Tj2YuuwSbUI\/AAAAAAAAAE0\/XtLT_lJpfe0\/s1600\/Captura2s.PNG\" rel=\"external nofollow\"><img loading=\"lazy\" border=\"0\" height=\"440\" src=\"\/\/2.bp.blogspot.com\/-kMg2iLsnTS8\/Tj2YuuwSbUI\/AAAAAAAAAE0\/XtLT_lJpfe0\/s640\/Captura2s.PNG\" width=\"640\" \/><\/a><\/div>\n<div style=\"clear: both;text-align: center\">(<b><a href=\"http:\/\/sat24.com\/\" rel=\"external nofollow\"><span style=\"color: blue\">Sat24.com<\/span><\/a><\/b>)<\/div>\n<div style=\"clear: both;text-align: center\"><\/div>\n<div style=\"clear: both;text-align: left\"><span style=\"color: orange\"><b>Mapa isob\u00e1rico<\/b><\/span> para ma\u00f1ana 7 de Agosto a las 14h de la tarde.<\/div>\n<div style=\"clear: both;text-align: left\">Borrasca sobre las Islas Brit\u00e1nicas y que afecta a todo el Oeste y Centro de Europa. En la pen\u00ednsula no hay una situaci\u00f3n claramente definida, no tenemos\u00a0ning\u00fan\u00a0centro de altas presiones, ni tampoco inestabilidad, pero en los pr\u00f3ximos d\u00edas se formar\u00e1 de nuevo el famoso anticicl\u00f3n de las Azores y en d\u00edas posteriores se desplazar\u00e1 hacia las Islas Brit\u00e1nicas, pudiendo abrir la puerta a posibles frentes o borrascas, aunque hay mucha incertidumbre y posiblemente no se cumpla.<\/div>\n<div style=\"clear: both;text-align: center\"><a href=\"http:\/\/3.bp.blogspot.com\/-RKdOqE4lQAs\/Tj2S8wSfgXI\/AAAAAAAAAEs\/jkCtzNzlUvU\/s1600\/ww_i1x0w2d1.gif\" rel=\"external nofollow\"><img loading=\"lazy\" border=\"0\" height=\"364\" src=\"\/\/3.bp.blogspot.com\/-RKdOqE4lQAs\/Tj2S8wSfgXI\/AAAAAAAAAEs\/jkCtzNzlUvU\/s640\/ww_i1x0w2d1.gif\" width=\"640\" \/><\/a><\/div>\n<div style=\"clear: both;text-align: center\"><\/div>\n<div style=\"clear: both;text-align: left\">Ma\u00f1ana el d\u00eda se presenta igual como estos \u00faltimos, es decir, con cielos claramente despejado, eso si, con posibles nieblas altas por la ma\u00f1ana en puntos del Valle del Guadiana que\u00a0r\u00e1pidamente\u00a0con el ascenso\u00a0t\u00e9rmico a lo largo del d\u00eda\u00a0desaparecer\u00e1n.<\/div>\n<div style=\"clear: both;text-align: left\"><\/div>\n<div style=\"clear: both;text-align: left\">Y como\u00a0dec\u00eda\u00a0a medio plazo los\u00a0term\u00f3metros\u00a0de disparar\u00e1n en puntos del Centro, Sur Y Sureste de la Pen\u00ednsula.<\/div>\n<div style=\"clear: both;text-align: left\"><\/div>\n<div style=\"clear: both;text-align: left\"><span style=\"color: orange\"><b>Mapa a 850 hPa (Temperatura).<\/b><\/span><\/div>\n<div style=\"clear: both;text-align: left\">Para el 13 de Agosto dorsal ascendiendo desde el Norte de \u00c1frica de hasta +25\u00baC (en Extremadura entre +20 y +25\u00baC que puede\u00a0equivaler\u00a0a temperaturas rondando los 40\u00baC)<\/div>\n<div style=\"clear: both;text-align: left\"><\/div>\n<div style=\"clear: both;text-align: center\"><a href=\"http:\/\/1.bp.blogspot.com\/-57be-Tc2-uA\/Tj2UfjKOnAI\/AAAAAAAAAEw\/EAsoVqMlr2I\/s1600\/Rtavn1682.png\" rel=\"external nofollow\"><img loading=\"lazy\" border=\"0\" height=\"523\" src=\"\/\/1.bp.blogspot.com\/-57be-Tc2-uA\/Tj2UfjKOnAI\/AAAAAAAAAEw\/EAsoVqMlr2I\/s640\/Rtavn1682.png\" width=\"640\" \/><\/a><\/div>\n<div style=\"clear: both;text-align: center\"><\/div>\n<div style=\"clear: both;text-align: center\">Saludos desde Badajoz!<\/div>\n<!-- AddThis Advanced Settings generic via filter on the_content --><!-- AddThis Share Buttons generic via filter on the_content -->","protected":false},"excerpt":{"rendered":"<p>Tras las lluvias del pasado lunes 1 de Agosto (con un recuento de 6 mm de lluvia), hoy quinta jornada consecutiva de cielo despejado y temperaturas bastante agradables, aunque con nieblas altas por la ma\u00f1ana. Las previsiones a medio plazo empiezan a dibujar una situaci\u00f3n\u00a0casi\u00a0de pleno verano, con unas temperaturas que ya el pr\u00f3ximo mi\u00e9rcoles [&hellip;]<!-- AddThis Advanced Settings generic via filter on get_the_excerpt --><!-- AddThis Share Buttons generic via filter on get_the_excerpt --><\/p>\n","protected":false},"author":3,"featured_media":0,"comment_status":"open","ping_status":"closed","sticky":false,"template":"","format":"standard","meta":[],"categories":[3],"tags":[],"_links":{"self":[{"href":"https:\/\/blogs.hoy.es\/meteobadajoz\/wp-json\/wp\/v2\/posts\/101"}],"collection":[{"href":"https:\/\/blogs.hoy.es\/meteobadajoz\/wp-json\/wp\/v2\/posts"}],"about":[{"href":"https:\/\/blogs.hoy.es\/meteobadajoz\/wp-json\/wp\/v2\/types\/post"}],"author":[{"embeddable":true,"href":"https:\/\/blogs.hoy.es\/meteobadajoz\/wp-json\/wp\/v2\/users\/3"}],"replies":[{"embeddable":true,"href":"https:\/\/blogs.hoy.es\/meteobadajoz\/wp-json\/wp\/v2\/comments?post=101"}],"version-history":[{"count":0,"href":"https:\/\/blogs.hoy.es\/meteobadajoz\/wp-json\/wp\/v2\/posts\/101\/revisions"}],"wp:attachment":[{"href":"https:\/\/blogs.hoy.es\/meteobadajoz\/wp-json\/wp\/v2\/media?parent=101"}],"wp:term":[{"taxonomy":"category","embeddable":true,"href":"https:\/\/blogs.hoy.es\/meteobadajoz\/wp-json\/wp\/v2\/categories?post=101"},{"taxonomy":"post_tag","embeddable":true,"href":"https:\/\/blogs.hoy.es\/meteobadajoz\/wp-json\/wp\/v2\/tags?post=101"}],"curies":[{"name":"wp","href":"https:\/\/api.w.org\/{rel}","templated":true}]}}