{"id":102,"date":"2011-07-29T20:18:00","date_gmt":"2011-07-29T20:18:00","guid":{"rendered":"http:\/\/blogs.hoy.es\/meteobadajoz\/2011\/07\/29\/cambio-de-tiempo-a-partir-del-proximo-lunes\/"},"modified":"2011-07-29T20:18:00","modified_gmt":"2011-07-29T20:18:00","slug":"cambio-de-tiempo-a-partir-del-proximo-lunes","status":"publish","type":"post","link":"https:\/\/blogs.hoy.es\/meteobadajoz\/2011\/07\/29\/cambio-de-tiempo-a-partir-del-proximo-lunes\/","title":{"rendered":"Cambio de tiempo a partir del pr\u00f3ximo lunes"},"content":{"rendered":"<p>Los modelos\u00a0num\u00e9ricos\u00a0mas importantes como GFS, ECMWF, HIRLAM, UKMO o PROMES llevan varios d\u00edas mostrando en sus pron\u00f3sticos la posible llegada de una <span style=\"color: red\">miniDANA<\/span> al Suroeste de la Pen\u00ednsula. Aunque existe mucha incertidumbre, parece que en las \u00faltimas actualizaciones de los modelos nos presentan <span style=\"color: red\">dos escenarios<\/span> principales: <span style=\"color: red\">el primero<\/span> es que la miniDANA se introdujera por la zona de Lisboa, recorriendo el cuadrante Noroeste Peninsular y saliendo entre Asturias y\u00a0Cantabria aproximadamente (en Extremadura\u00a0tendr\u00edamos\u00a0chubascos y tormentas asociadas principalmente a zonas de sierra). <span style=\"color: red\">El segundo escenario<\/span> la cuela por el Golfo de C\u00e1diz hacia el interior de la Pen\u00ednsula (en este caso no tendr\u00edamos en principio precipitaciones destacables).<\/p>\n<p>Por ejemplo el modelo GFS.<br \/><span style=\"color: red\">Primer escenario<\/span>.<\/p>\n<div style=\"clear: both;text-align: center\"><a href=\"http:\/\/3.bp.blogspot.com\/-TqEvpAQf1mk\/TjMTUiLTomI\/AAAAAAAAAEc\/uu9LlHiiThg\/s1600\/gfs-0-84.png\" rel=\"external nofollow\"><img loading=\"lazy\" border=\"0\" height=\"265\" src=\"\/\/3.bp.blogspot.com\/-TqEvpAQf1mk\/TjMTUiLTomI\/AAAAAAAAAEc\/uu9LlHiiThg\/s400\/gfs-0-84.png\" width=\"400\" \/><\/a><\/div>\n<div style=\"clear: both;text-align: left\"><\/div>\n<div style=\"clear: both;text-align: left\">Modelo\u00a0ECMWF (Europeo).<\/div>\n<div style=\"clear: both;text-align: left\"><span style=\"color: red\">Segundo escenario<\/span>.<\/div>\n<div style=\"clear: both;text-align: center\"><\/div>\n<div style=\"clear: both;text-align: center\"><a href=\"http:\/\/4.bp.blogspot.com\/-tPUNSOm7SpY\/TjMVOBE7Z1I\/AAAAAAAAAEk\/FHUxEPeh-mw\/s1600\/ECM1-72.GIF\" rel=\"external nofollow\"><img loading=\"lazy\" border=\"0\" height=\"265\" src=\"\/\/4.bp.blogspot.com\/-tPUNSOm7SpY\/TjMVOBE7Z1I\/AAAAAAAAAEk\/FHUxEPeh-mw\/s400\/ECM1-72.GIF\" width=\"400\" \/><\/a><\/div>\n<div style=\"clear: both;text-align: left\">Seguiremos muy pendientes de las evoluciones de esta miniDANA.<\/div>\n<div style=\"clear: both;text-align: left\"><\/div>\n<div style=\"clear: both;text-align: center\">Saludos desde Badajoz!<\/div>\n<!-- AddThis Advanced Settings generic via filter on the_content --><!-- AddThis Share Buttons generic via filter on the_content -->","protected":false},"excerpt":{"rendered":"<p>Los modelos\u00a0num\u00e9ricos\u00a0mas importantes como GFS, ECMWF, HIRLAM, UKMO o PROMES llevan varios d\u00edas mostrando en sus pron\u00f3sticos la posible llegada de una miniDANA al Suroeste de la Pen\u00ednsula. Aunque existe mucha incertidumbre, parece que en las \u00faltimas actualizaciones de los modelos nos presentan dos escenarios principales: el primero es que la miniDANA se introdujera por [&hellip;]<!-- AddThis Advanced Settings generic via filter on get_the_excerpt --><!-- AddThis Share Buttons generic via filter on get_the_excerpt --><\/p>\n","protected":false},"author":3,"featured_media":0,"comment_status":"open","ping_status":"closed","sticky":false,"template":"","format":"standard","meta":[],"categories":[3],"tags":[],"_links":{"self":[{"href":"https:\/\/blogs.hoy.es\/meteobadajoz\/wp-json\/wp\/v2\/posts\/102"}],"collection":[{"href":"https:\/\/blogs.hoy.es\/meteobadajoz\/wp-json\/wp\/v2\/posts"}],"about":[{"href":"https:\/\/blogs.hoy.es\/meteobadajoz\/wp-json\/wp\/v2\/types\/post"}],"author":[{"embeddable":true,"href":"https:\/\/blogs.hoy.es\/meteobadajoz\/wp-json\/wp\/v2\/users\/3"}],"replies":[{"embeddable":true,"href":"https:\/\/blogs.hoy.es\/meteobadajoz\/wp-json\/wp\/v2\/comments?post=102"}],"version-history":[{"count":0,"href":"https:\/\/blogs.hoy.es\/meteobadajoz\/wp-json\/wp\/v2\/posts\/102\/revisions"}],"wp:attachment":[{"href":"https:\/\/blogs.hoy.es\/meteobadajoz\/wp-json\/wp\/v2\/media?parent=102"}],"wp:term":[{"taxonomy":"category","embeddable":true,"href":"https:\/\/blogs.hoy.es\/meteobadajoz\/wp-json\/wp\/v2\/categories?post=102"},{"taxonomy":"post_tag","embeddable":true,"href":"https:\/\/blogs.hoy.es\/meteobadajoz\/wp-json\/wp\/v2\/tags?post=102"}],"curies":[{"name":"wp","href":"https:\/\/api.w.org\/{rel}","templated":true}]}}