{"id":103,"date":"2011-07-27T18:16:00","date_gmt":"2011-07-27T18:16:00","guid":{"rendered":"http:\/\/blogs.hoy.es\/meteobadajoz\/2011\/07\/27\/regresan-las-calidas-temperaturas\/"},"modified":"2011-07-27T18:16:00","modified_gmt":"2011-07-27T18:16:00","slug":"regresan-las-calidas-temperaturas","status":"publish","type":"post","link":"https:\/\/blogs.hoy.es\/meteobadajoz\/2011\/07\/27\/regresan-las-calidas-temperaturas\/","title":{"rendered":"Regresan las c\u00e1lidas temperaturas"},"content":{"rendered":"<p>En la jornada de hoy se ha producido un nuevo ascenso t\u00e9rmico de entre 1 a 2\u00baC dependiendo la zona de Extremadura, pero donde m\u00e1s se ha notado ha sido aqu\u00ed en Badajoz, con una m\u00e1xima hoy de <b>41,7\u00baC<\/b> (19h), y es que hoy\u00a0est\u00e1bamos\u00a0en alerta amarilla por temperaturas m\u00e1ximas que superar\u00edan los 38\u00baC.<\/p>\n<p>A continuaci\u00f3n vemos un ranking de temperaturas m\u00e1ximas seg\u00fan <a href=\"http:\/\/www.meteoclimatic.com\/?screen_width=1440\" rel=\"external nofollow\"><span style=\"color: red\">meteoclimatic<\/span><\/a>:<\/p>\n<div style=\"clear: both;text-align: center\"><a href=\"http:\/\/3.bp.blogspot.com\/-4aoroYSRb3Y\/TjBQ52HXjJI\/AAAAAAAAAEE\/vrkH-ZDN7cA\/s1600\/Captura2.PNG\" rel=\"external nofollow\"><img loading=\"lazy\" border=\"0\" height=\"333\" src=\"\/\/3.bp.blogspot.com\/-4aoroYSRb3Y\/TjBQ52HXjJI\/AAAAAAAAAEE\/vrkH-ZDN7cA\/s400\/Captura2.PNG\" width=\"400\" \/><\/a><\/div>\n<div style=\"clear: both;text-align: left\"><\/div>\n<div style=\"clear: both;text-align: left\">Ma\u00f1ana las temperaturas se mantendr\u00e1n sin cambios en general, podr\u00edan bajar apenas 1\u00baC en el tercio sur de la regi\u00f3n, pero seguir\u00e1 haciendo calor. Donde si subir\u00e1n ma\u00f1ana ser\u00e1 en el Norte de la pen\u00ednsula, una subida de entre 1 a 3\u00baC. (Mapa de la web de AEMET).<\/div>\n<div style=\"clear: both;text-align: left\"><\/div>\n<div style=\"clear: both;text-align: center\"><a href=\"http:\/\/2.bp.blogspot.com\/-FD3PRjjbLvQ\/TjBRgxlpmpI\/AAAAAAAAAEI\/17kX7q44WgA\/s1600\/tw2gp097.gif\" rel=\"external nofollow\"><img loading=\"lazy\" border=\"0\" height=\"277\" src=\"\/\/2.bp.blogspot.com\/-FD3PRjjbLvQ\/TjBRgxlpmpI\/AAAAAAAAAEI\/17kX7q44WgA\/s400\/tw2gp097.gif\" width=\"400\" \/><\/a><\/div>\n<div style=\"clear: both;text-align: left\"><\/div>\n<p>En el mapa de temperaturas previstas, AEMET\u00a0prev\u00e9\u00a0temperaturas en Extremadura de 32 a 38\u00baC, aunque de forma puntual en puntos de la Vega Baja del Guadiana igual como ha ocurrido en la\u00a0jornada\u00a0de hoy\u00a0podr\u00edamos\u00a0alcanzar los 40\u00baC. Todo con un cielo poco nuboso o despejado.<\/p>\n<div style=\"clear: both;text-align: center\"><a href=\"http:\/\/1.bp.blogspot.com\/-eRMErX9QPu4\/TjBSiQ0v6vI\/AAAAAAAAAEM\/VwqgGYc97yk\/s1600\/tw2gp099.gif\" rel=\"external nofollow\"><img loading=\"lazy\" border=\"0\" height=\"277\" src=\"\/\/1.bp.blogspot.com\/-eRMErX9QPu4\/TjBSiQ0v6vI\/AAAAAAAAAEM\/VwqgGYc97yk\/s400\/tw2gp099.gif\" width=\"400\" \/><\/a><\/div>\n<div style=\"clear: both;text-align: center\"><\/div>\n<div style=\"clear: both;text-align: left\">Ma\u00f1ana volveremos a estar en alerta amarilla por calor en las Vegas del Guadiana. (Mapa de AEMET).<\/div>\n<div style=\"clear: both;text-align: left\"><\/div>\n<div style=\"clear: both;text-align: center\"><a href=\"http:\/\/4.bp.blogspot.com\/--iexDmN3-bI\/TjBTRMYbnsI\/AAAAAAAAAEQ\/qt8PPzvi0nc\/s1600\/20110727175000_avi_mna_ccaa70.png\" rel=\"external nofollow\"><img loading=\"lazy\" border=\"0\" height=\"266\" src=\"\/\/4.bp.blogspot.com\/--iexDmN3-bI\/TjBTRMYbnsI\/AAAAAAAAAEQ\/qt8PPzvi0nc\/s400\/20110727175000_avi_mna_ccaa70.png\" width=\"400\" \/><\/a><\/div>\n<div style=\"clear: both;text-align: center\"><\/div>\n<div style=\"clear: both;text-align: left\">Destacar que con las altas temperaturas que hemos tenido hoy se han activado algunos incendios hacia el Norte de Portugal. Tambi\u00e9n vemos un poco de polvo en suspensi\u00f3n al Suroeste de la Pen\u00ednsula.<\/div>\n<div style=\"clear: both;text-align: left\"><\/div>\n<div style=\"clear: both;text-align: center\"><a href=\"http:\/\/2.bp.blogspot.com\/-wyDHKCu2FS8\/TjBUuMCtRgI\/AAAAAAAAAEY\/mv-k2IT0csI\/s1600\/Captura.PNG\" rel=\"external nofollow\"><img loading=\"lazy\" border=\"0\" height=\"196\" src=\"\/\/2.bp.blogspot.com\/-wyDHKCu2FS8\/TjBUuMCtRgI\/AAAAAAAAAEY\/mv-k2IT0csI\/s400\/Captura.PNG\" width=\"400\" \/><\/a><\/div>\n<p><\/p>\n<div style=\"text-align: center\">Saludos desde Badajoz!<\/div>\n<!-- AddThis Advanced Settings generic via filter on the_content --><!-- AddThis Share Buttons generic via filter on the_content -->","protected":false},"excerpt":{"rendered":"<p>En la jornada de hoy se ha producido un nuevo ascenso t\u00e9rmico de entre 1 a 2\u00baC dependiendo la zona de Extremadura, pero donde m\u00e1s se ha notado ha sido aqu\u00ed en Badajoz, con una m\u00e1xima hoy de 41,7\u00baC (19h), y es que hoy\u00a0est\u00e1bamos\u00a0en alerta amarilla por temperaturas m\u00e1ximas que superar\u00edan los 38\u00baC. A continuaci\u00f3n [&hellip;]<!-- AddThis Advanced Settings generic via filter on get_the_excerpt --><!-- AddThis Share Buttons generic via filter on get_the_excerpt --><\/p>\n","protected":false},"author":3,"featured_media":0,"comment_status":"open","ping_status":"closed","sticky":false,"template":"","format":"standard","meta":[],"categories":[3],"tags":[],"_links":{"self":[{"href":"https:\/\/blogs.hoy.es\/meteobadajoz\/wp-json\/wp\/v2\/posts\/103"}],"collection":[{"href":"https:\/\/blogs.hoy.es\/meteobadajoz\/wp-json\/wp\/v2\/posts"}],"about":[{"href":"https:\/\/blogs.hoy.es\/meteobadajoz\/wp-json\/wp\/v2\/types\/post"}],"author":[{"embeddable":true,"href":"https:\/\/blogs.hoy.es\/meteobadajoz\/wp-json\/wp\/v2\/users\/3"}],"replies":[{"embeddable":true,"href":"https:\/\/blogs.hoy.es\/meteobadajoz\/wp-json\/wp\/v2\/comments?post=103"}],"version-history":[{"count":0,"href":"https:\/\/blogs.hoy.es\/meteobadajoz\/wp-json\/wp\/v2\/posts\/103\/revisions"}],"wp:attachment":[{"href":"https:\/\/blogs.hoy.es\/meteobadajoz\/wp-json\/wp\/v2\/media?parent=103"}],"wp:term":[{"taxonomy":"category","embeddable":true,"href":"https:\/\/blogs.hoy.es\/meteobadajoz\/wp-json\/wp\/v2\/categories?post=103"},{"taxonomy":"post_tag","embeddable":true,"href":"https:\/\/blogs.hoy.es\/meteobadajoz\/wp-json\/wp\/v2\/tags?post=103"}],"curies":[{"name":"wp","href":"https:\/\/api.w.org\/{rel}","templated":true}]}}