{"id":104,"date":"2011-07-23T18:49:00","date_gmt":"2011-07-23T18:49:00","guid":{"rendered":"http:\/\/blogs.hoy.es\/meteobadajoz\/2011\/07\/23\/hoy-un-dia-mas-de-cielos-despejados\/"},"modified":"2011-07-23T18:49:00","modified_gmt":"2011-07-23T18:49:00","slug":"hoy-un-dia-mas-de-cielos-despejados","status":"publish","type":"post","link":"https:\/\/blogs.hoy.es\/meteobadajoz\/2011\/07\/23\/hoy-un-dia-mas-de-cielos-despejados\/","title":{"rendered":"Hoy un d\u00eda m\u00e1s de cielos despejados"},"content":{"rendered":"<p>En la siguiente imagen del sat\u00e9lite <a href=\"http:\/\/oiswww.eumetsat.org\/IPPS\/html\/MSG\/RGB\/EVIEW\/SEGMENT5\/index.htm\" rel=\"external nofollow\"><span style=\"color: red\"><b>EUMETSAT<\/b><\/span><\/a>\u00a0a las 17h UTC (19:00 hora peninsular) podemos observar la tranquilidad absoluta que reina en toda Extremadura y con unas temperaturas que van en continuo ascenso. Hoy rondando los 35\u00baC de m\u00e1xima y una m\u00ednima de 17\u00baC en Badajoz.<\/p>\n<div style=\"clear: both;text-align: center\"><a href=\"http:\/\/3.bp.blogspot.com\/-6ndGXdsrbrE\/TisQX4JCPyI\/AAAAAAAAADs\/yuKihW3170s\/s1600\/Captura.PNG\" rel=\"external nofollow\"><img loading=\"lazy\" border=\"0\" height=\"220\" src=\"\/\/3.bp.blogspot.com\/-6ndGXdsrbrE\/TisQX4JCPyI\/AAAAAAAAADs\/yuKihW3170s\/s400\/Captura.PNG\" width=\"400\" \/><\/a><\/div>\n<div style=\"clear: both;text-align: center\"><\/div>\n<div style=\"clear: both;text-align: left\">Solo en zonas del Este y Sureste de la pen\u00ednsula tenemos algo de movimiento en forma de chubascos y tormentas, algunas de ellas est\u00e1n siendo puntualmente intensas.<\/div>\n<div style=\"clear: both;text-align: left\"><\/div>\n<div style=\"clear: both;text-align: left\">Este es el mapa isob\u00e1rico del modelo num\u00e9rico <a href=\"http:\/\/www.aemet.es\/es\/eltiempo\/prediccion\/modelosnumericos\/hirlam\" rel=\"external nofollow\"><span style=\"color: red\"><b>HIRLAM<\/b><\/span><\/a> de hoy a las 20h\u00a0(Mapa obtenido de la web de AEMET).<\/div>\n<div style=\"clear: both;text-align: left\"><\/div>\n<div style=\"clear: both;text-align: center\"><a href=\"http:\/\/3.bp.blogspot.com\/-JMRpPUQbNJE\/TisRTrkB8KI\/AAAAAAAAADw\/APQqN9nNarw\/s1600\/ww_i1x0w206.gif\" rel=\"external nofollow\"><img loading=\"lazy\" border=\"0\" height=\"227\" src=\"\/\/3.bp.blogspot.com\/-JMRpPUQbNJE\/TisRTrkB8KI\/AAAAAAAAADw\/APQqN9nNarw\/s400\/ww_i1x0w206.gif\" width=\"400\" \/><\/a><\/div>\n<div style=\"clear: both;text-align: left\"><\/div>\n<div style=\"clear: both;text-align: left\">Ma\u00f1ana repetimos situaci\u00f3n y adem\u00e1s con un nuevo ascenso t\u00e9rmico (Mapa obtenido de la web de AEMET).<\/div>\n<div style=\"clear: both;text-align: left\"><\/div>\n<div style=\"clear: both;text-align: left\">Variaci\u00f3n de las temperaturas m\u00e1ximas con respecto a las registradas el S\u00e1bado.<\/div>\n<div style=\"clear: both;text-align: left\">Como vemos las temperaturas m\u00e1ximas subir\u00e1n ma\u00f1ana 1\u00baC en el Oeste y Sur de la regi\u00f3n.<\/div>\n<div style=\"clear: both;text-align: left\"><\/div>\n<div style=\"clear: both;text-align: center\"><a href=\"http:\/\/2.bp.blogspot.com\/-zOvFAjzTL1Y\/TisR-ZRpBII\/AAAAAAAAAD0\/nUp_6VUDQdA\/s1600\/tw2gp097.gif\" rel=\"external nofollow\"><img loading=\"lazy\" border=\"0\" height=\"277\" src=\"\/\/2.bp.blogspot.com\/-zOvFAjzTL1Y\/TisR-ZRpBII\/AAAAAAAAAD0\/nUp_6VUDQdA\/s400\/tw2gp097.gif\" width=\"400\" \/><\/a><\/div>\n<div style=\"clear: both;text-align: center\"><\/div>\n<div style=\"clear: both;text-align: left\">En Extremadura nos quedaremos entre los 30\u00baC a 36\u00baC, las m\u00e1s c\u00e1lidas como siempre en la Vega del Guadiana, Llanos de Olivenza, Vegas del Alag\u00f3n y Campo Ara\u00f1uelo.<\/div>\n<div style=\"clear: both;text-align: left\"><\/div>\n<div style=\"clear: both;text-align: center\"><a href=\"http:\/\/4.bp.blogspot.com\/-X1DVLmnGpP0\/TisSevsh0bI\/AAAAAAAAAD4\/4W0LnREwXxo\/s1600\/tw2gp099.gif\" rel=\"external nofollow\"><img loading=\"lazy\" border=\"0\" height=\"277\" src=\"\/\/4.bp.blogspot.com\/-X1DVLmnGpP0\/TisSevsh0bI\/AAAAAAAAAD4\/4W0LnREwXxo\/s400\/tw2gp099.gif\" width=\"400\" \/><\/a><\/div>\n<div style=\"clear: both;text-align: center\"><\/div>\n<div style=\"clear: both;text-align: left\">En la previsi\u00f3n para los pr\u00f3ximos 9 d\u00edas parece que las temperaturas seguir\u00edan subiendo y continuaremos con cielos despejados (Adjunto los paneles del modelo GFS).<\/div>\n<div style=\"clear: both;text-align: left\"><\/div>\n<div style=\"clear: both;text-align: left\">500 hPa (Isobaras).<\/div>\n<div style=\"clear: both;text-align: left\">El anticicl\u00f3n de las Azores seguir\u00e1 estancado en su archipi\u00e9lago pero el pron\u00f3stico apunta a un debilitamiento del mismo.<\/div>\n<div style=\"clear: both;text-align: left\"><\/div>\n<div style=\"clear: both;text-align: center\"><a href=\"http:\/\/3.bp.blogspot.com\/-tvgba0uJCd4\/TisVwiVAQ2I\/AAAAAAAAAD8\/XT2gkQNAn5w\/s1600\/avnpanel1.gif\" rel=\"external nofollow\"><img loading=\"lazy\" border=\"0\" height=\"311\" src=\"\/\/3.bp.blogspot.com\/-tvgba0uJCd4\/TisVwiVAQ2I\/AAAAAAAAAD8\/XT2gkQNAn5w\/s400\/avnpanel1.gif\" width=\"400\" \/><\/a><\/div>\n<div style=\"clear: both;text-align: left\"><\/div>\n<div style=\"clear: both;text-align: left\">850 hPa (Temperatura).<\/div>\n<div style=\"clear: both;text-align: left\">Vemos que se colar\u00e1 una masa de aire c\u00e1lido por el Sur y Suroeste de la pen\u00ednsula.<\/div>\n<div style=\"clear: both;text-align: left\"><\/div>\n<div style=\"clear: both;text-align: center\"><a href=\"http:\/\/2.bp.blogspot.com\/-bUpEDR7KRGo\/TisWG1CRswI\/AAAAAAAAAEA\/uq_FxpPMeXk\/s1600\/avnpanel2.gif\" rel=\"external nofollow\"><img loading=\"lazy\" border=\"0\" height=\"312\" src=\"\/\/2.bp.blogspot.com\/-bUpEDR7KRGo\/TisWG1CRswI\/AAAAAAAAAEA\/uq_FxpPMeXk\/s400\/avnpanel2.gif\" width=\"400\" \/><\/a><\/div>\n<div style=\"clear: both;text-align: left\"><\/div>\n<div style=\"clear: both;text-align: center\">Saludos desde Badajoz!<\/div>\n<!-- AddThis Advanced Settings generic via filter on the_content --><!-- AddThis Share Buttons generic via filter on the_content -->","protected":false},"excerpt":{"rendered":"<p>En la siguiente imagen del sat\u00e9lite EUMETSAT\u00a0a las 17h UTC (19:00 hora peninsular) podemos observar la tranquilidad absoluta que reina en toda Extremadura y con unas temperaturas que van en continuo ascenso. Hoy rondando los 35\u00baC de m\u00e1xima y una m\u00ednima de 17\u00baC en Badajoz. Solo en zonas del Este y Sureste de la pen\u00ednsula [&hellip;]<!-- AddThis Advanced Settings generic via filter on get_the_excerpt --><!-- AddThis Share Buttons generic via filter on get_the_excerpt --><\/p>\n","protected":false},"author":3,"featured_media":0,"comment_status":"open","ping_status":"closed","sticky":false,"template":"","format":"standard","meta":[],"categories":[3],"tags":[],"_links":{"self":[{"href":"https:\/\/blogs.hoy.es\/meteobadajoz\/wp-json\/wp\/v2\/posts\/104"}],"collection":[{"href":"https:\/\/blogs.hoy.es\/meteobadajoz\/wp-json\/wp\/v2\/posts"}],"about":[{"href":"https:\/\/blogs.hoy.es\/meteobadajoz\/wp-json\/wp\/v2\/types\/post"}],"author":[{"embeddable":true,"href":"https:\/\/blogs.hoy.es\/meteobadajoz\/wp-json\/wp\/v2\/users\/3"}],"replies":[{"embeddable":true,"href":"https:\/\/blogs.hoy.es\/meteobadajoz\/wp-json\/wp\/v2\/comments?post=104"}],"version-history":[{"count":0,"href":"https:\/\/blogs.hoy.es\/meteobadajoz\/wp-json\/wp\/v2\/posts\/104\/revisions"}],"wp:attachment":[{"href":"https:\/\/blogs.hoy.es\/meteobadajoz\/wp-json\/wp\/v2\/media?parent=104"}],"wp:term":[{"taxonomy":"category","embeddable":true,"href":"https:\/\/blogs.hoy.es\/meteobadajoz\/wp-json\/wp\/v2\/categories?post=104"},{"taxonomy":"post_tag","embeddable":true,"href":"https:\/\/blogs.hoy.es\/meteobadajoz\/wp-json\/wp\/v2\/tags?post=104"}],"curies":[{"name":"wp","href":"https:\/\/api.w.org\/{rel}","templated":true}]}}