{"id":105,"date":"2011-07-20T20:04:00","date_gmt":"2011-07-20T20:04:00","guid":{"rendered":"http:\/\/blogs.hoy.es\/meteobadajoz\/2011\/07\/20\/ma-on-se-aleja-de-japon\/"},"modified":"2011-07-20T20:04:00","modified_gmt":"2011-07-20T20:04:00","slug":"ma-on-se-aleja-de-japon","status":"publish","type":"post","link":"https:\/\/blogs.hoy.es\/meteobadajoz\/2011\/07\/20\/ma-on-se-aleja-de-japon\/","title":{"rendered":"MA-ON se aleja de Jap\u00f3n"},"content":{"rendered":"<p>El tif\u00f3n MA-ON empieza a alejarse de la isla de Jap\u00f3n tras dejar a su paso cantidades de lluvia importantes, fuertes rachas de viento y da\u00f1os materiales y desafortunadamente\u00a0tambi\u00e9n da\u00f1os personales.<\/p>\n<div style=\"clear: both;text-align: center\"><a href=\"http:\/\/2.bp.blogspot.com\/-u1QCDqqBYSA\/TicvanufTgI\/AAAAAAAAADU\/Ani48sVehT0\/s1600\/tifon.jpg\" rel=\"external nofollow\"><img loading=\"lazy\" border=\"0\" height=\"213\" src=\"\/\/2.bp.blogspot.com\/-u1QCDqqBYSA\/TicvanufTgI\/AAAAAAAAADU\/Ani48sVehT0\/s320\/tifon.jpg\" width=\"320\" \/><\/a><\/div>\n<p>Al menos <b><span style=\"color: red\">una persona desapareci\u00f3<\/span><\/b> y otras\u00a0<b><span style=\"color: red\">50\u00a0personas heridas<\/span><\/b> en 15 prefecturas de Jap\u00f3n.<br \/>Algunos medios de comunicaci\u00f3n afirman que solo durante la jornada del martes cayeron <span style=\"color: red\"><b>851 mm<\/b><\/span> en Umaji (prefectura de Kochi).<\/p>\n<p>Aqu\u00ed os dejo un\u00a0v\u00eddeo.<\/p>\n<div style=\"clear: both;text-align: center\"><\/div>\n<p>Actualmente el tif\u00f3n posee una presi\u00f3n en su centro de <b><span style=\"color: red\">980 hPa<\/span><\/b> y vientos asociados de <span style=\"color: red\"><b>125 km\/h<\/b><\/span>. Aunque a pesar de que\u00a0MA-ON se aleja, todav\u00eda existen riesgos para algunas zonas del sureste de Jap\u00f3n.<\/p>\n<p>Mapa de alertas de la <a href=\"http:\/\/www.jma.go.jp\/en\/warn\/\" rel=\"external nofollow\">Japan Meteorological Agency<\/a><span style=\"color: red;font-weight: bold\">\u00a0<\/span>con riesgo de tormentas, inundaciones, desprendimientos de tierra y fuerte oleaje.<\/p>\n<div style=\"clear: both;text-align: center\"><a href=\"http:\/\/3.bp.blogspot.com\/-QmBzt4BY0bw\/TicvJzWWe1I\/AAAAAAAAADQ\/uG7jIJHB6zU\/s1600\/99.png\" rel=\"external nofollow\"><img loading=\"lazy\" border=\"0\" height=\"332\" src=\"\/\/3.bp.blogspot.com\/-QmBzt4BY0bw\/TicvJzWWe1I\/AAAAAAAAADQ\/uG7jIJHB6zU\/s400\/99.png\" width=\"400\" \/><\/a><\/div>\n<p>Por cierto que tras unos meses de relativa tranquilidad en la cuenca del Atl\u00e1ntico, en estos \u00faltimos d\u00edas se ha formado una tormenta tropical, su nombre es <span style=\"color: red\"><b>Bret.<\/b><\/span><\/p>\n<div style=\"clear: both;text-align: -webkit-auto\"><span style=\"color: red\"><b><br \/><\/b><\/span><\/div>\n<p>Doy por\u00a0concluido\u00a0este seguimiento a MA-ON, puesto que como se puede ver en el pron\u00f3stico, no parece que vaya a tener mayores consecuencias.<\/p>\n<div style=\"clear: both;text-align: center\"><a href=\"http:\/\/3.bp.blogspot.com\/-9gtIpfV7oEo\/TicyJWKU8CI\/AAAAAAAAADY\/uqSnp66Sxs8\/s1600\/wp082011.11072012.gif\" rel=\"external nofollow\"><img loading=\"lazy\" border=\"0\" height=\"276\" src=\"\/\/3.bp.blogspot.com\/-9gtIpfV7oEo\/TicyJWKU8CI\/AAAAAAAAADY\/uqSnp66Sxs8\/s400\/wp082011.11072012.gif\" width=\"400\" \/><\/a><\/div>\n<div style=\"clear: both;text-align: center\"><\/div>\n<div style=\"clear: both;text-align: center\">Saludos desde Badajoz!!!<\/div>\n<div style=\"clear: both;text-align: center\">Greetings from Badajoz!!!<\/div>\n<!-- AddThis Advanced Settings generic via filter on the_content --><!-- AddThis Share Buttons generic via filter on the_content -->","protected":false},"excerpt":{"rendered":"<p>El tif\u00f3n MA-ON empieza a alejarse de la isla de Jap\u00f3n tras dejar a su paso cantidades de lluvia importantes, fuertes rachas de viento y da\u00f1os materiales y desafortunadamente\u00a0tambi\u00e9n da\u00f1os personales. Al menos una persona desapareci\u00f3 y otras\u00a050\u00a0personas heridas en 15 prefecturas de Jap\u00f3n.Algunos medios de comunicaci\u00f3n afirman que solo durante la jornada del martes [&hellip;]<!-- AddThis Advanced Settings generic via filter on get_the_excerpt --><!-- AddThis Share Buttons generic via filter on get_the_excerpt --><\/p>\n","protected":false},"author":3,"featured_media":0,"comment_status":"open","ping_status":"closed","sticky":false,"template":"","format":"standard","meta":[],"categories":[3],"tags":[],"_links":{"self":[{"href":"https:\/\/blogs.hoy.es\/meteobadajoz\/wp-json\/wp\/v2\/posts\/105"}],"collection":[{"href":"https:\/\/blogs.hoy.es\/meteobadajoz\/wp-json\/wp\/v2\/posts"}],"about":[{"href":"https:\/\/blogs.hoy.es\/meteobadajoz\/wp-json\/wp\/v2\/types\/post"}],"author":[{"embeddable":true,"href":"https:\/\/blogs.hoy.es\/meteobadajoz\/wp-json\/wp\/v2\/users\/3"}],"replies":[{"embeddable":true,"href":"https:\/\/blogs.hoy.es\/meteobadajoz\/wp-json\/wp\/v2\/comments?post=105"}],"version-history":[{"count":0,"href":"https:\/\/blogs.hoy.es\/meteobadajoz\/wp-json\/wp\/v2\/posts\/105\/revisions"}],"wp:attachment":[{"href":"https:\/\/blogs.hoy.es\/meteobadajoz\/wp-json\/wp\/v2\/media?parent=105"}],"wp:term":[{"taxonomy":"category","embeddable":true,"href":"https:\/\/blogs.hoy.es\/meteobadajoz\/wp-json\/wp\/v2\/categories?post=105"},{"taxonomy":"post_tag","embeddable":true,"href":"https:\/\/blogs.hoy.es\/meteobadajoz\/wp-json\/wp\/v2\/tags?post=105"}],"curies":[{"name":"wp","href":"https:\/\/api.w.org\/{rel}","templated":true}]}}