{"id":109,"date":"2011-07-18T19:53:00","date_gmt":"2011-07-18T19:53:00","guid":{"rendered":"http:\/\/blogs.hoy.es\/meteobadajoz\/2011\/07\/18\/ma-on-toca-japon-y-se-debilita-considerablemente\/"},"modified":"2011-07-18T19:53:00","modified_gmt":"2011-07-18T19:53:00","slug":"ma-on-toca-japon-y-se-debilita-considerablemente","status":"publish","type":"post","link":"https:\/\/blogs.hoy.es\/meteobadajoz\/2011\/07\/18\/ma-on-toca-japon-y-se-debilita-considerablemente\/","title":{"rendered":"MA-ON toca Jap\u00f3n y se debilita considerablemente"},"content":{"rendered":"<p>Finalmente\u00a0MA-ON ha tocado tierra al Sur de la isla de Jap\u00f3n con una intensidad de categor\u00eda 2-1 y perdiendo fuerza. No ha llegado afortunadamente con la categor\u00eda 4 que se esperaba. El tif\u00f3n va perdiendo el ojo y la forma general. Aunque las bandas de lluvia est\u00e1n descargando con bastante intensidad en algunos puntos de la isla.<\/p>\n<p>En esta imagen del radar podemos ver con detalle la forma del tif\u00f3n, incluso el ojo!<\/p>\n<div style=\"clear: both;text-align: center\"><a href=\"http:\/\/1.bp.blogspot.com\/-OI6u7hdscgw\/TiSOMKeDNDI\/AAAAAAAAACg\/gA_t3Y7cV2g\/s1600\/20110718222012.png\" rel=\"external nofollow\"><img loading=\"lazy\" border=\"0\" height=\"346\" src=\"\/\/1.bp.blogspot.com\/-OI6u7hdscgw\/TiSOMKeDNDI\/AAAAAAAAACg\/gA_t3Y7cV2g\/s400\/20110718222012.png\" width=\"400\" \/><\/a><\/div>\n<p>As\u00ed\u00a0impactan\u00a0las bandas de lluvia en Jap\u00f3n, reflectividades bastante importantes!<\/p>\n<div style=\"clear: both;text-align: center\"><a href=\"http:\/\/4.bp.blogspot.com\/-hWGbBO71pz8\/TiSOhui6ADI\/AAAAAAAAACk\/Zkh75u0A8Ak\/s1600\/201107190445-00.png\" rel=\"external nofollow\"><img loading=\"lazy\" border=\"0\" height=\"346\" src=\"\/\/4.bp.blogspot.com\/-hWGbBO71pz8\/TiSOhui6ADI\/AAAAAAAAACk\/Zkh75u0A8Ak\/s400\/201107190445-00.png\" width=\"400\" \/><\/a><\/div>\n<div style=\"clear: both;text-align: center\"><\/div>\n<div style=\"clear: both;text-align: left\">En este mapa vemos algunos datos (los m\u00e1s destacables de momento), el m\u00e1ximo 54.5 mm!!!<\/div>\n<div style=\"clear: both;text-align: center\"><\/div>\n<div style=\"clear: both;text-align: center\"><a href=\"http:\/\/3.bp.blogspot.com\/-f3TO-K8zOCM\/TiSOtHg6r1I\/AAAAAAAAACo\/RbCavDDYb0I\/s1600\/201107190400-00.png\" rel=\"external nofollow\"><img loading=\"lazy\" border=\"0\" height=\"362\" src=\"\/\/3.bp.blogspot.com\/-f3TO-K8zOCM\/TiSOtHg6r1I\/AAAAAAAAACo\/RbCavDDYb0I\/s400\/201107190400-00.png\" width=\"400\" \/><\/a><\/div>\n<div style=\"clear: both;text-align: center\"><\/div>\n<div style=\"clear: both;text-align: center\">Un saludo desde Badajoz!<\/div>\n<div style=\"clear: both;text-align: center\"><\/div>\n<!-- AddThis Advanced Settings generic via filter on the_content --><!-- AddThis Share Buttons generic via filter on the_content -->","protected":false},"excerpt":{"rendered":"<p>Finalmente\u00a0MA-ON ha tocado tierra al Sur de la isla de Jap\u00f3n con una intensidad de categor\u00eda 2-1 y perdiendo fuerza. No ha llegado afortunadamente con la categor\u00eda 4 que se esperaba. El tif\u00f3n va perdiendo el ojo y la forma general. Aunque las bandas de lluvia est\u00e1n descargando con bastante intensidad en algunos puntos de [&hellip;]<!-- AddThis Advanced Settings generic via filter on get_the_excerpt --><!-- AddThis Share Buttons generic via filter on get_the_excerpt --><\/p>\n","protected":false},"author":3,"featured_media":0,"comment_status":"open","ping_status":"closed","sticky":false,"template":"","format":"standard","meta":[],"categories":[3],"tags":[],"_links":{"self":[{"href":"https:\/\/blogs.hoy.es\/meteobadajoz\/wp-json\/wp\/v2\/posts\/109"}],"collection":[{"href":"https:\/\/blogs.hoy.es\/meteobadajoz\/wp-json\/wp\/v2\/posts"}],"about":[{"href":"https:\/\/blogs.hoy.es\/meteobadajoz\/wp-json\/wp\/v2\/types\/post"}],"author":[{"embeddable":true,"href":"https:\/\/blogs.hoy.es\/meteobadajoz\/wp-json\/wp\/v2\/users\/3"}],"replies":[{"embeddable":true,"href":"https:\/\/blogs.hoy.es\/meteobadajoz\/wp-json\/wp\/v2\/comments?post=109"}],"version-history":[{"count":0,"href":"https:\/\/blogs.hoy.es\/meteobadajoz\/wp-json\/wp\/v2\/posts\/109\/revisions"}],"wp:attachment":[{"href":"https:\/\/blogs.hoy.es\/meteobadajoz\/wp-json\/wp\/v2\/media?parent=109"}],"wp:term":[{"taxonomy":"category","embeddable":true,"href":"https:\/\/blogs.hoy.es\/meteobadajoz\/wp-json\/wp\/v2\/categories?post=109"},{"taxonomy":"post_tag","embeddable":true,"href":"https:\/\/blogs.hoy.es\/meteobadajoz\/wp-json\/wp\/v2\/tags?post=109"}],"curies":[{"name":"wp","href":"https:\/\/api.w.org\/{rel}","templated":true}]}}