{"id":11,"date":"2013-01-04T12:55:00","date_gmt":"2013-01-04T12:55:00","guid":{"rendered":"http:\/\/blogs.hoy.es\/meteobadajoz\/2013\/01\/04\/seguimiento-enero-2013-actualizacion-1\/"},"modified":"2013-01-04T12:55:00","modified_gmt":"2013-01-04T12:55:00","slug":"seguimiento-enero-2013-actualizacion-1","status":"publish","type":"post","link":"https:\/\/blogs.hoy.es\/meteobadajoz\/2013\/01\/04\/seguimiento-enero-2013-actualizacion-1\/","title":{"rendered":"Seguimiento Enero 2013: ACTUALIZACI\u00d3N 1"},"content":{"rendered":"<div style=\"clear: both;text-align: center\"><a href=\"http:\/\/2.bp.blogspot.com\/-Cd1oA7L5zdE\/UObQbirI4oI\/AAAAAAAAE9Y\/1Kpcw2OboSY\/s1600\/met.PNG\" rel=\"external nofollow\"><img loading=\"lazy\" border=\"0\" height=\"364\" src=\"\/\/2.bp.blogspot.com\/-Cd1oA7L5zdE\/UObQbirI4oI\/AAAAAAAAE9Y\/1Kpcw2OboSY\/s640\/met.PNG\" width=\"640\" \/><\/a><\/div>\n<p><span style=\"font-family: Helvetica Neue, Arial, Helvetica, sans-serif\">Esta ma\u00f1ana en la salida del GFS de las 00h (con radiosondeos y, por tanto, de las m\u00e1s fiables) hemos visto mapas realmente espectaculares y que nos siguen indicando esa tendencia inestable para mediados\/finales del mes de enero que <a href=\"http:\/\/meteo-badajoz.blogspot.com.es\/2013\/01\/un-vistazo-como-vendra-el-mes-de-enero.html\" target=\"_blank\" rel=\"external nofollow\"><b><span style=\"color: red\">os comentaba ayer<\/span><\/b><\/a>.<\/span><br \/><span style=\"font-family: Helvetica Neue, Arial, Helvetica, sans-serif\"><br \/><\/span><span style=\"font-family: Helvetica Neue, Arial, Helvetica, sans-serif\">Quiero que nos fijemos bien en los dos mapas superiores previstos a medio\/largo plazo por este modelo, a una altura de 300 hPa (unos 9.000 metros de altura) en el que vemos el Jet Stream (en ingl\u00e9s), o la corriente en chorro (en espa\u00f1ol). S\u00e9 que he usado plazos bastante largos, pero viendo lo parecidas que son las \u00faltimas salidas, me llama mucho la atenci\u00f3n lo que nos empiezan a mostrar.<\/span><br \/><a name='more'><\/a><br \/> <span style=\"font-family: Helvetica Neue, Arial, Helvetica, sans-serif\">En el mapa de la izquierda (a 192h vista), observamos una disposici\u00f3n de la corriente en chorro de una forma bastante sinuosa, muy rota, con algunos tramos desplazados hacia el norte, y peque\u00f1os ramales pasando por el centro de Europa, rodeando al anticicl\u00f3n. Vemos tambi\u00e9n varios centros de alta y baja presi\u00f3n, repartidos de forma muy desordenada por el hemisferio. A este plazo, adem\u00e1s, ya vemos alguna vaguada acerc\u00e1ndose a la pen\u00ednsula desde el Atl\u00e1ntico, poca cosa de momento.<\/span><br \/><span style=\"font-family: Helvetica Neue, Arial, Helvetica, sans-serif\"><br \/><\/span><span style=\"font-family: Helvetica Neue, Arial, Helvetica, sans-serif\">Pero fij\u00e9monos ahora en el mapa de la derecha, a muy largo plazo (ya lo s\u00e9), pero es que es tremendo y es un ejemplo en toda regla de lo que se podr\u00eda configurar para esas fechas. Observamos que una extensa regi\u00f3n de altas presiones que ocupar\u00eda (en principio) gran parte de las latitudes altas del hemisferio norte, desplazando el chorro polar hacia latitudes mucho m\u00e1s bajas. Circulaci\u00f3n casi perfecta, el chorro polar adquiere una forma circular a vista global del hemisferio con pr\u00e1cticamente ning\u00fan ramal de \u00e9ste por las zonas \u00e1rticas&#8230; Mirad tambi\u00e9n la circulaci\u00f3n del chorro en el Atl\u00e1ntico&#8230;. \u00a1menudo flujo de oeste! \u00a1Qu\u00e9 pasillo! Brutal!\u00a0<\/span><br \/><span style=\"font-family: Helvetica Neue, Arial, Helvetica, sans-serif\"><br \/><\/span><\/p>\n<div style=\"clear: both;text-align: center\"><a href=\"http:\/\/4.bp.blogspot.com\/-rrRjS1Iq86M\/UObRQkjFm2I\/AAAAAAAAE9g\/O9e-RlepSP4\/s1600\/gfsnh-2013010400-12-360.png\" rel=\"external nofollow\"><img loading=\"lazy\" border=\"0\" height=\"640\" src=\"\/\/4.bp.blogspot.com\/-rrRjS1Iq86M\/UObRQkjFm2I\/AAAAAAAAE9g\/O9e-RlepSP4\/s640\/gfsnh-2013010400-12-360.png\" width=\"640\" \/><\/a><\/div>\n<p><span style=\"font-family: Helvetica Neue, Arial, Helvetica, sans-serif\">De nuevo el mapa de anomal\u00edas a largo plazo nos\u00a0sorprende\u00a0con presencia de altas presiones sobre Canad\u00e1 y zonas \u00e1rticas, mientras que por el continente europeo se impone un espectacular pasillo de abundante inestabilidad, con un continuo paso de\u00a0borrascas\u00a0y frentes.<\/span><br \/><span style=\"font-family: Helvetica Neue, Arial, Helvetica, sans-serif\"><br \/><\/span><\/p>\n<div style=\"clear: both;text-align: center\"><a href=\"http:\/\/4.bp.blogspot.com\/-La5I36YwLC0\/UObR0DT6kLI\/AAAAAAAAE-s\/scMGDqmdYxA\/s1600\/gfs-2013010400-0-360.png\" rel=\"external nofollow\"><img loading=\"lazy\" border=\"0\" height=\"426\" src=\"\/\/4.bp.blogspot.com\/-La5I36YwLC0\/UObR0DT6kLI\/AAAAAAAAE-s\/scMGDqmdYxA\/s640\/gfs-2013010400-0-360.png\" width=\"640\" \/><\/a><\/div>\n<div style=\"clear: both;text-align: center\"><a href=\"http:\/\/3.bp.blogspot.com\/-KMNunRSj55E\/UObR3bMUHqI\/AAAAAAAAE-0\/O2o3ZXNwgtg\/s1600\/gfs-2013010400-2-360.png\" rel=\"external nofollow\"><img loading=\"lazy\" border=\"0\" height=\"426\" src=\"\/\/3.bp.blogspot.com\/-KMNunRSj55E\/UObR3bMUHqI\/AAAAAAAAE-0\/O2o3ZXNwgtg\/s640\/gfs-2013010400-2-360.png\" width=\"640\" \/><\/a><\/div>\n<p><span style=\"font-family: Helvetica Neue, Arial, Helvetica, sans-serif\">Repito que s\u00e9 perfectamente que son a muy largo plazo pero yo creo que est\u00e1 muy clara la tendencia.\u00a0<\/span><span style=\"font-family: 'Helvetica Neue', Arial, Helvetica, sans-serif\">Sin duda todos con los ojos puestos en \u00e9stos mapas&#8230;. y es obligatorio eh! ;)<\/span><\/p>\n<!-- AddThis Advanced Settings generic via filter on the_content --><!-- AddThis Share Buttons generic via filter on the_content -->","protected":false},"excerpt":{"rendered":"<p>Esta ma\u00f1ana en la salida del GFS de las 00h (con radiosondeos y, por tanto, de las m\u00e1s fiables) hemos visto mapas realmente espectaculares y que nos siguen indicando esa tendencia inestable para mediados\/finales del mes de enero que os comentaba ayer.Quiero que nos fijemos bien en los dos mapas superiores previstos a medio\/largo plazo [&hellip;]<!-- AddThis Advanced Settings generic via filter on get_the_excerpt --><!-- AddThis Share Buttons generic via filter on get_the_excerpt --><\/p>\n","protected":false},"author":3,"featured_media":0,"comment_status":"open","ping_status":"closed","sticky":false,"template":"","format":"standard","meta":[],"categories":[3],"tags":[],"_links":{"self":[{"href":"https:\/\/blogs.hoy.es\/meteobadajoz\/wp-json\/wp\/v2\/posts\/11"}],"collection":[{"href":"https:\/\/blogs.hoy.es\/meteobadajoz\/wp-json\/wp\/v2\/posts"}],"about":[{"href":"https:\/\/blogs.hoy.es\/meteobadajoz\/wp-json\/wp\/v2\/types\/post"}],"author":[{"embeddable":true,"href":"https:\/\/blogs.hoy.es\/meteobadajoz\/wp-json\/wp\/v2\/users\/3"}],"replies":[{"embeddable":true,"href":"https:\/\/blogs.hoy.es\/meteobadajoz\/wp-json\/wp\/v2\/comments?post=11"}],"version-history":[{"count":0,"href":"https:\/\/blogs.hoy.es\/meteobadajoz\/wp-json\/wp\/v2\/posts\/11\/revisions"}],"wp:attachment":[{"href":"https:\/\/blogs.hoy.es\/meteobadajoz\/wp-json\/wp\/v2\/media?parent=11"}],"wp:term":[{"taxonomy":"category","embeddable":true,"href":"https:\/\/blogs.hoy.es\/meteobadajoz\/wp-json\/wp\/v2\/categories?post=11"},{"taxonomy":"post_tag","embeddable":true,"href":"https:\/\/blogs.hoy.es\/meteobadajoz\/wp-json\/wp\/v2\/tags?post=11"}],"curies":[{"name":"wp","href":"https:\/\/api.w.org\/{rel}","templated":true}]}}