{"id":110,"date":"2011-07-17T20:24:00","date_gmt":"2011-07-17T20:24:00","guid":{"rendered":"http:\/\/blogs.hoy.es\/meteobadajoz\/2011\/07\/17\/ultima-hora-sobre-ma-on\/"},"modified":"2011-07-17T20:24:00","modified_gmt":"2011-07-17T20:24:00","slug":"ultima-hora-sobre-ma-on","status":"publish","type":"post","link":"https:\/\/blogs.hoy.es\/meteobadajoz\/2011\/07\/17\/ultima-hora-sobre-ma-on\/","title":{"rendered":"\u00daltima hora sobre MA-ON."},"content":{"rendered":"<p>En estas \u00faltimas horas el tif\u00f3n MA-ON se ha mostrado algo flojo, se mantiene en la categor\u00eda 3 pero da\u00a0s\u00edntomas\u00a0de debilitamiento, por ejemplo, la pared del ojo posee grandes brechas con escasa nubosidad, las\u00a0im\u00e1genes\u00a0del\u00a0sat\u00e9lite\u00a0muestran que la parte alta de las nubes es menos fr\u00eda y una cierta desorganizaci\u00f3n general. Aunque a pesar de ello, MA-ON es un enorme sistema, su di\u00e1metro es de m\u00e1s de 1500 km y los modelos num\u00e9ricos insisten en un fortalecimiento del mismo, pudiendo llegar incluso a la categor\u00eda 4.<\/p>\n<p>En cuanto al pron\u00f3stico continua\u00a0llevando\u00a0a MA-ON directamente hacia Jap\u00f3n en\u00a0categor\u00eda\u00a04.<\/p>\n<div style=\"clear: both;text-align: center\"><a href=\"http:\/\/2.bp.blogspot.com\/-FG1EheRi87E\/TiNCmvMKFjI\/AAAAAAAAACQ\/xUVTx8kOZGA\/s1600\/201108w.png\" rel=\"external nofollow\"><img loading=\"lazy\" border=\"0\" height=\"350\" src=\"\/\/2.bp.blogspot.com\/-FG1EheRi87E\/TiNCmvMKFjI\/AAAAAAAAACQ\/xUVTx8kOZGA\/s400\/201108w.png\" width=\"400\" \/><\/a><\/div>\n<div style=\"clear: both;text-align: center\"><\/div>\n<div style=\"clear: both;text-align: left\">MA-ON est\u00e1 ya a pocas horas del Sur de Jap\u00f3n, y una muestra de ello es que ya llegan las primeras bandas de lluvia. Con la imagen del radar lo vemos\u00a0a continuaci\u00f3n!<\/div>\n<div style=\"clear: both;text-align: left\"><\/div>\n<div style=\"clear: both;text-align: center\"><a href=\"http:\/\/2.bp.blogspot.com\/-JDRK3hLAlbk\/TiNEH3D7wiI\/AAAAAAAAACU\/nh-idD5Tygk\/s1600\/201107180515-00.png\" rel=\"external nofollow\"><img loading=\"lazy\" border=\"0\" height=\"346\" src=\"\/\/2.bp.blogspot.com\/-JDRK3hLAlbk\/TiNEH3D7wiI\/AAAAAAAAACU\/nh-idD5Tygk\/s400\/201107180515-00.png\" width=\"400\" \/><\/a><\/div>\n<div style=\"clear: both;text-align: left\"><\/div>\n<div style=\"clear: both;text-align: left\">Aqu\u00ed\u00a0ten\u00e9is\u00a0la\u00a0direcci\u00f3n\u00a0web del radar.<\/div>\n<p><a href=\"http:\/\/www.jma.go.jp\/en\/radnowc\/index.html?areaCode=213\" rel=\"external nofollow\">http:\/\/www.jma.go.jp\/en\/radnowc\/index.html?areaCode=213<\/a><\/p>\n<p>Y ya se han activado alertas meteorol\u00f3gicas por tormentas y fuerte temporal mar\u00edtimo.<\/p>\n<div style=\"clear: both;text-align: center\"><a href=\"http:\/\/1.bp.blogspot.com\/-uNbJDSj5YTw\/TiNFvkoEUpI\/AAAAAAAAACc\/kHTkKb4TvyI\/s1600\/29928413.png\" rel=\"external nofollow\"><img loading=\"lazy\" border=\"0\" height=\"332\" src=\"\/\/1.bp.blogspot.com\/-uNbJDSj5YTw\/TiNFvkoEUpI\/AAAAAAAAACc\/kHTkKb4TvyI\/s400\/29928413.png\" width=\"400\" \/><\/a><\/div>\n<div style=\"clear: both;text-align: center\"><\/div>\n<div style=\"clear: both;text-align: left\"><\/div>\n<div style=\"clear: both;text-align: center\">Saludos!<\/div>\n<!-- AddThis Advanced Settings generic via filter on the_content --><!-- AddThis Share Buttons generic via filter on the_content -->","protected":false},"excerpt":{"rendered":"<p>En estas \u00faltimas horas el tif\u00f3n MA-ON se ha mostrado algo flojo, se mantiene en la categor\u00eda 3 pero da\u00a0s\u00edntomas\u00a0de debilitamiento, por ejemplo, la pared del ojo posee grandes brechas con escasa nubosidad, las\u00a0im\u00e1genes\u00a0del\u00a0sat\u00e9lite\u00a0muestran que la parte alta de las nubes es menos fr\u00eda y una cierta desorganizaci\u00f3n general. Aunque a pesar de ello, MA-ON [&hellip;]<!-- AddThis Advanced Settings generic via filter on get_the_excerpt --><!-- AddThis Share Buttons generic via filter on get_the_excerpt --><\/p>\n","protected":false},"author":3,"featured_media":0,"comment_status":"open","ping_status":"closed","sticky":false,"template":"","format":"standard","meta":[],"categories":[3],"tags":[],"_links":{"self":[{"href":"https:\/\/blogs.hoy.es\/meteobadajoz\/wp-json\/wp\/v2\/posts\/110"}],"collection":[{"href":"https:\/\/blogs.hoy.es\/meteobadajoz\/wp-json\/wp\/v2\/posts"}],"about":[{"href":"https:\/\/blogs.hoy.es\/meteobadajoz\/wp-json\/wp\/v2\/types\/post"}],"author":[{"embeddable":true,"href":"https:\/\/blogs.hoy.es\/meteobadajoz\/wp-json\/wp\/v2\/users\/3"}],"replies":[{"embeddable":true,"href":"https:\/\/blogs.hoy.es\/meteobadajoz\/wp-json\/wp\/v2\/comments?post=110"}],"version-history":[{"count":0,"href":"https:\/\/blogs.hoy.es\/meteobadajoz\/wp-json\/wp\/v2\/posts\/110\/revisions"}],"wp:attachment":[{"href":"https:\/\/blogs.hoy.es\/meteobadajoz\/wp-json\/wp\/v2\/media?parent=110"}],"wp:term":[{"taxonomy":"category","embeddable":true,"href":"https:\/\/blogs.hoy.es\/meteobadajoz\/wp-json\/wp\/v2\/categories?post=110"},{"taxonomy":"post_tag","embeddable":true,"href":"https:\/\/blogs.hoy.es\/meteobadajoz\/wp-json\/wp\/v2\/tags?post=110"}],"curies":[{"name":"wp","href":"https:\/\/api.w.org\/{rel}","templated":true}]}}