{"id":112,"date":"2011-07-15T18:56:00","date_gmt":"2011-07-15T18:56:00","guid":{"rendered":"http:\/\/blogs.hoy.es\/meteobadajoz\/2011\/07\/15\/el-tifon-ma-on-alcanza-la-categoria-4-y-se-convierte-en-un-supertifon\/"},"modified":"2011-07-15T18:56:00","modified_gmt":"2011-07-15T18:56:00","slug":"el-tifon-ma-on-alcanza-la-categoria-4-y-se-convierte-en-un-supertifon","status":"publish","type":"post","link":"https:\/\/blogs.hoy.es\/meteobadajoz\/2011\/07\/15\/el-tifon-ma-on-alcanza-la-categoria-4-y-se-convierte-en-un-supertifon\/","title":{"rendered":"El tif\u00f3n MA-ON alcanza la categor\u00eda 4 y se convierte en un SUPERTIF\u00d3N."},"content":{"rendered":"<p>Hace pocas horas que el tif\u00f3n MA-ON alcanz\u00f3 la categor\u00eda 4 con vientos sostenidos de 220 km\/h. Los pron\u00f3sticos\u00a0contin\u00faan\u00a0apuntando a que MA-ON chocar\u00eda con la isla de Jap\u00f3n y recorrer\u00eda la isla desde el Sur hacia el Norte debilit\u00e1ndose.<\/p>\n<div style=\"clear: both;text-align: center\"><a href=\"http:\/\/3.bp.blogspot.com\/-Sk0Ksg148ug\/TiCMdLP1f0I\/AAAAAAAAAB4\/PZRoZLT159M\/s1600\/Smiley06.gif\" rel=\"external nofollow\"><img border=\"0\" src=\"\/\/3.bp.blogspot.com\/-Sk0Ksg148ug\/TiCMdLP1f0I\/AAAAAAAAAB4\/PZRoZLT159M\/s1600\/Smiley06.gif\" \/><\/a><\/div>\n<div style=\"clear: both;text-align: center\"><a href=\"http:\/\/4.bp.blogspot.com\/-wyfMvtJ_Pw4\/TiCLnkfqTOI\/AAAAAAAAABw\/3CnLRzgyRJY\/s1600\/dddddwwwwwwwwwww.jpg\" rel=\"external nofollow\"><img loading=\"lazy\" border=\"0\" height=\"366\" src=\"\/\/4.bp.blogspot.com\/-wyfMvtJ_Pw4\/TiCLnkfqTOI\/AAAAAAAAABw\/3CnLRzgyRJY\/s400\/dddddwwwwwwwwwww.jpg\" width=\"400\" \/><\/a><\/div>\n<p>Fijaos\u00a0en los topes fr\u00edos de las enormes nubes convectivas que forman el supertif\u00f3n.<\/p>\n<div style=\"clear: both;text-align: center\"><a href=\"http:\/\/2.bp.blogspot.com\/-VZbIYS9WvwU\/TiCMSFiUoII\/AAAAAAAAAB0\/gsg8QEWwJ9E\/s1600\/wp201108_sat_anim.gif\" rel=\"external nofollow\"><img loading=\"lazy\" border=\"0\" height=\"240\" src=\"\/\/2.bp.blogspot.com\/-VZbIYS9WvwU\/TiCMSFiUoII\/AAAAAAAAAB0\/gsg8QEWwJ9E\/s320\/wp201108_sat_anim.gif\" width=\"320\" \/><\/a><\/div>\n<div style=\"clear: both;text-align: center\"><\/div>\n<p>Por \u00faltimo una imagen del sat\u00e9lite AQUA de la NASA:<\/p>\n<div style=\"clear: both;text-align: center\"><a href=\"http:\/\/4.bp.blogspot.com\/-DNfeRXOCCQ4\/TiCNQq6-F6I\/AAAAAAAAAB8\/1mZusno2WGw\/s1600\/Ma-on.A2011196.0415.2km.jpg\" rel=\"external nofollow\"><img loading=\"lazy\" border=\"0\" height=\"315\" src=\"\/\/4.bp.blogspot.com\/-DNfeRXOCCQ4\/TiCNQq6-F6I\/AAAAAAAAAB8\/1mZusno2WGw\/s400\/Ma-on.A2011196.0415.2km.jpg\" width=\"400\" \/><\/a><\/div>\n<!-- AddThis Advanced Settings generic via filter on the_content --><!-- AddThis Share Buttons generic via filter on the_content -->","protected":false},"excerpt":{"rendered":"<p>Hace pocas horas que el tif\u00f3n MA-ON alcanz\u00f3 la categor\u00eda 4 con vientos sostenidos de 220 km\/h. Los pron\u00f3sticos\u00a0contin\u00faan\u00a0apuntando a que MA-ON chocar\u00eda con la isla de Jap\u00f3n y recorrer\u00eda la isla desde el Sur hacia el Norte debilit\u00e1ndose. Fijaos\u00a0en los topes fr\u00edos de las enormes nubes convectivas que forman el supertif\u00f3n. Por \u00faltimo una [&hellip;]<!-- AddThis Advanced Settings generic via filter on get_the_excerpt --><!-- AddThis Share Buttons generic via filter on get_the_excerpt --><\/p>\n","protected":false},"author":3,"featured_media":0,"comment_status":"open","ping_status":"closed","sticky":false,"template":"","format":"standard","meta":[],"categories":[3],"tags":[],"_links":{"self":[{"href":"https:\/\/blogs.hoy.es\/meteobadajoz\/wp-json\/wp\/v2\/posts\/112"}],"collection":[{"href":"https:\/\/blogs.hoy.es\/meteobadajoz\/wp-json\/wp\/v2\/posts"}],"about":[{"href":"https:\/\/blogs.hoy.es\/meteobadajoz\/wp-json\/wp\/v2\/types\/post"}],"author":[{"embeddable":true,"href":"https:\/\/blogs.hoy.es\/meteobadajoz\/wp-json\/wp\/v2\/users\/3"}],"replies":[{"embeddable":true,"href":"https:\/\/blogs.hoy.es\/meteobadajoz\/wp-json\/wp\/v2\/comments?post=112"}],"version-history":[{"count":0,"href":"https:\/\/blogs.hoy.es\/meteobadajoz\/wp-json\/wp\/v2\/posts\/112\/revisions"}],"wp:attachment":[{"href":"https:\/\/blogs.hoy.es\/meteobadajoz\/wp-json\/wp\/v2\/media?parent=112"}],"wp:term":[{"taxonomy":"category","embeddable":true,"href":"https:\/\/blogs.hoy.es\/meteobadajoz\/wp-json\/wp\/v2\/categories?post=112"},{"taxonomy":"post_tag","embeddable":true,"href":"https:\/\/blogs.hoy.es\/meteobadajoz\/wp-json\/wp\/v2\/tags?post=112"}],"curies":[{"name":"wp","href":"https:\/\/api.w.org\/{rel}","templated":true}]}}