{"id":113,"date":"2011-07-14T19:02:00","date_gmt":"2011-07-14T19:02:00","guid":{"rendered":"http:\/\/blogs.hoy.es\/meteobadajoz\/2011\/07\/14\/pendientes-del-tifon-ma-on-con-categoria-2-de-momento\/"},"modified":"2011-07-14T19:02:00","modified_gmt":"2011-07-14T19:02:00","slug":"pendientes-del-tifon-ma-on-con-categoria-2-de-momento","status":"publish","type":"post","link":"https:\/\/blogs.hoy.es\/meteobadajoz\/2011\/07\/14\/pendientes-del-tifon-ma-on-con-categoria-2-de-momento\/","title":{"rendered":"Pendientes del tif\u00f3n MA-ON con categor\u00eda 2&#8230; de momento."},"content":{"rendered":"<p>El tif\u00f3n MA-ON de\u00a0categor\u00eda\u00a02 est\u00e1 azotando las islas m\u00e1s al Norte del\u00a0archipi\u00e9lago\u00a0de las Marianas. Los pron\u00f3sticos apuntan a que podr\u00eda llegar a categor\u00eda 3 y llegar al Sur de la isla de Jap\u00f3n.<\/p>\n<div style=\"clear: both;text-align: center\"><a href=\"http:\/\/2.bp.blogspot.com\/-5NxpwwPnuF8\/Th88XdLQSaI\/AAAAAAAAABg\/IGEFIcjLShE\/s1600\/pron%25C3%25B3stico.png\" rel=\"external nofollow\"><img loading=\"lazy\" border=\"0\" height=\"239\" src=\"\/\/2.bp.blogspot.com\/-5NxpwwPnuF8\/Th88XdLQSaI\/AAAAAAAAABg\/IGEFIcjLShE\/s400\/pron%25C3%25B3stico.png\" width=\"400\" \/><\/a><\/div>\n<div style=\"clear: both;text-align: center\"><\/div>\n<div style=\"clear: both;text-align: left\">Imagen del sat\u00e9lite.<\/div>\n<div style=\"clear: both;text-align: left\"><\/div>\n<div style=\"clear: both;text-align: center\"><\/div>\n<div style=\"clear: both;text-align: center\"><a href=\"http:\/\/4.bp.blogspot.com\/-rOdFgsHhD-k\/Th8-PkfzafI\/AAAAAAAAABo\/fXYPADnVzTk\/s1600\/ma-on.gif\" rel=\"external nofollow\"><img loading=\"lazy\" border=\"0\" height=\"300\" src=\"\/\/4.bp.blogspot.com\/-rOdFgsHhD-k\/Th8-PkfzafI\/AAAAAAAAABo\/fXYPADnVzTk\/s400\/ma-on.gif\" width=\"400\" \/><\/a><\/div>\n<div style=\"clear: both;text-align: left\"><\/div>\n<p>Seguiremos muy\u00a0de cerca\u00a0la evoluci\u00f3n de este nuevo\u00a0monstruo en aguas del Pac\u00edfico!<\/p>\n<!-- AddThis Advanced Settings generic via filter on the_content --><!-- AddThis Share Buttons generic via filter on the_content -->","protected":false},"excerpt":{"rendered":"<p>El tif\u00f3n MA-ON de\u00a0categor\u00eda\u00a02 est\u00e1 azotando las islas m\u00e1s al Norte del\u00a0archipi\u00e9lago\u00a0de las Marianas. Los pron\u00f3sticos apuntan a que podr\u00eda llegar a categor\u00eda 3 y llegar al Sur de la isla de Jap\u00f3n. Imagen del sat\u00e9lite. Seguiremos muy\u00a0de cerca\u00a0la evoluci\u00f3n de este nuevo\u00a0monstruo en aguas del Pac\u00edfico!<!-- AddThis Advanced Settings generic via filter on get_the_excerpt --><!-- AddThis Share Buttons generic via filter on get_the_excerpt --><\/p>\n","protected":false},"author":3,"featured_media":0,"comment_status":"open","ping_status":"closed","sticky":false,"template":"","format":"standard","meta":[],"categories":[3],"tags":[],"_links":{"self":[{"href":"https:\/\/blogs.hoy.es\/meteobadajoz\/wp-json\/wp\/v2\/posts\/113"}],"collection":[{"href":"https:\/\/blogs.hoy.es\/meteobadajoz\/wp-json\/wp\/v2\/posts"}],"about":[{"href":"https:\/\/blogs.hoy.es\/meteobadajoz\/wp-json\/wp\/v2\/types\/post"}],"author":[{"embeddable":true,"href":"https:\/\/blogs.hoy.es\/meteobadajoz\/wp-json\/wp\/v2\/users\/3"}],"replies":[{"embeddable":true,"href":"https:\/\/blogs.hoy.es\/meteobadajoz\/wp-json\/wp\/v2\/comments?post=113"}],"version-history":[{"count":0,"href":"https:\/\/blogs.hoy.es\/meteobadajoz\/wp-json\/wp\/v2\/posts\/113\/revisions"}],"wp:attachment":[{"href":"https:\/\/blogs.hoy.es\/meteobadajoz\/wp-json\/wp\/v2\/media?parent=113"}],"wp:term":[{"taxonomy":"category","embeddable":true,"href":"https:\/\/blogs.hoy.es\/meteobadajoz\/wp-json\/wp\/v2\/categories?post=113"},{"taxonomy":"post_tag","embeddable":true,"href":"https:\/\/blogs.hoy.es\/meteobadajoz\/wp-json\/wp\/v2\/tags?post=113"}],"curies":[{"name":"wp","href":"https:\/\/api.w.org\/{rel}","templated":true}]}}