{"id":114,"date":"2011-07-13T20:22:00","date_gmt":"2011-07-13T20:22:00","guid":{"rendered":"http:\/\/blogs.hoy.es\/meteobadajoz\/2011\/07\/13\/ahi-van-la-primeras-fotos\/"},"modified":"2011-07-13T20:22:00","modified_gmt":"2011-07-13T20:22:00","slug":"ahi-van-la-primeras-fotos","status":"publish","type":"post","link":"https:\/\/blogs.hoy.es\/meteobadajoz\/2011\/07\/13\/ahi-van-la-primeras-fotos\/","title":{"rendered":"Ah\u00ed van la primeras fotos"},"content":{"rendered":"<div style=\"clear: both;text-align: center\">Estas fotos las he colgado recientemente en Facebook, son de las \u00faltimas tormentas ocurridas en Badajoz.<\/div>\n<div style=\"clear: both;text-align: center\"><\/div>\n<div style=\"clear: both;text-align: center\"><a href=\"http:\/\/3.bp.blogspot.com\/-VMHQ-kU5FTA\/Th37VdxGNsI\/AAAAAAAAAAc\/dS2FNfY54wk\/s1600\/18052011.JPG\" rel=\"external nofollow\"><img loading=\"lazy\" border=\"0\" height=\"300\" src=\"\/\/3.bp.blogspot.com\/-VMHQ-kU5FTA\/Th37VdxGNsI\/AAAAAAAAAAc\/dS2FNfY54wk\/s400\/18052011.JPG\" width=\"400\" \/><\/a><\/div>\n<div style=\"clear: both;text-align: center\">Esta es una tormenta que nos afect\u00f3 en la jornada del 18 de mayo de 2011. En esta jornada dej\u00f3 un registro de precipitaci\u00f3n de hasta 42.2 mm, \u00a1\u00a1\u00a1mucha lluvia!!!<\/div>\n<div style=\"clear: both;text-align: center\"><\/div>\n<div style=\"clear: both;text-align: center\"><a href=\"http:\/\/4.bp.blogspot.com\/-ytA5WLW2JzI\/Th386Vc_l9I\/AAAAAAAAAAg\/A1ZGb3eWFqw\/s1600\/Captura.PNG\" rel=\"external nofollow\"><img loading=\"lazy\" border=\"0\" height=\"277\" src=\"\/\/4.bp.blogspot.com\/-ytA5WLW2JzI\/Th386Vc_l9I\/AAAAAAAAAAg\/A1ZGb3eWFqw\/s400\/Captura.PNG\" width=\"400\" \/><\/a><\/div>\n<div style=\"clear: both;text-align: center\"><\/div>\n<div style=\"clear: both;text-align: center\"><a href=\"http:\/\/2.bp.blogspot.com\/-bHLk4hznZRg\/Th39HfZs5rI\/AAAAAAAAAAk\/terQoCM3TnQ\/s1600\/vlcsnap-2011-07-13-12h46m39s153.png\" rel=\"external nofollow\"><img loading=\"lazy\" border=\"0\" height=\"300\" src=\"\/\/2.bp.blogspot.com\/-bHLk4hznZRg\/Th39HfZs5rI\/AAAAAAAAAAk\/terQoCM3TnQ\/s400\/vlcsnap-2011-07-13-12h46m39s153.png\" width=\"400\" \/><\/a><\/div>\n<div style=\"clear: both;text-align: center\"><\/div>\n<div style=\"clear: both;text-align: center\"><a href=\"http:\/\/2.bp.blogspot.com\/-yfcbJ_FBqqw\/Th39UZkBW2I\/AAAAAAAAAAo\/NunDM0ZsrWM\/s1600\/vlcsnap-2011-07-13-12h47m43s9.png\" rel=\"external nofollow\"><img loading=\"lazy\" border=\"0\" height=\"300\" src=\"\/\/2.bp.blogspot.com\/-yfcbJ_FBqqw\/Th39UZkBW2I\/AAAAAAAAAAo\/NunDM0ZsrWM\/s400\/vlcsnap-2011-07-13-12h47m43s9.png\" width=\"400\" \/><\/a><\/div>\n<div style=\"clear: both;text-align: center\"><\/div>\n<div style=\"clear: both;text-align: center\">Actividad tormentosa\u00a0tambi\u00e9n\u00a0durante la noche con numerosas tormentas que despertaban a media noche con potentes truenos. Mas de 20.000 rayos cayeron en Espa\u00f1a uno de esos d\u00edas tan inestables.<\/div>\n<!-- AddThis Advanced Settings generic via filter on the_content --><!-- AddThis Share Buttons generic via filter on the_content -->","protected":false},"excerpt":{"rendered":"<p>Estas fotos las he colgado recientemente en Facebook, son de las \u00faltimas tormentas ocurridas en Badajoz. Esta es una tormenta que nos afect\u00f3 en la jornada del 18 de mayo de 2011. En esta jornada dej\u00f3 un registro de precipitaci\u00f3n de hasta 42.2 mm, \u00a1\u00a1\u00a1mucha lluvia!!! Actividad tormentosa\u00a0tambi\u00e9n\u00a0durante la noche con numerosas tormentas que despertaban [&hellip;]<!-- AddThis Advanced Settings generic via filter on get_the_excerpt --><!-- AddThis Share Buttons generic via filter on get_the_excerpt --><\/p>\n","protected":false},"author":3,"featured_media":0,"comment_status":"open","ping_status":"closed","sticky":false,"template":"","format":"standard","meta":[],"categories":[3],"tags":[],"_links":{"self":[{"href":"https:\/\/blogs.hoy.es\/meteobadajoz\/wp-json\/wp\/v2\/posts\/114"}],"collection":[{"href":"https:\/\/blogs.hoy.es\/meteobadajoz\/wp-json\/wp\/v2\/posts"}],"about":[{"href":"https:\/\/blogs.hoy.es\/meteobadajoz\/wp-json\/wp\/v2\/types\/post"}],"author":[{"embeddable":true,"href":"https:\/\/blogs.hoy.es\/meteobadajoz\/wp-json\/wp\/v2\/users\/3"}],"replies":[{"embeddable":true,"href":"https:\/\/blogs.hoy.es\/meteobadajoz\/wp-json\/wp\/v2\/comments?post=114"}],"version-history":[{"count":0,"href":"https:\/\/blogs.hoy.es\/meteobadajoz\/wp-json\/wp\/v2\/posts\/114\/revisions"}],"wp:attachment":[{"href":"https:\/\/blogs.hoy.es\/meteobadajoz\/wp-json\/wp\/v2\/media?parent=114"}],"wp:term":[{"taxonomy":"category","embeddable":true,"href":"https:\/\/blogs.hoy.es\/meteobadajoz\/wp-json\/wp\/v2\/categories?post=114"},{"taxonomy":"post_tag","embeddable":true,"href":"https:\/\/blogs.hoy.es\/meteobadajoz\/wp-json\/wp\/v2\/tags?post=114"}],"curies":[{"name":"wp","href":"https:\/\/api.w.org\/{rel}","templated":true}]}}