{"id":115,"date":"2011-07-13T19:28:00","date_gmt":"2011-07-13T19:28:00","guid":{"rendered":"http:\/\/blogs.hoy.es\/meteobadajoz\/2011\/07\/13\/inauguracion-del-blog\/"},"modified":"2011-07-13T19:28:00","modified_gmt":"2011-07-13T19:28:00","slug":"inauguracion-del-blog","status":"publish","type":"post","link":"https:\/\/blogs.hoy.es\/meteobadajoz\/2011\/07\/13\/inauguracion-del-blog\/","title":{"rendered":"Inauguraci\u00f3n del Blog"},"content":{"rendered":"<p>Me satisface mucho inaugurar este blog, creado para poder compartir todas las fotos y algunos seguimientos meteorol\u00f3gicos con todos los bloger@s. Tratar\u00e9 de colgar la mayor cantidad de\u00a0informaci\u00f3n\u00a0(foto, datos de temperatura, registros de lluvia, noticias de\u00a0inter\u00e9s\u00a0meteorol\u00f3gico, etc). Bueno, esperemos que salga adelante!!!!<\/p>\n<p>Pod\u00e9is seguirme tambi\u00e9n en facebook. (En el buscador pon\u00e9is Javier Pi\u00f1ero-meteo).<\/p>\n<!-- AddThis Advanced Settings generic via filter on the_content --><!-- AddThis Share Buttons generic via filter on the_content -->","protected":false},"excerpt":{"rendered":"<p>Me satisface mucho inaugurar este blog, creado para poder compartir todas las fotos y algunos seguimientos meteorol\u00f3gicos con todos los bloger@s. Tratar\u00e9 de colgar la mayor cantidad de\u00a0informaci\u00f3n\u00a0(foto, datos de temperatura, registros de lluvia, noticias de\u00a0inter\u00e9s\u00a0meteorol\u00f3gico, etc). Bueno, esperemos que salga adelante!!!! Pod\u00e9is seguirme tambi\u00e9n en facebook. (En el buscador pon\u00e9is Javier Pi\u00f1ero-meteo).<!-- AddThis Advanced Settings generic via filter on get_the_excerpt --><!-- AddThis Share Buttons generic via filter on get_the_excerpt --><\/p>\n","protected":false},"author":3,"featured_media":0,"comment_status":"open","ping_status":"closed","sticky":false,"template":"","format":"standard","meta":[],"categories":[3],"tags":[],"_links":{"self":[{"href":"https:\/\/blogs.hoy.es\/meteobadajoz\/wp-json\/wp\/v2\/posts\/115"}],"collection":[{"href":"https:\/\/blogs.hoy.es\/meteobadajoz\/wp-json\/wp\/v2\/posts"}],"about":[{"href":"https:\/\/blogs.hoy.es\/meteobadajoz\/wp-json\/wp\/v2\/types\/post"}],"author":[{"embeddable":true,"href":"https:\/\/blogs.hoy.es\/meteobadajoz\/wp-json\/wp\/v2\/users\/3"}],"replies":[{"embeddable":true,"href":"https:\/\/blogs.hoy.es\/meteobadajoz\/wp-json\/wp\/v2\/comments?post=115"}],"version-history":[{"count":0,"href":"https:\/\/blogs.hoy.es\/meteobadajoz\/wp-json\/wp\/v2\/posts\/115\/revisions"}],"wp:attachment":[{"href":"https:\/\/blogs.hoy.es\/meteobadajoz\/wp-json\/wp\/v2\/media?parent=115"}],"wp:term":[{"taxonomy":"category","embeddable":true,"href":"https:\/\/blogs.hoy.es\/meteobadajoz\/wp-json\/wp\/v2\/categories?post=115"},{"taxonomy":"post_tag","embeddable":true,"href":"https:\/\/blogs.hoy.es\/meteobadajoz\/wp-json\/wp\/v2\/tags?post=115"}],"curies":[{"name":"wp","href":"https:\/\/api.w.org\/{rel}","templated":true}]}}