{"id":12,"date":"2013-01-03T19:16:00","date_gmt":"2013-01-03T19:16:00","guid":{"rendered":"http:\/\/blogs.hoy.es\/meteobadajoz\/2013\/01\/03\/un-vistazo-a-como-vendra-el-mes-de-enero-2013\/"},"modified":"2013-01-03T19:16:00","modified_gmt":"2013-01-03T19:16:00","slug":"un-vistazo-a-como-vendra-el-mes-de-enero-2013","status":"publish","type":"post","link":"https:\/\/blogs.hoy.es\/meteobadajoz\/2013\/01\/03\/un-vistazo-a-como-vendra-el-mes-de-enero-2013\/","title":{"rendered":"Un vistazo a c\u00f3mo vendr\u00e1 el mes de enero 2013."},"content":{"rendered":"<div style=\"clear: both;text-align: center\"><\/div>\n<div style=\"clear: both;text-align: center\"><\/div>\n<div style=\"clear: both;text-align: center\"><a href=\"http:\/\/2.bp.blogspot.com\/-pjmFwKSGu2Y\/UOXd8eQ-ajI\/AAAAAAAAE8M\/JApxhqUXeQA\/s1600\/gfsnh-10-6.png\" rel=\"external nofollow\"><img loading=\"lazy\" border=\"0\" height=\"420\" src=\"\/\/2.bp.blogspot.com\/-pjmFwKSGu2Y\/UOXd8eQ-ajI\/AAAAAAAAE8M\/JApxhqUXeQA\/s640\/gfsnh-10-6.png\" width=\"640\" \/><\/a><\/div>\n<p><span style=\"font-family: 'Helvetica Neue', Arial, Helvetica, sans-serif\">El panorama para este mes de enero se presenta, en general, bastante tranquilo y seco (en la primera mitad del mes) pero a partir de mediados y\u00a0especialmente\u00a0a finales, la cosa podr\u00eda cambiar a inestable. La configuraci\u00f3n actual de altas presiones cerca de la Pen\u00ednsula parece que se va a prolongar por lo menos hasta mediados de mes.<\/span><\/p>\n<p><span style=\"font-family: Helvetica Neue, Arial, Helvetica, sans-serif\">As\u00ed, a partir del 15-20 de enero, se espera que POSIBLEMENTE la situaci\u00f3n cambie y se torne a inestable en la Pen\u00ednsula (quiz\u00e1s a partir del 20 de enero) y por fin veamos cambios en los modelos, ya que se va a producir un proceso en la Estratosfera (conocido como &#8220;Calentamiento S\u00fabito Estratosf\u00e9rico&#8221; &#8211; &#8220;CSE&#8221;), el cual podr\u00eda tener efectos en la Troposfera, en forma de potentes anticiclones de bloqueo en zonas polares que permitan desalojos fr\u00edos (olas de aire fr\u00edo) a Norteam\u00e9rica, Europa y Asia, adem\u00e1s de un descenso en latitud del frente polar, acercando regiones de bajas presiones a latitudes m\u00e1s bajas. Es decir, que hablar\u00edamos del paso de borrascas por la Pen\u00ednsula, aumentando los registros de precipitaci\u00f3n y provocando que (seg\u00fan los modelos) la media de las precipitaciones \u00e9ste mes est\u00e9 algo por encima de la media.\u00a0<\/span><span style=\"font-family: 'Helvetica Neue', Arial, Helvetica, sans-serif\">En la imagen superior vemos ese impresionante calentamiento que ya se est\u00e1 produciendo al norte del continente asi\u00e1tico reflejado en el mapa de temperaturas a 10 hPa.<\/span><br \/><a name='more'><\/a><br \/><span style=\"font-family: Helvetica Neue, Arial, Helvetica, sans-serif\">Todo \u00e9sto podr\u00e1 ocurrir hacia mediados\/finales del mes de enero, as\u00ed que quedan todav\u00eda bastantes d\u00edas y es una probable consecuencia de ese efecto producido en la Estratosfera, que no siempre ocurre. Vamos a ser pacientes, ya que los procesos en la Estratosfera son muy lentos y sus efectos en la Troposfera tienen cierto periodo de respuesta.<\/span><br \/><span style=\"font-family: Helvetica Neue, Arial, Helvetica, sans-serif\"><br \/><\/span><\/p>\n<div style=\"clear: both;text-align: center\"><a href=\"http:\/\/3.bp.blogspot.com\/-1sXTZD8rq4Q\/UOW-D8-cxkI\/AAAAAAAAE14\/TzDE96gr52E\/s1600\/bitmap.png\" rel=\"external nofollow\"><img loading=\"lazy\" border=\"0\" height=\"232\" src=\"\/\/3.bp.blogspot.com\/-1sXTZD8rq4Q\/UOW-D8-cxkI\/AAAAAAAAE14\/TzDE96gr52E\/s640\/bitmap.png\" width=\"640\" \/><\/a><\/div>\n<p><span style=\"font-family: Helvetica Neue, Arial, Helvetica, sans-serif\">En los mapas del modelo CFS de la NOAA, (usados para las predicciones estacionales) digamos que en principio se observa una situaci\u00f3n de precipitaciones notablemente por encima de la media, sobre todo por el noroeste peninsular, incluso anomal\u00edas positivas d\u00e9biles llegan hasta el centro. En cambio, no vemos un mes demasiado h\u00famedo en el litoral Mediterr\u00e1neo peninsular, donde la anomal\u00eda de precipitaciones es negativa e incluso muy negativa en el noreste de la\u00a0Pen\u00ednsula.<\/span><\/p>\n<p><span style=\"font-family: Helvetica Neue, Arial, Helvetica, sans-serif\">En cuanto a las temperaturas, parece que va a ser en zonas del Cant\u00e1brico, noreste peninsular y \u00e1rea mediterr\u00e1nea donde las temperaturas este mes se quedar\u00e1n ligeramente por encima de lo normal. En el resto, oeste, centro, sur&#8230; las temperaturas ser\u00e1n normales, estar\u00e1n en la media.<\/span><br \/><span style=\"font-family: Helvetica Neue, Arial, Helvetica, sans-serif\"><br \/><\/span><\/p>\n<div style=\"clear: both;text-align: center\"><a href=\"http:\/\/3.bp.blogspot.com\/-k9S53Ng86cU\/UOXZb1DnzCI\/AAAAAAAAE6w\/n3v9oLQ1dY4\/s1600\/map.png\" rel=\"external nofollow\"><img loading=\"lazy\" border=\"0\" height=\"232\" src=\"\/\/3.bp.blogspot.com\/-k9S53Ng86cU\/UOXZb1DnzCI\/AAAAAAAAE6w\/n3v9oLQ1dY4\/s640\/map.png\" width=\"640\" \/><\/a><\/div>\n<div style=\"clear: both;text-align: center\"><\/div>\n<p><span style=\"font-family: Helvetica Neue, Arial, Helvetica, sans-serif\">Pero fij\u00e9monos tambi\u00e9n en otros aspectos fuera de nuestras fronteras, como por ejemplo en la Pen\u00ednsula Escandinava (al norte de Europa): en el mapa de precipitaciones se observa un mes de enero bastante seco, esa anomal\u00eda negativa aparece especialmente en la costa norte de la Pen\u00ednsula Escandinava y se extiende en menor medida hacia el interior. Es decir, situaci\u00f3n muy probablemente dominada por un centro de altas presiones bastante al norte, quiz\u00e1s anticicl\u00f3n polar de bloqueo en \u00e9sta zona, lo iremos viendo en los pr\u00f3ximos d\u00edas en los modelos.<\/span><br \/><span style=\"font-family: Helvetica Neue, Arial, Helvetica, sans-serif\"><br \/><\/span><span style=\"font-family: Helvetica Neue, Arial, Helvetica, sans-serif\">Despu\u00e9s, en el mapa de temperaturas, observamos una tendencia fr\u00eda, otro aspecto m\u00e1s que nos est\u00e1 indicando la posible existencia del anticicl\u00f3n ocupando esa zona tan al norte de\u00a0Europa.<\/span><br \/><span style=\"font-family: Helvetica Neue, Arial, Helvetica, sans-serif\"><br \/><\/span><span style=\"font-family: Helvetica Neue, Arial, Helvetica, sans-serif\">En cambio, por el centro de Europa, las precipitaciones (en principio) estar\u00edan por encima de lo normal debido al paso de sucesivas borrascas y sus frentes asociados, y con temperaturas por encima de la media, por la cobertura nubosa que provocar\u00eda toda esa inestabilidad. Es esa ruta (por el centro de Europa) la \u00fanica que queda &#8220;libre&#8221; de todo lo que desviar\u00edan los anticiclones y dorsales del sur-suroeste de Europa y el supuesto anticicl\u00f3n polar.<\/span><br \/><span style=\"font-family: Helvetica Neue, Arial, Helvetica, sans-serif\"><br \/><\/span><span style=\"font-family: Helvetica Neue, Arial, Helvetica, sans-serif\">Por el sur de Europa y hacia las regiones mediterr\u00e1neas, situaci\u00f3n marcada por la presencia de dorsales y potentes anticiclones (como el que nos est\u00e1 afectando)\u00a0dejando\u00a0un mes con precipitaciones por debajo de lo normal con esas anomal\u00edas d\u00e9biles y dispersas en el norte de \u00c1frica y anomal\u00edas m\u00e1s marcadas en zonas del sur de Italia, hacia la zona de los Balcanes y pr\u00e1cticamente toda la cuenca centro-occidental del Mediterr\u00e1neo, con la excepci\u00f3n de la parte m\u00e1s oriental. Todo ello con temperaturas que ser\u00edan m\u00e1s c\u00e1lidas.<\/span><br \/><span style=\"font-family: Helvetica Neue, Arial, Helvetica, sans-serif\"><br \/><\/span><\/p>\n<div style=\"clear: both;text-align: center\"><a href=\"http:\/\/3.bp.blogspot.com\/-PZZCi44TJbw\/UOXON38jnLI\/AAAAAAAAE4Q\/Nii1Tga_Kj4\/s1600\/gfsnh-12-348.png\" rel=\"external nofollow\"><img loading=\"lazy\" border=\"0\" height=\"640\" src=\"\/\/3.bp.blogspot.com\/-PZZCi44TJbw\/UOXON38jnLI\/AAAAAAAAE4Q\/Nii1Tga_Kj4\/s640\/gfsnh-12-348.png\" width=\"640\" \/><\/a><\/div>\n<p><span style=\"font-family: Helvetica Neue, Arial, Helvetica, sans-serif\">En los modelos, hoy mismo, hemos empezado a notar cierta tendencia a la inestabilidad para los pr\u00f3ximos d\u00edas por nuestras latitudes y con la\u00a0aparici\u00f3n\u00a0de anomal\u00edas positivas (anticicl\u00f3n) en zonas del Polo Norte. En el mapa superior se observan las anomal\u00edas que prev\u00e9 el modelo GFS para el 18 de enero. Parece que ese calentamiento en la Estratosfera tendr\u00e1 consecuencias en el \u00c1rtico, y parece que nos afectar\u00e1 (al menos en principio). Anomal\u00eda incre\u00edblemente positiva (altas presiones) en la zona \u00e1rtica y anomal\u00eda muy negativa al oeste de Europa (bajas presiones)&#8230; Ese anticicl\u00f3n \u00e1rtico podr\u00e1\u00a0permitir\u00a0el paso de borrascas por latitudes mas bajas, como os comentaba anteriormente.<\/span><br \/><span style=\"font-family: Helvetica Neue, Arial, Helvetica, sans-serif\"><br \/><\/span><\/p>\n<div style=\"clear: both;text-align: center\"><a href=\"http:\/\/4.bp.blogspot.com\/-gDdKxylU7ts\/UOXO5eiSsqI\/AAAAAAAAE4Y\/PJ_CNg1hxBU\/s1600\/ao.PNG\" rel=\"external nofollow\"><img loading=\"lazy\" border=\"0\" height=\"264\" src=\"\/\/4.bp.blogspot.com\/-gDdKxylU7ts\/UOXO5eiSsqI\/AAAAAAAAE4Y\/PJ_CNg1hxBU\/s640\/ao.PNG\" width=\"640\" \/><\/a><\/div>\n<p><span style=\"font-family: Helvetica Neue, Arial, Helvetica, sans-serif\">Adem\u00e1s existe un \u00edndice que nos indica la tendencia m\u00e1s probable que puede tener la atm\u00f3sfera en los pr\u00f3ximos d\u00edas.\u00a0La imagen superior muestra una gr\u00e1fica que corresponde al llamado <b>&#8220;\u00edndice AO&#8221; (Arctic Oscillation)<\/b>. Cuando toma valores POSITIVOS el fr\u00edo queda restringido a zonas polares y no se producen desalojos (olas de aire fr\u00edo) en Norteam\u00e9rica, Europa o Asia, pero si \u00e9ste \u00edndice toma valores NEGATIVOS (como es lo que empieza a mostrarnos) el aire fr\u00edo que est\u00e1 alojado en zonas \u00e1rticas, puede expandirse en forma de desalojos hacia Norteam\u00e9rica, Europa o Asia, y el paso de borrascas afectar\u00eda a latitudes m\u00e1s bajas (como la Pen\u00ednsula).\u00a0<\/span><br \/><span style=\"font-family: Helvetica Neue, Arial, Helvetica, sans-serif\"><br \/><\/span><\/p>\n<div style=\"clear: both;text-align: center\"><a href=\"http:\/\/4.bp.blogspot.com\/-HyOP9mU2RUo\/UOXRIaCZ8ZI\/AAAAAAAAE5k\/p2hGpe1F6Ng\/s1600\/prec4.png\" rel=\"external nofollow\"><img loading=\"lazy\" border=\"0\" height=\"640\" src=\"\/\/4.bp.blogspot.com\/-HyOP9mU2RUo\/UOXRIaCZ8ZI\/AAAAAAAAE5k\/p2hGpe1F6Ng\/s640\/prec4.png\" width=\"494\" \/><\/a><\/div>\n<p><span style=\"font-family: Helvetica Neue, Arial, Helvetica, sans-serif\">En este \u00faltimo panel de mapas, vemos la anomal\u00eda (hoy va todo de anomal\u00edas) y las cantidades de precipitaci\u00f3n en dos periodos y tres mapas: primero, las cantidades entre el 3 y el 10 de enero (con nada o casi nada de lluvia en la Pen\u00ednsula por la influencia del potent\u00edsimo anticicl\u00f3n). Despu\u00e9s tenemos otro mapa (el del medio) que nos est\u00e1 indicando la cantidad de precipitaciones que se esperan en el periodo del 11-19 de enero. Como vemos con cantidades m\u00e1s significativas que las de ahora en gran parte del oeste y centro peninsular (otra\u00a0posible\u00a0se\u00f1al de cambio). Por \u00faltimo, el mapa inferior de este panel muestra el porcentaje de precipitaciones ahora, que como vemos es inferior al 25%.<\/span><\/p>\n<p><span style=\"font-family: Helvetica Neue, Arial, Helvetica, sans-serif\">Recordad que las predicciones a tan largo plazo no son fiables, pero una predicci\u00f3n a 1 mes vista de este modelo (el CFS) s\u00ed puede ayudarnos a hacernos una idea de c\u00f3mo puede venir m\u00e1s o menos el mes, pero ya digo que en principio bastante tranquilo. Ya veremos hasta cuando se prolonga este tiempo tranquilo y cuanto tarda en responder la Troposfera a ese fen\u00f3meno que ya est\u00e1 teniendo lugar en la Estratosfera.<\/span><br \/><span style=\"font-family: Helvetica Neue, Arial, Helvetica, sans-serif\"><br \/><\/span><span style=\"font-family: Helvetica Neue, Arial, Helvetica, sans-serif\">En fin, menudo seguimiento nos queda&#8230;\u00a0hasta entonces seguiremos con este predominio del anticicl\u00f3n, nieblas matinales, tardes soleadas y temperaturas fr\u00edas, pero no en exceso.<\/span><br \/><span style=\"font-family: Helvetica Neue, Arial, Helvetica, sans-serif\"><br \/><\/span><span style=\"font-family: Helvetica Neue, Arial, Helvetica, sans-serif\">Un saludo! ;-)<\/span><\/p>\n<!-- AddThis Advanced Settings generic via filter on the_content --><!-- AddThis Share Buttons generic via filter on the_content -->","protected":false},"excerpt":{"rendered":"<p>El panorama para este mes de enero se presenta, en general, bastante tranquilo y seco (en la primera mitad del mes) pero a partir de mediados y\u00a0especialmente\u00a0a finales, la cosa podr\u00eda cambiar a inestable. La configuraci\u00f3n actual de altas presiones cerca de la Pen\u00ednsula parece que se va a prolongar por lo menos hasta mediados [&hellip;]<!-- AddThis Advanced Settings generic via filter on get_the_excerpt --><!-- AddThis Share Buttons generic via filter on get_the_excerpt --><\/p>\n","protected":false},"author":3,"featured_media":0,"comment_status":"open","ping_status":"closed","sticky":false,"template":"","format":"standard","meta":[],"categories":[3],"tags":[],"_links":{"self":[{"href":"https:\/\/blogs.hoy.es\/meteobadajoz\/wp-json\/wp\/v2\/posts\/12"}],"collection":[{"href":"https:\/\/blogs.hoy.es\/meteobadajoz\/wp-json\/wp\/v2\/posts"}],"about":[{"href":"https:\/\/blogs.hoy.es\/meteobadajoz\/wp-json\/wp\/v2\/types\/post"}],"author":[{"embeddable":true,"href":"https:\/\/blogs.hoy.es\/meteobadajoz\/wp-json\/wp\/v2\/users\/3"}],"replies":[{"embeddable":true,"href":"https:\/\/blogs.hoy.es\/meteobadajoz\/wp-json\/wp\/v2\/comments?post=12"}],"version-history":[{"count":0,"href":"https:\/\/blogs.hoy.es\/meteobadajoz\/wp-json\/wp\/v2\/posts\/12\/revisions"}],"wp:attachment":[{"href":"https:\/\/blogs.hoy.es\/meteobadajoz\/wp-json\/wp\/v2\/media?parent=12"}],"wp:term":[{"taxonomy":"category","embeddable":true,"href":"https:\/\/blogs.hoy.es\/meteobadajoz\/wp-json\/wp\/v2\/categories?post=12"},{"taxonomy":"post_tag","embeddable":true,"href":"https:\/\/blogs.hoy.es\/meteobadajoz\/wp-json\/wp\/v2\/tags?post=12"}],"curies":[{"name":"wp","href":"https:\/\/api.w.org\/{rel}","templated":true}]}}