{"id":124,"date":"2013-01-25T21:50:02","date_gmt":"2013-01-25T21:50:02","guid":{"rendered":"http:\/\/blogs.hoy.es\/meteobadajoz\/?p=124"},"modified":"2013-01-25T21:50:02","modified_gmt":"2013-01-25T21:50:02","slug":"el-ultimo-frente-durante-este-fin-de-semana-y-a-partir-del-lunes-regresa-la-estabilidad","status":"publish","type":"post","link":"https:\/\/blogs.hoy.es\/meteobadajoz\/2013\/01\/25\/el-ultimo-frente-durante-este-fin-de-semana-y-a-partir-del-lunes-regresa-la-estabilidad\/","title":{"rendered":"El \u00faltimo frente durante este fin de semana y a partir del lunes, regresa la estabilidad."},"content":{"rendered":"<div class=\"separator\" style=\"clear: both; text-align: center;\"><a style=\"margin-left: 1em; margin-right: 1em;\" href=\"http:\/\/4.bp.blogspot.com\/-EHDGdw0x1CE\/UQLo8lZthOI\/AAAAAAAAFw8\/cKem96Vvpcg\/s1600\/uThcwaWHglaWu.png\" rel=\"external nofollow\"><img loading=\"lazy\" src=\"\/\/4.bp.blogspot.com\/-EHDGdw0x1CE\/UQLo8lZthOI\/AAAAAAAAFw8\/cKem96Vvpcg\/s640\/uThcwaWHglaWu.png\" alt=\"\" width=\"640\" height=\"404\" border=\"0\" \/><\/a><\/div>\n<div style=\"text-align: center;\"><span style=\"font-family: Helvetica Neue, Arial, Helvetica, sans-serif;\"><strong>Imagen visible del sat\u00e9lite Meteosat-9 en la jornada del viernes 25 de enero de 2013, a las 17h.<\/strong><\/span><\/div>\n<div style=\"text-align: center;\"><span style=\"font-family: Helvetica Neue, Arial, Helvetica, sans-serif;\"><strong>(C) EUMETSAT<\/strong><\/span><\/div>\n<p><span style=\"font-family: Helvetica Neue, Arial, Helvetica, sans-serif;\">Tras varios d\u00edas e incluso semanas de sucesi\u00f3n de frentes y borrascas que han ido repartiendo lluvias por todo el oeste peninsular, \u00e9sta situaci\u00f3n de inestabilidad tiene ya los d\u00edas contados. A partir del pr\u00f3ximo lunes, y tras el paso del \u00faltimo frente durante el domingo, daremos paso a una configuraci\u00f3n atmosf\u00e9rica que muchos aficionados al mal tiempo odiamos. \u00a1Vuelve el anticicl\u00f3n!<\/span><\/p>\n<p>&nbsp;<\/p>\n<p><span style=\"font-family: Helvetica Neue, Arial, Helvetica, sans-serif;\">Durante el pr\u00f3ximo fin de semana, tendremos el paso del \u00faltimo frente que cerrar\u00e1 un &#8220;largo&#8221; episodio de lluvias d\u00e9biles\/moderadas, durante varios d\u00edas, por gran parte del centro y oeste de la Pen\u00ednsula. A d\u00eda de hoy, seg\u00fan los modelos, parece que ser\u00e1 algo menos activo que el que nos ha cruzado hoy, dejando 11 mm en Badajoz capital (en mi estaci\u00f3n) y 12 mm en el aeropuerto de Badajoz.<\/span><\/p>\n<p><!--more--><\/p>\n<p><span style=\"font-family: Helvetica Neue, Arial, Helvetica, sans-serif;\">A continuaci\u00f3n vamos a analizar c\u00f3mo podr\u00eda presentarse el fin de semana en Extremadura.<\/span><\/p>\n<p><span style=\"font-family: Helvetica Neue, Arial, Helvetica, sans-serif;\"><br \/>\n<\/span><\/p>\n<div class=\"separator\" style=\"clear: both; text-align: center;\"><\/div>\n<div class=\"separator\" style=\"clear: both; text-align: center;\"><a style=\"margin-left: 1em; margin-right: 1em;\" href=\"http:\/\/1.bp.blogspot.com\/-zvSVIyHYgvU\/UQLfWH4oRmI\/AAAAAAAAFuM\/TcURDc9DbkQ\/s1600\/13h.PNG\" rel=\"external nofollow\"><img loading=\"lazy\" src=\"\/\/1.bp.blogspot.com\/-zvSVIyHYgvU\/UQLfWH4oRmI\/AAAAAAAAFuM\/TcURDc9DbkQ\/s640\/13h.PNG\" alt=\"\" width=\"640\" height=\"474\" border=\"0\" \/><\/a><\/div>\n<p><span style=\"font-family: Helvetica Neue, Arial, Helvetica, sans-serif;\">El mapa superior muestra el porcentaje de nubosidad sobre la Pen\u00ednsula previsto para ma\u00f1ana s\u00e1bado a las 13h del mediod\u00eda. Los colores van de m\u00e1s claros (el blanco) a m\u00e1s oscuros (el gris oscuro), indicando el porcentaje de nubosidad existente con la referencia de la escala de colores de la derecha.<\/span><\/p>\n<p>&nbsp;<\/p>\n<p><span style=\"font-family: Helvetica Neue, Arial, Helvetica, sans-serif;\">Ma\u00f1ana s\u00e1bado comenzar\u00e1 el d\u00eda a\u00fan con bastante nubosidad en Extremadura y en buena parte del oeste, centro y sur de la Pen\u00ednsula. Ser\u00e1n los restos del frente que nos ha cruzado este viernes, y tambi\u00e9n nubosidad de tipo medio y bajo que nos llega desde el Atl\u00e1ntico. A partir de media ma\u00f1ana y, sobre todo durante las primeras horas de la tarde, las nubes se ir\u00e1n rompiendo y se nos quedar\u00e1 una tarde con m\u00e1s Sol que nubes, aunque de nuevo desde el oeste empezar\u00e1 a llegar nubosidad de tipo alto (cirros, que enmara\u00f1ar\u00e1n los cielos). Esas nubes altas que veamos por la tarde, ser\u00e1n el anuncio del frente del domingo.<\/span><\/p>\n<p>&nbsp;<\/p>\n<div class=\"separator\" style=\"clear: both; text-align: center;\"><a style=\"margin-left: 1em; margin-right: 1em;\" href=\"http:\/\/2.bp.blogspot.com\/-h2qC1wK5aVA\/UQLmhR0XM0I\/AAAAAAAAFvo\/NE10mNTKih0\/s1600\/Avance+del+frente.gif\" rel=\"external nofollow\"><img src=\"\/\/2.bp.blogspot.com\/-h2qC1wK5aVA\/UQLmhR0XM0I\/AAAAAAAAFvo\/NE10mNTKih0\/s1600\/Avance+del+frente.gif\" alt=\"\" border=\"0\" \/><\/a><\/div>\n<p><span style=\"font-family: Helvetica Neue, Arial, Helvetica, sans-serif;\">Durante la madrugada del s\u00e1bado al domingo, el frente fr\u00edo se ir\u00e1 acercando progresivamente por el noroeste peninsular, entrando por Galicia-norte de Portugal y repartiendo precipitaciones de car\u00e1cter d\u00e9bil, aunque podr\u00edan ser algo m\u00e1s abundantes en zonas de sierra, pero en principio no se acumular\u00e1n grandes cantidades de lluvia.<\/span><\/p>\n<p>&nbsp;<\/p>\n<p><span style=\"font-family: Helvetica Neue, Arial, Helvetica, sans-serif;\">En las primeras horas de la ma\u00f1ana del domingo, el frente todav\u00eda lo encontraremos afectando a Galicia, las comunidades del Cant\u00e1brico y oeste de Castilla Y Le\u00f3n. A partir del mediod\u00eda,\u00a0<\/span><span style=\"font-family: 'Helvetica Neue', Arial, Helvetica, sans-serif;\">de forma muy puntual, <\/span><span style=\"font-family: 'Helvetica Neue', Arial, Helvetica, sans-serif;\">el frente comenzar\u00e1 a dejar las primeras lluvias hacia las comarcas del\u00a0noroeste\u00a0de la provincia de C\u00e1ceres,\u00a0<\/span><span style=\"font-family: 'Helvetica Neue', Arial, Helvetica, sans-serif;\">y durante la tarde,<\/span><span style=\"font-family: 'Helvetica Neue', Arial, Helvetica, sans-serif;\">\u00a0se ir\u00e1n extendiendo al resto del oeste y centro de la regi\u00f3n, sobre todo en la tarde-noche del domingo. Ya digo que las precipitaciones, aunque sean generales, ser\u00e1n bastante d\u00e9biles, y lo m\u00e1s destacable lo tendremos por el norte de la regi\u00f3n, donde se podr\u00edan acumular entre <\/span><strong style=\"font-family: 'Helvetica Neue', Arial, Helvetica, sans-serif;\">5<\/strong><span style=\"font-family: 'Helvetica Neue', Arial, Helvetica, sans-serif;\"> y <\/span><strong style=\"font-family: 'Helvetica Neue', Arial, Helvetica, sans-serif;\">10 mm<\/strong><span style=\"font-family: 'Helvetica Neue', Arial, Helvetica, sans-serif;\">, mientras que en el resto de Extremadura cantidades incluso inferiores a los <\/span><strong style=\"font-family: 'Helvetica Neue', Arial, Helvetica, sans-serif;\">5 mm<\/strong><span style=\"font-family: 'Helvetica Neue', Arial, Helvetica, sans-serif;\">.<\/span><\/p>\n<div class=\"separator\" style=\"clear: both; text-align: center;\"><a style=\"margin-left: 1em; margin-right: 1em;\" href=\"http:\/\/2.bp.blogspot.com\/-iMs6G6W43xE\/UQLreULIFGI\/AAAAAAAAFyQ\/Ff9DryB-pR8\/s1600\/anigif.gif\" rel=\"external nofollow\"><img src=\"\/\/2.bp.blogspot.com\/-iMs6G6W43xE\/UQLreULIFGI\/AAAAAAAAFyQ\/Ff9DryB-pR8\/s1600\/anigif.gif\" alt=\"\" border=\"0\" \/><\/a><\/div>\n<div style=\"text-align: center;\"><span style=\"font-family: Helvetica Neue, Arial, Helvetica, sans-serif;\"><strong>Evoluci\u00f3n de las isobaras (l\u00edneas blancas) y altura\u00a0geopotencial\u00a0(colores) seg\u00fan el modelo GFS, desde el lunes a las 00h, hasta el martes a las 18h.<\/strong><\/span><\/div>\n<div style=\"text-align: center;\"><\/div>\n<div style=\"text-align: left;\"><span style=\"font-family: 'Helvetica Neue', Arial, Helvetica, sans-serif;\">Ser\u00e1 \u00e9ste el \u00faltimo frente que nos cruce, y parece que en bastante tiempo,\u00a0porque\u00a0seg\u00fan los modelos, la pr\u00f3xima semana ser\u00e1n much\u00edsimo m\u00e1s estable que la que vamos a finalizar. En la\u00a0animaci\u00f3n\u00a0superior vemos c\u00f3mo el anticicl\u00f3n (A), con presiones en su centro de unos <\/span><strong style=\"font-family: 'Helvetica Neue', Arial, Helvetica, sans-serif;\">1032 hPa<\/strong><span style=\"font-family: 'Helvetica Neue', Arial, Helvetica, sans-serif;\"> (hectopascales), se colocar\u00e1 sobre la Pen\u00ednsula Ib\u00e9rica durante los\u00a0primeros\u00a0d\u00edas de la pr\u00f3xima semana. Tambi\u00e9n vemos (en colores rojizos) la evoluci\u00f3n de la <\/span><a style=\"font-family: 'Helvetica Neue', Arial, Helvetica, sans-serif;\" href=\"http:\/\/www.barrabes.com\/eltiempo\/termino.asp?CodFen=86\" target=\"_blank\" rel=\"external nofollow\"><span style=\"color: red;\">dorsal<\/span><\/a><span style=\"font-family: 'Helvetica Neue', Arial, Helvetica, sans-serif;\"> que acompa\u00f1a a este anticicl\u00f3n, que ser\u00e1 el responsable de la gran estabilidad que reinar\u00e1 en nuestro pa\u00eds durante esta \u00faltima semana de enero. As\u00ed pues, estar\u00e1 marcada por un claro predominio del anticicl\u00f3n, nieblas durante la ma\u00f1ana y Sol por la tarde. Todo ello acompa\u00f1ado de temperaturas que subir\u00e1n (en el caso de las m\u00e1ximas) y bajar\u00e1n (en el caso de las m\u00ednimas).\u00a0<\/span><\/div>\n<div style=\"text-align: left;\"><\/div>\n<p style=\"text-align: left;\"><span style=\"font-family: Helvetica Neue, Arial, Helvetica, sans-serif;\">As\u00ed que parece que ponemos punto y final a este episodio de sucesivos frentes por el oeste, para dar paso una situaci\u00f3n mucho m\u00e1s aburrida y estable. Estaremos pendientes de futuras novedades.<\/span><\/p>\n<p style=\"text-align: left;\"><span style=\"font-family: Helvetica Neue, Arial, Helvetica, sans-serif;\">Un saludo!<\/span><\/p>\n<!-- AddThis Advanced Settings generic via filter on the_content --><!-- AddThis Share Buttons generic via filter on the_content -->","protected":false},"excerpt":{"rendered":"<p>Imagen visible del sat\u00e9lite Meteosat-9 en la jornada del viernes 25 de enero de 2013, a las 17h. (C) EUMETSAT Tras varios d\u00edas e incluso semanas de sucesi\u00f3n de frentes y borrascas que han ido repartiendo lluvias por todo el oeste peninsular, \u00e9sta situaci\u00f3n de inestabilidad tiene ya los d\u00edas contados. A partir del pr\u00f3ximo [&hellip;]<!-- AddThis Advanced Settings generic via filter on get_the_excerpt --><!-- AddThis Share Buttons generic via filter on get_the_excerpt --><\/p>\n","protected":false},"author":75,"featured_media":0,"comment_status":"open","ping_status":"closed","sticky":false,"template":"","format":"standard","meta":[],"categories":[3],"tags":[],"_links":{"self":[{"href":"https:\/\/blogs.hoy.es\/meteobadajoz\/wp-json\/wp\/v2\/posts\/124"}],"collection":[{"href":"https:\/\/blogs.hoy.es\/meteobadajoz\/wp-json\/wp\/v2\/posts"}],"about":[{"href":"https:\/\/blogs.hoy.es\/meteobadajoz\/wp-json\/wp\/v2\/types\/post"}],"author":[{"embeddable":true,"href":"https:\/\/blogs.hoy.es\/meteobadajoz\/wp-json\/wp\/v2\/users\/75"}],"replies":[{"embeddable":true,"href":"https:\/\/blogs.hoy.es\/meteobadajoz\/wp-json\/wp\/v2\/comments?post=124"}],"version-history":[{"count":0,"href":"https:\/\/blogs.hoy.es\/meteobadajoz\/wp-json\/wp\/v2\/posts\/124\/revisions"}],"wp:attachment":[{"href":"https:\/\/blogs.hoy.es\/meteobadajoz\/wp-json\/wp\/v2\/media?parent=124"}],"wp:term":[{"taxonomy":"category","embeddable":true,"href":"https:\/\/blogs.hoy.es\/meteobadajoz\/wp-json\/wp\/v2\/categories?post=124"},{"taxonomy":"post_tag","embeddable":true,"href":"https:\/\/blogs.hoy.es\/meteobadajoz\/wp-json\/wp\/v2\/tags?post=124"}],"curies":[{"name":"wp","href":"https:\/\/api.w.org\/{rel}","templated":true}]}}