{"id":126,"date":"2013-01-29T21:43:15","date_gmt":"2013-01-29T21:43:15","guid":{"rendered":"http:\/\/blogs.hoy.es\/meteobadajoz\/?p=126"},"modified":"2013-01-29T21:43:15","modified_gmt":"2013-01-29T21:43:15","slug":"llegan-algunas-novedades","status":"publish","type":"post","link":"https:\/\/blogs.hoy.es\/meteobadajoz\/2013\/01\/29\/llegan-algunas-novedades\/","title":{"rendered":"Llegan algunas novedades."},"content":{"rendered":"<div class=\"separator\" style=\"clear: both; text-align: center;\"><a style=\"margin-left: 1em; margin-right: 1em;\" href=\"http:\/\/1.bp.blogspot.com\/-JKYcHtl2-dg\/UQgd-On6lkI\/AAAAAAAAFzs\/mV9jXtgTQm8\/s1600\/ECMWF+panel.gif\" rel=\"external nofollow\"><img loading=\"lazy\" src=\"\/\/1.bp.blogspot.com\/-JKYcHtl2-dg\/UQgd-On6lkI\/AAAAAAAAFzs\/mV9jXtgTQm8\/s640\/ECMWF+panel.gif\" alt=\"\" width=\"640\" height=\"486\" border=\"0\" \/><\/a><\/div>\n<p><span style=\"font-family: Helvetica Neue, Arial, Helvetica, sans-serif;\">En este panel de mapas previstos por el modelo europeo (ECMWF, en su salida de los 00h de hoy) para los pr\u00f3ximos 8 d\u00edas, observamos la tendencia general de los centro de acci\u00f3n que afectar\u00e1n a Europa y a Espa\u00f1a de cara a los pr\u00f3ximos d\u00edas. Vemos como en estos momentos estamos dominado por un centro de altas presiones (anticicl\u00f3n) situado en el norte de \u00c1frica, y que ejerce su influencia al gran parte del suroeste del continente europeo.<\/span><\/p>\n<p><!--more--><span style=\"font-family: 'Helvetica Neue', Arial, Helvetica, sans-serif;\">D\u00edas despu\u00e9s, parece que este anticicl\u00f3n se desplaza hacia el oeste y noroeste, coloc\u00e1ndose en las inmediaciones del archipi\u00e9lago de las Azores, donde coger\u00e1 fuerza y se quedar\u00e1 pr\u00e1cticamente estancado en ese sector del Atl\u00e1ntico. El hecho de que desaparezca del norte de \u00c1frica, provoca la posibilidad de que puedan descender borrascas y masas de aire muy fr\u00edas desde el norte de Europa, hacia el centro y sur de \u00e9ste continente.<\/span><\/p>\n<p><span style=\"font-family: Helvetica Neue, Arial, Helvetica, sans-serif;\">El anticicl\u00f3n, mientras est\u00e1 situado en el norte de \u00c1frica, hace de escudo ante el avance de estas borrascas, de forma que hacia el fin de semana y durante la pr\u00f3xima semana, podr\u00edamos tener un importante desalojo de aire fr\u00edo por el centro de Europa que podr\u00eda afectar (aunque en menor medida) a Espa\u00f1a.\u00a0<\/span><span style=\"font-family: 'Helvetica Neue', Arial, Helvetica, sans-serif;\">Ma\u00f1ana tratar\u00e9 de explicaros un nuevo concepto que muchos desconocen y que nos puede ayudar a la hora de mirar a medio plazo con algo m\u00e1s de seguridad.<\/span><br \/>\n<span style=\"font-family: Helvetica Neue, Arial, Helvetica, sans-serif;\">Un saludo!<\/span><\/p>\n<!-- AddThis Advanced Settings generic via filter on the_content --><!-- AddThis Share Buttons generic via filter on the_content -->","protected":false},"excerpt":{"rendered":"<p>En este panel de mapas previstos por el modelo europeo (ECMWF, en su salida de los 00h de hoy) para los pr\u00f3ximos 8 d\u00edas, observamos la tendencia general de los centro de acci\u00f3n que afectar\u00e1n a Europa y a Espa\u00f1a de cara a los pr\u00f3ximos d\u00edas. Vemos como en estos momentos estamos dominado por un [&hellip;]<!-- AddThis Advanced Settings generic via filter on get_the_excerpt --><!-- AddThis Share Buttons generic via filter on get_the_excerpt --><\/p>\n","protected":false},"author":75,"featured_media":0,"comment_status":"open","ping_status":"closed","sticky":false,"template":"","format":"standard","meta":[],"categories":[4],"tags":[],"_links":{"self":[{"href":"https:\/\/blogs.hoy.es\/meteobadajoz\/wp-json\/wp\/v2\/posts\/126"}],"collection":[{"href":"https:\/\/blogs.hoy.es\/meteobadajoz\/wp-json\/wp\/v2\/posts"}],"about":[{"href":"https:\/\/blogs.hoy.es\/meteobadajoz\/wp-json\/wp\/v2\/types\/post"}],"author":[{"embeddable":true,"href":"https:\/\/blogs.hoy.es\/meteobadajoz\/wp-json\/wp\/v2\/users\/75"}],"replies":[{"embeddable":true,"href":"https:\/\/blogs.hoy.es\/meteobadajoz\/wp-json\/wp\/v2\/comments?post=126"}],"version-history":[{"count":0,"href":"https:\/\/blogs.hoy.es\/meteobadajoz\/wp-json\/wp\/v2\/posts\/126\/revisions"}],"wp:attachment":[{"href":"https:\/\/blogs.hoy.es\/meteobadajoz\/wp-json\/wp\/v2\/media?parent=126"}],"wp:term":[{"taxonomy":"category","embeddable":true,"href":"https:\/\/blogs.hoy.es\/meteobadajoz\/wp-json\/wp\/v2\/categories?post=126"},{"taxonomy":"post_tag","embeddable":true,"href":"https:\/\/blogs.hoy.es\/meteobadajoz\/wp-json\/wp\/v2\/tags?post=126"}],"curies":[{"name":"wp","href":"https:\/\/api.w.org\/{rel}","templated":true}]}}