{"id":128,"date":"2013-01-30T22:36:26","date_gmt":"2013-01-30T22:36:26","guid":{"rendered":"http:\/\/blogs.hoy.es\/meteobadajoz\/?p=128"},"modified":"2013-01-30T22:36:26","modified_gmt":"2013-01-30T22:36:26","slug":"posible-adveccion-fria-del-noreste-para-el-fin-de-semana-a-buena-parte-de-la-peninsula","status":"publish","type":"post","link":"https:\/\/blogs.hoy.es\/meteobadajoz\/2013\/01\/30\/posible-adveccion-fria-del-noreste-para-el-fin-de-semana-a-buena-parte-de-la-peninsula\/","title":{"rendered":"Posible advecci\u00f3n fr\u00eda del noreste para el fin de semana a la Pen\u00ednsula"},"content":{"rendered":"<div class=\"separator\" style=\"clear: both; text-align: center;\"><a style=\"margin-left: 1em; margin-right: 1em;\" href=\"http:\/\/1.bp.blogspot.com\/-ycBaWssQuRQ\/UQmQrIODFJI\/AAAAAAAAF6U\/udO-50jYk0I\/s1600\/ECMWF+2Feb+18h.png\" rel=\"external nofollow\"><img loading=\"lazy\" src=\"\/\/1.bp.blogspot.com\/-ycBaWssQuRQ\/UQmQrIODFJI\/AAAAAAAAF6U\/udO-50jYk0I\/s640\/ECMWF+2Feb+18h.png\" alt=\"\" width=\"640\" height=\"422\" border=\"0\" \/><\/a><\/div>\n<div style=\"text-align: center;\"><span style=\"font-family: Helvetica Neue, Arial, Helvetica, sans-serif;\"><strong>Temperaturas previstas a unos 1.500 metros por el modelo europeo ECMWF para el s\u00e1bado 2 de febrero a las 18h.<\/strong><\/span><\/div>\n<p><span style=\"font-family: Helvetica Neue, Arial, Helvetica, sans-serif;\"><br \/>\n<\/span><span style=\"font-family: Helvetica Neue, Arial, Helvetica, sans-serif;\">Como se ha venido avisando en los \u00faltimos d\u00edas, la semana est\u00e1 siendo muy tranquila en lo meteorol\u00f3gico, con predominio de las altas presiones en el norte de \u00c1frica-suroeste de Europa, que nos est\u00e1 dejando jornadas de mucho Sol y temperaturas fr\u00edas por la ma\u00f1ana y algo m\u00e1s suaves por la tarde. Pero esta situaci\u00f3n empieza a tener los d\u00edas contados, ya que el anticicl\u00f3n va a modificar su posici\u00f3n del norte de \u00c1frica al Atl\u00e1ntico Norte, con presiones muy altas (m\u00e1s de 1040 hPa), provocando una situaci\u00f3n de bloqueo a todo lo que llega desde las costas orientales de Norteam\u00e9rica, impidiendo el avance de borrascas al resto del Atl\u00e1ntico. Este anticicl\u00f3n, el de las Azores, desv\u00eda las borrascas hacia latitudes m\u00e1s altas, evitando que lleguen al oeste del continente europeo.<\/span><br \/>\n<!--more--><span style=\"font-family: 'Helvetica Neue', Arial, Helvetica, sans-serif;\">Como comentaba <\/span><a style=\"font-family: 'Helvetica Neue', Arial, Helvetica, sans-serif;\" href=\"http:\/\/meteo-badajoz.blogspot.com.es\/2013\/01\/llegan-algunas-novedades.html\" target=\"_blank\" rel=\"external nofollow\"><strong><span style=\"color: red;\">en mi anterior entrada<\/span><\/strong><\/a><span style=\"font-family: 'Helvetica Neue', Arial, Helvetica, sans-serif;\">, \u00e9sta configuraci\u00f3n permitir\u00e1 el acercamiento de borrascas al centro y sur de Europa, pero no como lo suelen hacer habitualmente, es decir, desde el oeste, sino \u00a1desde el norte!, por lo que estas borrascas vendr\u00e1n con mucho aire fr\u00edo que, junto con el anticicl\u00f3n y la canalizaci\u00f3n de vientos del norte, provocar\u00e1 una inminente invasi\u00f3n de aire fr\u00edo a buena parte de Europa, que afectar\u00e1 a Espa\u00f1a de cara al pr\u00f3ximo fin de semana. A d\u00eda de hoy, realmente, los modelos ven dos invasiones de aire fr\u00edo desde el norte, la primera en el fin de semana, y la segunda a partir de mediados de la pr\u00f3xima semana (\u00e9sta algo m\u00e1s lejana y, de momento, menos probable). Vamos a tratar de analizar esta posible advecci\u00f3n de aire fr\u00edo con algunos mapas, uno de ellos tendr\u00e9 que explicarlo dada su\u00a0dif\u00edcil\u00a0comprensi\u00f3n.<\/span><\/p>\n<div class=\"separator\" style=\"clear: both; text-align: center;\"><a style=\"margin-left: 1em; margin-right: 1em;\" href=\"http:\/\/2.bp.blogspot.com\/-FoZh76TJQvQ\/UQksJ8MK9RI\/AAAAAAAAF2U\/zbMd4RUS69k\/s1600\/ecmwfpv380f144.gif\" rel=\"external nofollow\"><img loading=\"lazy\" src=\"\/\/2.bp.blogspot.com\/-FoZh76TJQvQ\/UQksJ8MK9RI\/AAAAAAAAF2U\/zbMd4RUS69k\/s640\/ecmwfpv380f144.gif\" alt=\"\" width=\"640\" height=\"478\" border=\"0\" \/><\/a><\/div>\n<p>&nbsp;<\/p>\n<div style=\"text-align: center;\"><span style=\"font-family: Helvetica Neue, Arial, Helvetica, sans-serif;\"><strong>Vorticidad potencial\u00a0<\/strong><\/span><strong style=\"font-family: 'Helvetica Neue', Arial, Helvetica, sans-serif;\">en el Hemisferio Norte\u00a0<\/strong><strong style=\"font-family: 'Helvetica Neue', Arial, Helvetica, sans-serif;\">prevista para el domingo 3 de febrero a las 12h por el modelo europeo ECMWF.<\/strong><\/div>\n<div style=\"text-align: center;\"><span style=\"font-family: 'Helvetica Neue', Arial, Helvetica, sans-serif;\"><br \/>\n<\/span><\/div>\n<p><span style=\"font-family: Helvetica Neue, Arial, Helvetica, sans-serif;\">Una de las claves que debemos conocer para poder confirmar la llegada de esa masa de aire fr\u00edo es observar el mapa superior que corresponde a un par\u00e1metro poco escuchado. Os muestro este mapa (poco habitual) porque os voy a intentar explicar su interpretaci\u00f3n muy brevemente y para que todo el mundo lo entienda. El mapa superior dibuja un par\u00e1metro que no se suele mencionar mucho a la hora de predecir el tiempo a medio plazo, ya que es un poco complicado de entender e interpretar, de hecho, doy fe de ello\u00a0<\/span><span style=\"font-family: 'Helvetica Neue', Arial, Helvetica, sans-serif;\">(como aficionado) porque hasta hace poco desconoc\u00eda su significado, pues despu\u00e9s de mucho buscar y mucho leer (todo en ingl\u00e9s) he logrado entenderlo. Se trata de la vorticidad potencial (PV) que en t\u00e9rminos f\u00edsicos es una medida de rotaci\u00f3n local de un fluido. \u00a0A parte de esto, para que ustedes lo entiendan, \u00e9ste par\u00e1metro nos da muchas pistas de d\u00f3nde se pueden localizar los centros de acci\u00f3n (anticiclones y borrascas) a lo largo de una regi\u00f3n determinada y a nivel de la superficie terrestre. En este caso, tenemos el mapa de vorticidad potencial en el Hemisferio Norte, donde vemos valores elevados de vorticidad potencial en gran parte del centro y sur de Europa, lo que nos est\u00e1 indicando la presencia de centros de bajas presiones (borrascas) y masas de aire fr\u00edo, mientras que vemos anomal\u00edas bajas de vorticidad potencial en las Islas Azores, que nos indica la posible existencia de una regi\u00f3n de altas presiones (anticicl\u00f3n) con aire m\u00e1s c\u00e1lido.<\/span><\/p>\n<div class=\"separator\" style=\"clear: both; text-align: center;\"><a style=\"margin-left: 1em; margin-right: 1em;\" href=\"http:\/\/2.bp.blogspot.com\/-dKn6EmulhCQ\/UQmAGWlQJsI\/AAAAAAAAF4g\/T2DbgUF8Tjs\/s1600\/ECH1-24.png\" rel=\"external nofollow\"><img loading=\"lazy\" src=\"\/\/2.bp.blogspot.com\/-dKn6EmulhCQ\/UQmAGWlQJsI\/AAAAAAAAF4g\/T2DbgUF8Tjs\/s640\/ECH1-24.png\" alt=\"\" width=\"640\" height=\"640\" border=\"0\" \/><\/a><\/div>\n<div class=\"separator\" style=\"clear: both; text-align: center;\"><a style=\"margin-left: 1em; margin-right: 1em;\" href=\"http:\/\/4.bp.blogspot.com\/-kxsip4ox0ww\/UQmAGa3ySlI\/AAAAAAAAF4k\/skun71Hwuww\/s1600\/ecmwfpv380f24.png\" rel=\"external nofollow\"><img loading=\"lazy\" src=\"\/\/4.bp.blogspot.com\/-kxsip4ox0ww\/UQmAGa3ySlI\/AAAAAAAAF4k\/skun71Hwuww\/s640\/ecmwfpv380f24.png\" alt=\"\" width=\"640\" height=\"478\" border=\"0\" \/><\/a><\/div>\n<p><span style=\"font-family: Helvetica Neue, Arial, Helvetica, sans-serif;\">Por ejemplo, si cogemos el mapa de vorticidad potencial de la jornada de hoy, y observamos un mapa de isobaras, comprobaremos que, de verdad, \u00a1es cierto!. Aunque s\u00ed vemos que algunos centros de acci\u00f3n no coinciden con las zonas de alta o baja vorticidad potencial, ya que este mapa pertenece a\u00a0una altura aproximada de unos 200 hPa (12.000 metros o 12 km de altura), pero es un mapa muy orientativo para conocer la tendencia general del tiempo a medio plazo, ya que es una capa muy alta y sufre menos variaciones como lo puede hacer a nivel de la superficie.\u00a0<\/span><span style=\"font-family: 'Helvetica Neue', Arial, Helvetica, sans-serif;\">De forma que lo que cabr\u00eda esperar en los pr\u00f3ximos d\u00edas es que todo ese aire fr\u00edo acabe entrando en Europa y, muy probablemente, afecte a Espa\u00f1a, especialmente por el noreste peninsular.<\/span><\/p>\n<div class=\"separator\" style=\"clear: both; text-align: center;\"><a style=\"margin-left: 1em; margin-right: 1em;\" href=\"http:\/\/3.bp.blogspot.com\/-u4ifx7hKyyc\/UQl_FlVpCOI\/AAAAAAAAF4Y\/bZTCoiezo3U\/s1600\/Prec.gif\" rel=\"external nofollow\"><img src=\"\/\/3.bp.blogspot.com\/-u4ifx7hKyyc\/UQl_FlVpCOI\/AAAAAAAAF4Y\/bZTCoiezo3U\/s1600\/Prec.gif\" alt=\"\" border=\"0\" \/><\/a><\/div>\n<div style=\"text-align: center;\"><span style=\"font-family: Helvetica Neue, Arial, Helvetica, sans-serif;\"><strong>Animaci\u00f3n del modelo GFS, modo lluvias, que nos muestra c\u00f3mo pasar\u00eda (a d\u00eda de hoy) el frente fr\u00edo por la Pen\u00ednsula entre el viernes-s\u00e1bado.<\/strong><\/span><\/div>\n<div style=\"text-align: center;\"><\/div>\n<div style=\"text-align: left;\"><span style=\"font-family: 'Helvetica Neue', Arial, Helvetica, sans-serif;\">En cuanto a las precipitaciones, (ahora ya con mapas algo m\u00e1s habituales), esta masa de aire fr\u00edo tendr\u00e1 cierto recorrido continental y, por tanto, ser\u00e1 de car\u00e1cter seco, por lo que las precipitaciones, en general, ser\u00edan escasas, no obstante en puntos del norte, ese flujo de vientos de norte-noreste, acumular\u00e1 abundante nubosidad en las comunidades del Cant\u00e1brico donde s\u00ed podr\u00edan producirse precipitaciones y, adem\u00e1s, ser en forma de nieve. Lo mismo podr\u00eda ocurrir en \u00e1reas del Pirineo, donde esa acumulaci\u00f3n de nubosidad podr\u00eda dejar algunas nevadas, cara norte sobre todo (zonas expuestas a la poca humedad que contenga).<\/span><\/div>\n<div style=\"text-align: left;\"><\/div>\n<div style=\"text-align: left;\"><span style=\"font-family: 'Helvetica Neue', Arial, Helvetica, sans-serif;\">Eso s\u00ed, cabe destacar que esta invasi\u00f3n de\u00a0aire\u00a0fr\u00edo la abrir\u00e1 un frente fr\u00edo que cruzar\u00e1 la\u00a0Pen\u00ednsula\u00a0en la jornada del viernes. Un frente que comenzar\u00e1 a dejar precipitaciones durante esta jornada en puntos del norte y, durante la noche del viernes-s\u00e1bado, se podr\u00edan extender a zonas del centro, aunque con menor intensidad. Tras el frente se colar\u00e1 toda la masa de aire fr\u00edo con algunas precipitaciones que tan solo afectar\u00e1n al norte de la Pen\u00ednsula, en principio las que\u00a0lleguen\u00a0detr\u00e1s del frente no pasar\u00edan de la Cordillera Cant\u00e1brica y los Pirineos. Durante el s\u00e1bado ya tendr\u00edamos la t\u00edpica situaci\u00f3n de vientos del norte, moderados\/fuertes y muy fr\u00edos, que limpian el cielo de todo el centro peninsular.<\/span><\/div>\n<div style=\"text-align: left;\"><\/div>\n<div class=\"separator\" style=\"clear: both; text-align: center;\"><a style=\"margin-left: 1em; margin-right: 1em;\" href=\"http:\/\/3.bp.blogspot.com\/-LBgFk4SHAHI\/UQmDmEXOUcI\/AAAAAAAAF5A\/6UhSiCj3acg\/s1600\/gfs_pi_neve_069.png\" rel=\"external nofollow\"><img loading=\"lazy\" src=\"\/\/3.bp.blogspot.com\/-LBgFk4SHAHI\/UQmDmEXOUcI\/AAAAAAAAF5A\/6UhSiCj3acg\/s640\/gfs_pi_neve_069.png\" alt=\"\" width=\"640\" height=\"480\" border=\"0\" \/><\/a><\/div>\n<div style=\"text-align: center;\"><span style=\"font-family: Helvetica Neue, Arial, Helvetica, sans-serif;\"><strong>Espesores de nieve y cotas de nieve aproximadas previstas por el modelo GFS para el s\u00e1bado 2 de febrero a las 09h.<\/strong><\/span><\/div>\n<div style=\"text-align: center;\"><\/div>\n<div style=\"text-align: left;\"><span style=\"font-family: Helvetica Neue, Arial, Helvetica, sans-serif;\">Las cotas de nieve, como es l\u00f3gico, bajar\u00e1n, y ser\u00e1n bastante bajas en el norte y noreste peninsular, por donde se podr\u00eda situar en torno a los 400-500 metros en el Cant\u00e1brico, e incluso mucho m\u00e1s baja en el Pirineo, sobre todo el domingo. En el resto el ambiente ser\u00e1 muy fr\u00edo, con viento intenso de norte-noreste, con sensaciones t\u00e9rmicas muy acusadas y cielos poco nubosos. D\u00edas de pleno invierno pero sin precipitaciones, con la excepci\u00f3n del norte.\u00a0<\/span><span style=\"font-family: 'Helvetica Neue', Arial, Helvetica, sans-serif;\">Hablaremos de heladas, aunque no parece que esta invasi\u00f3n de aire fr\u00edo vaya a ser muy rigurosa, lo m\u00e1s destacable ser\u00e1 el importante cambio de tiempo de un d\u00eda para otro.<\/span><\/div>\n<div style=\"text-align: left;\"><\/div>\n<div style=\"text-align: left;\"><span style=\"font-family: 'Helvetica Neue', Arial, Helvetica, sans-serif;\">Entre el viernes y el s\u00e1bado, las temperaturas se desplomar\u00e1n en la mayor parte de la Pen\u00ednsula, y durante el domingo, las temperaturas seguir\u00edan bajando, con heladas d\u00e9biles generalizadas, y moderadas a fuertes en zonas monta\u00f1osas.<\/span><\/div>\n<div class=\"separator\" style=\"clear: both; text-align: center;\"><\/div>\n<div class=\"separator\" style=\"clear: both; text-align: center;\"><a style=\"margin-left: 1em; margin-right: 1em;\" href=\"http:\/\/1.bp.blogspot.com\/-0JH7Q5K-A8g\/UQl9pAGkF4I\/AAAAAAAAF4I\/34XacHhZOwA\/s1600\/T500.gif\" rel=\"external nofollow\"><img src=\"\/\/1.bp.blogspot.com\/-0JH7Q5K-A8g\/UQl9pAGkF4I\/AAAAAAAAF4I\/34XacHhZOwA\/s1600\/T500.gif\" alt=\"\" border=\"0\" \/><\/a><\/div>\n<div class=\"separator\" style=\"clear: both; text-align: center;\"><a style=\"margin-left: 1em; margin-right: 1em;\" href=\"http:\/\/4.bp.blogspot.com\/-1Y_Sazkb9nE\/UQl-eAzWUlI\/AAAAAAAAF4Q\/C2n3ffmLxoQ\/s1600\/T850.gif\" rel=\"external nofollow\"><img src=\"\/\/4.bp.blogspot.com\/-1Y_Sazkb9nE\/UQl-eAzWUlI\/AAAAAAAAF4Q\/C2n3ffmLxoQ\/s1600\/T850.gif\" alt=\"\" border=\"0\" \/><\/a><\/div>\n<div class=\"separator\" style=\"clear: both; text-align: center;\"><\/div>\n<div class=\"separator\" style=\"clear: both; text-align: center;\"><a style=\"margin-left: 1em; margin-right: 1em;\" href=\"http:\/\/2.bp.blogspot.com\/-5hf-q9vOmxw\/UQmCGPJdlaI\/AAAAAAAAF44\/Zar37M3Xd4A\/s1600\/TE850.gif\" rel=\"external nofollow\"><img src=\"\/\/2.bp.blogspot.com\/-5hf-q9vOmxw\/UQmCGPJdlaI\/AAAAAAAAF44\/Zar37M3Xd4A\/s1600\/TE850.gif\" alt=\"\" border=\"0\" \/><\/a><\/div>\n<p><span style=\"font-family: Helvetica Neue, Arial, Helvetica, sans-serif;\">Aqu\u00ed vemos unas animaciones de las temperaturas previstas a 500 hPa (5.500 metros)<\/span><span style=\"font-family: 'Helvetica Neue', Arial, Helvetica, sans-serif;\">, con valores de hasta <strong>\u00a1<span style=\"color: magenta;\">-30\u00baC<\/span>!<\/strong>,<\/span><span style=\"font-family: 'Helvetica Neue', Arial, Helvetica, sans-serif;\">\u00a0y a 850 hPa (1.500 metros) con hasta <strong>\u00a1<span style=\"color: cyan;\">-8\u00baC<\/span>!<\/strong>. S<\/span><span style=\"font-family: 'Helvetica Neue', Arial, Helvetica, sans-serif;\">e producir\u00e1 una entrada de aire muy fr\u00edo a todos los niveles, p<\/span><span style=\"font-family: 'Helvetica Neue', Arial, Helvetica, sans-serif;\">ero parece que lo m\u00e1s destacable de esta nueva entrada de aire fr\u00edo se quedar\u00e1 al noreste de la Pen\u00ednsula y acabar\u00e1 desplaz\u00e1ndose al Mediterr\u00e1neo, atra\u00eddo por la borrasca de Italia. La \u00faltima animaci\u00f3n (que no hace referencia a las temperaturas) nos muestra precisamente esa entrada fr\u00eda desde el norte-noreste y la expansi\u00f3n del aire fr\u00edo por toda la Pen\u00ednsula. Ya digo que no pasaremos tanto fr\u00edo como otras veces, pero a\u00fan y as\u00ed, ser\u00e1 destacable.<\/span><\/p>\n<p>&nbsp;<\/p>\n<p><span style=\"font-family: 'Helvetica Neue', Arial, Helvetica, sans-serif;\">En definitiva, que estamos ante un nuevo cambio de\u00a0tiempo\u00a0para los\u00a0pr\u00f3ximos\u00a0d\u00edas, en forma de descenso generalizado de las temperaturas y algunas precipitaciones que ser\u00e1n de nieve en el norte y noreste en cotas bajas durante el fin de semana, mientras que en el resto, en general, lucir\u00e1 el Sol con vientos del norte muy fr\u00edos. \u00a1Tendremos que abrigarnos bien!<\/span><\/p>\n<p style=\"text-align: center;\"><span style=\"font-family: 'Helvetica Neue', Arial, Helvetica, sans-serif; text-align: center;\">Recuerda que puedes seguir la informaci\u00f3n meteorol\u00f3gica en las actualizaciones que hago A DIARIO en mi cuenta de Twitter: <\/span><a style=\"font-family: 'Helvetica Neue', Arial, Helvetica, sans-serif; text-align: center;\" href=\"https:\/\/twitter.com\/MeteoBadajoz\" target=\"_blank\" rel=\"external nofollow\"><span style=\"color: red;\"><strong>@MeteoBadajoz<\/strong><\/span><\/a><span style=\"font-family: 'Helvetica Neue', Arial, Helvetica, sans-serif; text-align: center;\">.<\/span><\/p>\n<p><span style=\"font-family: 'Helvetica Neue', Arial, Helvetica, sans-serif;\">Un saludo!<\/span><\/p>\n<!-- AddThis Advanced Settings generic via filter on the_content --><!-- AddThis Share Buttons generic via filter on the_content -->","protected":false},"excerpt":{"rendered":"<p>Temperaturas previstas a unos 1.500 metros por el modelo europeo ECMWF para el s\u00e1bado 2 de febrero a las 18h. Como se ha venido avisando en los \u00faltimos d\u00edas, la semana est\u00e1 siendo muy tranquila en lo meteorol\u00f3gico, con predominio de las altas presiones en el norte de \u00c1frica-suroeste de Europa, que nos est\u00e1 dejando [&hellip;]<!-- AddThis Advanced Settings generic via filter on get_the_excerpt --><!-- AddThis Share Buttons generic via filter on get_the_excerpt --><\/p>\n","protected":false},"author":75,"featured_media":0,"comment_status":"open","ping_status":"closed","sticky":false,"template":"","format":"standard","meta":[],"categories":[4],"tags":[],"_links":{"self":[{"href":"https:\/\/blogs.hoy.es\/meteobadajoz\/wp-json\/wp\/v2\/posts\/128"}],"collection":[{"href":"https:\/\/blogs.hoy.es\/meteobadajoz\/wp-json\/wp\/v2\/posts"}],"about":[{"href":"https:\/\/blogs.hoy.es\/meteobadajoz\/wp-json\/wp\/v2\/types\/post"}],"author":[{"embeddable":true,"href":"https:\/\/blogs.hoy.es\/meteobadajoz\/wp-json\/wp\/v2\/users\/75"}],"replies":[{"embeddable":true,"href":"https:\/\/blogs.hoy.es\/meteobadajoz\/wp-json\/wp\/v2\/comments?post=128"}],"version-history":[{"count":0,"href":"https:\/\/blogs.hoy.es\/meteobadajoz\/wp-json\/wp\/v2\/posts\/128\/revisions"}],"wp:attachment":[{"href":"https:\/\/blogs.hoy.es\/meteobadajoz\/wp-json\/wp\/v2\/media?parent=128"}],"wp:term":[{"taxonomy":"category","embeddable":true,"href":"https:\/\/blogs.hoy.es\/meteobadajoz\/wp-json\/wp\/v2\/categories?post=128"},{"taxonomy":"post_tag","embeddable":true,"href":"https:\/\/blogs.hoy.es\/meteobadajoz\/wp-json\/wp\/v2\/tags?post=128"}],"curies":[{"name":"wp","href":"https:\/\/api.w.org\/{rel}","templated":true}]}}