{"id":147,"date":"2013-02-13T21:47:50","date_gmt":"2013-02-13T21:47:50","guid":{"rendered":"http:\/\/blogs.hoy.es\/meteobadajoz\/?p=147"},"modified":"2013-02-13T21:47:50","modified_gmt":"2013-02-13T21:47:50","slug":"posible-frente-atlantico-para-el-proximo-fin-de-semana","status":"publish","type":"post","link":"https:\/\/blogs.hoy.es\/meteobadajoz\/2013\/02\/13\/posible-frente-atlantico-para-el-proximo-fin-de-semana\/","title":{"rendered":"Posible frente atl\u00e1ntico para el pr\u00f3ximo fin de semana."},"content":{"rendered":"<div class=\"separator\" style=\"clear: both; text-align: center;\"><a style=\"margin-left: 1em; margin-right: 1em;\" href=\"http:\/\/4.bp.blogspot.com\/-cdeM54r5m-0\/URvzYnInlhI\/AAAAAAAAF-k\/nWaSBB2T9IA\/s1600\/ECMWF.PNG\" rel=\"external nofollow\"><img loading=\"lazy\" src=\"\/\/4.bp.blogspot.com\/-cdeM54r5m-0\/URvzYnInlhI\/AAAAAAAAF-k\/nWaSBB2T9IA\/s640\/ECMWF.PNG\" alt=\"\" width=\"640\" height=\"398\" border=\"0\" \/><\/a><\/div>\n<p><span style=\"font-family: Helvetica Neue, Arial, Helvetica, sans-serif;\">Tras estos \u00faltimos d\u00edas de inestabilidad, con precipitaciones, descenso de temperaturas y nevadas en cotas medias\/bajas, parece que a finales de esta semana (especialmente hacia el domingo y comienzo de la pr\u00f3xima semana) podr\u00edamos tener el paso de un frente fr\u00edo atl\u00e1ntico que se adentrar\u00e1 en la Pen\u00ednsula por el oeste.<\/span><\/p>\n<p><span style=\"font-family: Helvetica Neue, Arial, Helvetica, sans-serif;\">Se nos acercar\u00e1 una vaguada desde el Atl\u00e1ntico, con un frente\u00a0asociado\u00a0que repartir\u00e1 precipitaciones durante la jornada del domingo 17 de febrero por todo el oeste y centro peninsular. En principio no ser\u00e1 un frente demasiado activo, pero romper\u00e1 esa din\u00e1mica de vientos del norte que nos ha estado\u00a0acompa\u00f1ando\u00a0durante estos \u00faltimos d\u00edas. El mapa que encabeza esta entrada pertenece al modelo europeo (ECMWF) previsto para el domingo a las 06h de la ma\u00f1ana. Como se puede ver, tanto en el mapa como en el an\u00e1lisis, lo que tendremos ser\u00e1 el frente fr\u00edo acerc\u00e1ndose desde el oeste, a esas horas ya situado frente a las costas de Portugal, con un aspecto bastante &#8220;atractivo&#8221;, tiene muy buena pinta, pero ya digo que, en principio, los modelos no nos muestran cantidades demasiado significativas.<\/span><\/p>\n<p><!--more--><\/p>\n<div class=\"separator\" style=\"clear: both; text-align: center;\"><a style=\"margin-left: 1em; margin-right: 1em;\" href=\"http:\/\/3.bp.blogspot.com\/-xVI-E6zZI9M\/URv0I0mJoYI\/AAAAAAAAF-s\/4KFZUZTSDC4\/s1600\/gfs_pi_prec_090.png\" rel=\"external nofollow\"><img loading=\"lazy\" src=\"\/\/3.bp.blogspot.com\/-xVI-E6zZI9M\/URv0I0mJoYI\/AAAAAAAAF-s\/4KFZUZTSDC4\/s640\/gfs_pi_prec_090.png\" alt=\"\" width=\"640\" height=\"480\" border=\"0\" \/><\/a><\/div>\n<div class=\"separator\" style=\"clear: both; text-align: center;\"><a style=\"margin-left: 1em; margin-right: 1em;\" href=\"http:\/\/2.bp.blogspot.com\/-L0qly6N74fA\/URv6uDyhrHI\/AAAAAAAAGAc\/WFHd_JIUUKs\/s1600\/anigif.gif\" rel=\"external nofollow\"><img loading=\"lazy\" src=\"\/\/2.bp.blogspot.com\/-L0qly6N74fA\/URv6uDyhrHI\/AAAAAAAAGAc\/WFHd_JIUUKs\/s640\/anigif.gif\" alt=\"\" width=\"640\" height=\"466\" border=\"0\" \/><\/a><\/div>\n<p><span style=\"font-family: 'Helvetica Neue', Arial, Helvetica, sans-serif;\">En\u00a0cualquier<\/span><span style=\"font-family: 'Helvetica Neue', Arial, Helvetica, sans-serif;\">\u00a0caso, debemos de estar pendientes no s\u00f3lo del frente fr\u00edo en s\u00ed, sino de los chubascos postfrontales que viajar\u00e1n detr\u00e1s del frente. Chubascos moderados\/tormentosos, posiblemente acompa\u00f1ados de tormenta, que tras el frente podr\u00edan entrar por el oeste peninsular, aunque la parte m\u00e1s activa y gruesa de todos esos chubascos postfrontales parece que se acabar\u00edan desplazando al suroeste de la Pen\u00ednsula (como puede verse en la animaci\u00f3n), ya que la vaguada se estirar\u00e1 tanto que acabar\u00e1 rompi\u00e9ndose y generando una perturbaci\u00f3n secundaria al sur de la misma (con un n\u00facleo de aire fr\u00edo inferior a -25\u00baC a 500 hPa), y ser\u00e1 \u00e9sta la que arrastre todo ese &#8220;c\u00famulo&#8221; de chubascos que dibujan los modelos hacia el sur de la Pen\u00ednsula y costa noroccidental de Marruecos.<\/span><\/p>\n<div class=\"separator\" style=\"clear: both; text-align: center;\"><a style=\"margin-left: 1em; margin-right: 1em;\" href=\"http:\/\/1.bp.blogspot.com\/-VPlObb99FqI\/URv0IxZlHXI\/AAAAAAAAF-w\/m44PoHwEi4o\/s1600\/gfs_pi_g500_090.png\" rel=\"external nofollow\"><img loading=\"lazy\" src=\"\/\/1.bp.blogspot.com\/-VPlObb99FqI\/URv0IxZlHXI\/AAAAAAAAF-w\/m44PoHwEi4o\/s640\/gfs_pi_g500_090.png\" alt=\"\" width=\"640\" height=\"480\" border=\"0\" \/><\/a><\/div>\n<div class=\"separator\" style=\"clear: both; text-align: center;\"><a style=\"margin-left: 1em; margin-right: 1em;\" href=\"http:\/\/2.bp.blogspot.com\/-3O1ltFwwcQo\/URv3ZmSNGHI\/AAAAAAAAF_I\/geruc0UHC7w\/s1600\/gfs_eu_g500_090+(1).png\" rel=\"external nofollow\"><img loading=\"lazy\" src=\"\/\/2.bp.blogspot.com\/-3O1ltFwwcQo\/URv3ZmSNGHI\/AAAAAAAAF_I\/geruc0UHC7w\/s640\/gfs_eu_g500_090+(1).png\" alt=\"\" width=\"640\" height=\"480\" border=\"0\" \/><\/a><\/div>\n<p><span style=\"font-family: 'Helvetica Neue', Arial, Helvetica, sans-serif;\">En estos otros mapas, lo que apreciamos es esa ondulaci\u00f3n de las isobaras al oeste de la Pen\u00ednsula, se\u00f1al\u00e1ndonos la presencia del frente fr\u00edo y, (en colores) podemos observar la vaguada que procede de la borrasca madre (en este caso un sistema de tres borrascas unidas entre s\u00ed), que se situar\u00e1n entre el norte de Azores-Islandia-oeste de las Islas Brit\u00e1nicas.<\/span><\/p>\n<div class=\"separator\" style=\"clear: both; text-align: center;\"><a style=\"margin-left: 1em; margin-right: 1em;\" href=\"http:\/\/4.bp.blogspot.com\/-vVNKlod4JIY\/URv0JNNa0eI\/AAAAAAAAF-0\/ZoZTb2ZOEgc\/s1600\/gfs_pi_t500_090.png\" rel=\"external nofollow\"><img loading=\"lazy\" src=\"\/\/4.bp.blogspot.com\/-vVNKlod4JIY\/URv0JNNa0eI\/AAAAAAAAF-0\/ZoZTb2ZOEgc\/s640\/gfs_pi_t500_090.png\" alt=\"\" width=\"640\" height=\"480\" border=\"0\" \/><\/a><\/div>\n<p><span style=\"font-family: Helvetica Neue, Arial, Helvetica, sans-serif;\">Y, por \u00faltimo, el mapa de temperaturas a 500 hPa, para observar la burbuja de aire fr\u00edo que se acabar\u00e1 descolgando de la \u00a0vaguada, y que ir\u00e1 a parar al norte de \u00c1frica y, posteriormente,al Mediterr\u00e1neo central.<\/span><\/p>\n<p><span style=\"font-family: Helvetica Neue, Arial, Helvetica, sans-serif;\">As\u00ed pues, a vigilar c\u00f3mo evoluciona este nuevo frente atl\u00e1ntico que volver\u00e1 a revolver el tiempo por gran parte del centro y oeste peninsular.<\/span><\/p>\n<p><span style=\"font-family: 'Helvetica Neue', Arial, Helvetica, sans-serif;\">Un saludo!<\/span><\/p>\n<div class=\"separator\" style=\"clear: both; text-align: center;\"><\/div>\n<p><span style=\"font-family: Helvetica Neue, Arial, Helvetica, sans-serif;\"><br \/>\n<\/span><\/p>\n<!-- AddThis Advanced Settings generic via filter on the_content --><!-- AddThis Share Buttons generic via filter on the_content -->","protected":false},"excerpt":{"rendered":"<p>Tras estos \u00faltimos d\u00edas de inestabilidad, con precipitaciones, descenso de temperaturas y nevadas en cotas medias\/bajas, parece que a finales de esta semana (especialmente hacia el domingo y comienzo de la pr\u00f3xima semana) podr\u00edamos tener el paso de un frente fr\u00edo atl\u00e1ntico que se adentrar\u00e1 en la Pen\u00ednsula por el oeste. Se nos acercar\u00e1 una [&hellip;]<!-- AddThis Advanced Settings generic via filter on get_the_excerpt --><!-- AddThis Share Buttons generic via filter on get_the_excerpt --><\/p>\n","protected":false},"author":75,"featured_media":0,"comment_status":"open","ping_status":"closed","sticky":false,"template":"","format":"standard","meta":[],"categories":[4],"tags":[],"_links":{"self":[{"href":"https:\/\/blogs.hoy.es\/meteobadajoz\/wp-json\/wp\/v2\/posts\/147"}],"collection":[{"href":"https:\/\/blogs.hoy.es\/meteobadajoz\/wp-json\/wp\/v2\/posts"}],"about":[{"href":"https:\/\/blogs.hoy.es\/meteobadajoz\/wp-json\/wp\/v2\/types\/post"}],"author":[{"embeddable":true,"href":"https:\/\/blogs.hoy.es\/meteobadajoz\/wp-json\/wp\/v2\/users\/75"}],"replies":[{"embeddable":true,"href":"https:\/\/blogs.hoy.es\/meteobadajoz\/wp-json\/wp\/v2\/comments?post=147"}],"version-history":[{"count":0,"href":"https:\/\/blogs.hoy.es\/meteobadajoz\/wp-json\/wp\/v2\/posts\/147\/revisions"}],"wp:attachment":[{"href":"https:\/\/blogs.hoy.es\/meteobadajoz\/wp-json\/wp\/v2\/media?parent=147"}],"wp:term":[{"taxonomy":"category","embeddable":true,"href":"https:\/\/blogs.hoy.es\/meteobadajoz\/wp-json\/wp\/v2\/categories?post=147"},{"taxonomy":"post_tag","embeddable":true,"href":"https:\/\/blogs.hoy.es\/meteobadajoz\/wp-json\/wp\/v2\/tags?post=147"}],"curies":[{"name":"wp","href":"https:\/\/api.w.org\/{rel}","templated":true}]}}