{"id":148,"date":"2013-02-16T20:39:21","date_gmt":"2013-02-16T20:39:21","guid":{"rendered":"http:\/\/blogs.hoy.es\/meteobadajoz\/?p=148"},"modified":"2013-02-16T20:39:21","modified_gmt":"2013-02-16T20:39:21","slug":"una-nueva-etapa","status":"publish","type":"post","link":"https:\/\/blogs.hoy.es\/meteobadajoz\/2013\/02\/16\/una-nueva-etapa\/","title":{"rendered":"Una nueva etapa&#8230;"},"content":{"rendered":"<p><span style=\"font-size: medium\">A fecha de hoy, comienzo una nueva etapa en mi afici\u00f3n, dejando atr\u00e1s casi 2 preciosos a\u00f1os en la plataforma\u00a0Blogger\u00a0donde os he ido contando muchas curiosidades sobre la meteorolog\u00eda, as\u00ed como predicciones, an\u00e1lisis de\u00a0situaciones\u00a0previstas, fotograf\u00edas, etc&#8230; Me paso ahora a la plataforma\u00a0WordPress, aqu\u00ed en la secci\u00f3n &#8220;Blogs&#8221; del peri\u00f3dico HOY.es en su formato digital.<\/span><\/p>\n<p><span style=\"font-size: medium\">En primer lugar tengo que agradecer enormemente a <strong>Celia Herrera<\/strong>, jefa de informaci\u00f3n del peri\u00f3dico HOY.es, por su inter\u00e9s en m\u00ed para escribir sobre el tiempo en este apartado del peri\u00f3dico. Una nueva etapa que espero que sea igualmente intensa como lo ha sido hasta ahora y que, poco a poco, se vaya desarrollando mi afici\u00f3n a esta interesante ciencia.<\/span><\/p>\n<p><span style=\"font-size: medium\">Por tanto, a partir de ahora me encontrar\u00e9is por aqu\u00ed, hablando del tiempo, con naturalidad, de forma simple y entendible para todos los lectores (aficionados y no tan aficionados), siempre intentando simplificar la informaci\u00f3n y, sobre todo, hacerla apta para todos.<\/span><\/p>\n<p><span style=\"font-size: medium\">Trataremos gran variedad de temas, todos referidos directa o indirectamente a la meteorolog\u00eda. Hablaremos de fen\u00f3menos meteorol\u00f3gicos, as\u00ed como su formaci\u00f3n, tipos, caracter\u00edsticas, etc&#8230; y por supuesto os mostrar\u00e9 la evoluci\u00f3n de las predicciones para los pr\u00f3ximos d\u00edas, semanas o incluso meses. As\u00ed que bienvenidos a mi nuevo blog y espero que todo vaya fenomenal!<\/span><\/p>\n<p><span style=\"font-size: medium\">Un saludo! ;-)<\/span><\/p>\n<!-- AddThis Advanced Settings generic via filter on the_content --><!-- AddThis Share Buttons generic via filter on the_content -->","protected":false},"excerpt":{"rendered":"<p>A fecha de hoy, comienzo una nueva etapa en mi afici\u00f3n, dejando atr\u00e1s casi 2 preciosos a\u00f1os en la plataforma\u00a0Blogger\u00a0donde os he ido contando muchas curiosidades sobre la meteorolog\u00eda, as\u00ed como predicciones, an\u00e1lisis de\u00a0situaciones\u00a0previstas, fotograf\u00edas, etc&#8230; Me paso ahora a la plataforma\u00a0WordPress, aqu\u00ed en la secci\u00f3n &#8220;Blogs&#8221; del peri\u00f3dico HOY.es en su formato digital. En [&hellip;]<!-- AddThis Advanced Settings generic via filter on get_the_excerpt --><!-- AddThis Share Buttons generic via filter on get_the_excerpt --><\/p>\n","protected":false},"author":75,"featured_media":0,"comment_status":"open","ping_status":"closed","sticky":false,"template":"","format":"standard","meta":[],"categories":[3],"tags":[],"_links":{"self":[{"href":"https:\/\/blogs.hoy.es\/meteobadajoz\/wp-json\/wp\/v2\/posts\/148"}],"collection":[{"href":"https:\/\/blogs.hoy.es\/meteobadajoz\/wp-json\/wp\/v2\/posts"}],"about":[{"href":"https:\/\/blogs.hoy.es\/meteobadajoz\/wp-json\/wp\/v2\/types\/post"}],"author":[{"embeddable":true,"href":"https:\/\/blogs.hoy.es\/meteobadajoz\/wp-json\/wp\/v2\/users\/75"}],"replies":[{"embeddable":true,"href":"https:\/\/blogs.hoy.es\/meteobadajoz\/wp-json\/wp\/v2\/comments?post=148"}],"version-history":[{"count":0,"href":"https:\/\/blogs.hoy.es\/meteobadajoz\/wp-json\/wp\/v2\/posts\/148\/revisions"}],"wp:attachment":[{"href":"https:\/\/blogs.hoy.es\/meteobadajoz\/wp-json\/wp\/v2\/media?parent=148"}],"wp:term":[{"taxonomy":"category","embeddable":true,"href":"https:\/\/blogs.hoy.es\/meteobadajoz\/wp-json\/wp\/v2\/categories?post=148"},{"taxonomy":"post_tag","embeddable":true,"href":"https:\/\/blogs.hoy.es\/meteobadajoz\/wp-json\/wp\/v2\/tags?post=148"}],"curies":[{"name":"wp","href":"https:\/\/api.w.org\/{rel}","templated":true}]}}