{"id":15,"date":"2012-12-24T16:20:00","date_gmt":"2012-12-24T16:20:00","guid":{"rendered":"http:\/\/blogs.hoy.es\/meteobadajoz\/2012\/12\/24\/prediccion-especial-nochebuena-y-navidad\/"},"modified":"2012-12-24T16:20:00","modified_gmt":"2012-12-24T16:20:00","slug":"prediccion-especial-nochebuena-y-navidad","status":"publish","type":"post","link":"https:\/\/blogs.hoy.es\/meteobadajoz\/2012\/12\/24\/prediccion-especial-nochebuena-y-navidad\/","title":{"rendered":"PREDICCI\u00d3N ESPECIAL: Nochebuena y Navidad."},"content":{"rendered":"<div style=\"clear: both;text-align: center\"><\/div>\n<div style=\"text-align: center\">\n<div style=\"clear: both;text-align: center\"><a href=\"http:\/\/1.bp.blogspot.com\/-HFkf-e34Oo8\/UNiAYf0SpgI\/AAAAAAAAEv0\/sNPanWKxJ4Y\/s1600\/Sat-visible.gif\" rel=\"external nofollow\"><img loading=\"lazy\" border=\"0\" height=\"480\" src=\"\/\/1.bp.blogspot.com\/-HFkf-e34Oo8\/UNiAYf0SpgI\/AAAAAAAAEv0\/sNPanWKxJ4Y\/s640\/Sat-visible.gif\" width=\"640\" \/><\/a><\/div>\n<p><span style=\"font-family: Helvetica Neue, Arial, Helvetica, sans-serif\"><b>Animaci\u00f3n de im\u00e1genes visibles del sat\u00e9lite Meteosat, desde comienzos de la jornada del 24 de diciembre de 2012 &#8211; Acercamiento del frente.<\/b><\/span><br \/><span style=\"font-family: Helvetica Neue, Arial, Helvetica, sans-serif\"><b><br \/><\/b><\/span><\/p>\n<div style=\"text-align: left\"><span style=\"font-family: Helvetica Neue, Arial, Helvetica, sans-serif\">Tras las nieblas de las primeras horas de la ma\u00f1ana en las zonas m\u00e1s bajas de la regi\u00f3n, la tarde se nos ha quedado bastante soleada en la mayor parte de Extremadura. Pero en las \u00faltimas horas hemos notado un claro aumento de la nubosidad por zonas del centro y oeste de la pen\u00ednsula, debido al acercamiento de un nuevo frente fr\u00edo por el oeste.<\/span><\/div>\n<div style=\"text-align: left\"><span style=\"font-family: Helvetica Neue, Arial, Helvetica, sans-serif\"><br \/><\/span><\/div>\n<div style=\"text-align: left\"><span style=\"font-family: Helvetica Neue, Arial, Helvetica, sans-serif\">Est\u00e1 previsto que este frente siga avanzando a lo largo de la tarde de esta jornada de lunes 24 de diciembre de 2012, y que durante la tarde\/noche las nubes sean ya bastante m\u00e1s compactas cuanto m\u00e1s al oeste de la regi\u00f3n. De madrugada comenzar\u00e1n a llegar las primeras precipitaciones de car\u00e1cter d\u00e9bil por el oeste, y se ir\u00e1n extendiendo a pr\u00e1cticamente toda la regi\u00f3n.<\/span><br \/><a name='more'><\/a><\/div>\n<div style=\"text-align: left\"><span style=\"color: orange;font-family: Helvetica Neue, Arial, Helvetica, sans-serif\"><b>Mapas de precipitaci\u00f3n previstos por el modelo europeo (ECMWF).<\/b><\/span><br \/><span style=\"font-family: Helvetica Neue, Arial, Helvetica, sans-serif\">En los siguientes mapas aparecen en <span style=\"color: magenta\">color morado<\/span> las \u00e1reas con probabilidad de precipitaciones, a intervalos de 3 horas.<\/span><\/div>\n<div style=\"text-align: center\"><span style=\"color: orange;font-family: Helvetica Neue, Arial, Helvetica, sans-serif;font-size: large\"><b>Para la madrugada del lunes\/martes a las 03h:<\/b><\/span><\/div>\n<div style=\"clear: both;text-align: center\"><a href=\"http:\/\/4.bp.blogspot.com\/-zyLoJoFflt0\/UNho3l3BOnI\/AAAAAAAAEqs\/AaCnDlpoxfg\/s1600\/lluvias-ecmwf.PNG\" rel=\"external nofollow\"><img loading=\"lazy\" border=\"0\" height=\"356\" src=\"\/\/4.bp.blogspot.com\/-zyLoJoFflt0\/UNho3l3BOnI\/AAAAAAAAEqs\/AaCnDlpoxfg\/s640\/lluvias-ecmwf.PNG\" width=\"640\" \/><\/a><\/div>\n<p><\/p>\n<div style=\"text-align: center\"><span style=\"color: orange;font-family: Helvetica Neue, Arial, Helvetica, sans-serif;font-size: large\"><b>A las 06h:<\/b><\/span><\/div>\n<div style=\"clear: both;text-align: center\"><a href=\"http:\/\/1.bp.blogspot.com\/-LgT1UKtb7ME\/UNho4uxxE7I\/AAAAAAAAEq0\/eH6RaHpuPSo\/s1600\/lluvias-ecmwf2.PNG\" rel=\"external nofollow\"><img loading=\"lazy\" border=\"0\" height=\"354\" src=\"\/\/1.bp.blogspot.com\/-LgT1UKtb7ME\/UNho4uxxE7I\/AAAAAAAAEq0\/eH6RaHpuPSo\/s640\/lluvias-ecmwf2.PNG\" width=\"640\" \/><\/a><\/div>\n<p><\/p>\n<div style=\"text-align: center\"><span style=\"color: orange;font-family: Helvetica Neue, Arial, Helvetica, sans-serif;font-size: large\"><b>A las 09h de la ma\u00f1ana del martes, d\u00eda de Navidad:<\/b><\/span><\/div>\n<div style=\"clear: both;text-align: center\"><a href=\"http:\/\/3.bp.blogspot.com\/-3UNLSDNBEAc\/UNho5ytFiFI\/AAAAAAAAEq8\/wBESKeUUXPY\/s1600\/lluvias-ecmwf3.PNG\" rel=\"external nofollow\"><img loading=\"lazy\" border=\"0\" height=\"382\" src=\"\/\/3.bp.blogspot.com\/-3UNLSDNBEAc\/UNho5ytFiFI\/AAAAAAAAEq8\/wBESKeUUXPY\/s640\/lluvias-ecmwf3.PNG\" width=\"640\" \/><\/a><\/div>\n<div style=\"text-align: left\"><\/div>\n<div style=\"text-align: left\"><span style=\"font-family: Helvetica Neue, Arial, Helvetica, sans-serif\">Como pod\u00e9is observar en los mapas anteriores, el frente llegar\u00e1 hacia el tramo final del lunes y durante la madrugada del martes, con\u00a0precipitaciones\u00a0no demasiado intensas, ni mucho menos. Ser\u00e1n bastante d\u00e9biles, y\u00a0posiblemente\u00a0en muchas zonas en forma de lloviznas. Ya durante la ma\u00f1ana, el frente llegar\u00e1 al centro de la Pen\u00ednsula.<\/span><\/div>\n<div style=\"text-align: left\"><span style=\"font-family: Helvetica Neue, Arial, Helvetica, sans-serif\"><br \/><\/span><\/div>\n<div style=\"text-align: left\"><span style=\"color: orange;font-family: Helvetica Neue, Arial, Helvetica, sans-serif\"><b>Mapa previsto para el d\u00eda de Navidad en Extremadura:<\/b><\/span><\/div>\n<div style=\"text-align: left\"><span style=\"color: orange;font-family: Helvetica Neue, Arial, Helvetica, sans-serif\"><b><br \/><\/b><\/span><\/div>\n<div style=\"text-align: center\"><span style=\"color: orange;font-family: Helvetica Neue, Arial, Helvetica, sans-serif;font-size: large\"><b>-POR LA MA\u00d1ANA-<\/b><\/span><\/div>\n<div style=\"clear: both;text-align: center\"><a href=\"http:\/\/2.bp.blogspot.com\/-CgR_v57Mb9o\/UNh2djY11UI\/AAAAAAAAEuk\/Ol_NVI232uQ\/s1600\/Predicci%C3%B3n+para+el+martes+25+de+diciembre,+por+la+ma%C3%B1ana..PNG\" rel=\"external nofollow\"><img loading=\"lazy\" border=\"0\" height=\"499\" src=\"\/\/2.bp.blogspot.com\/-CgR_v57Mb9o\/UNh2djY11UI\/AAAAAAAAEuk\/Ol_NVI232uQ\/s640\/Predicci%C3%B3n+para+el+martes+25+de+diciembre,+por+la+ma%C3%B1ana..PNG\" width=\"640\" \/><\/a><\/div>\n<p><\/p>\n<div style=\"text-align: left\"><span style=\"font-family: Helvetica Neue, Arial, Helvetica, sans-serif\">Como comentaba anteriormente, el frente cruzar\u00e1 Extremadura durante la madrugada y la primera mitad del martes, con precipitaciones (en principio) d\u00e9biles, aunque puntualmente y en zonas de sierra podr\u00e1n cobrar cierta intensidad, pero no ser\u00e1n demasiado importantes. Los mayores acumulados de lluvia se esperan (como suele ser\u00a0habitual\u00a0en estas situaciones) en las sierras del norte de la regi\u00f3n, donde se podr\u00edan acumular entre 5-10 mm, poco cosa. En el resto no ir\u00e1n m\u00e1s all\u00e1 de los 2 mm, pr\u00e1cticamente insignificante.<\/span><\/div>\n<div style=\"text-align: left\"><span style=\"font-family: Helvetica Neue, Arial, Helvetica, sans-serif\"><br \/><\/span><\/div>\n<div style=\"text-align: left\"><span style=\"font-family: Helvetica Neue, Arial, Helvetica, sans-serif\">En las primeras horas de la ma\u00f1ana del martes, todav\u00eda quedar\u00e1n algunas precipitaciones por las comarcas m\u00e1s orientales de la regi\u00f3n. Mientras, por el oeste, se abrir\u00e1n bastantes claros sobre todo cuanto m\u00e1s tarde sea. Vientos del oeste-noroeste flojos, pero con rachas moderadas en \u00e1reas monta\u00f1osas.<\/span><\/div>\n<div style=\"text-align: left\"><span style=\"font-family: Helvetica Neue, Arial, Helvetica, sans-serif\"><br \/><\/span><\/div>\n<p><b>-POR LA TARDE-<\/b><\/p>\n<div style=\"clear: both;text-align: center\"><a href=\"http:\/\/4.bp.blogspot.com\/-eygHywbf5no\/UNh2gnglSyI\/AAAAAAAAEus\/P97ybvuSWEo\/s1600\/Predicci%C3%B3n+para+el+martes+25+de+diciembre,+por+la+tarde..PNG\" rel=\"external nofollow\"><img loading=\"lazy\" border=\"0\" height=\"498\" src=\"\/\/4.bp.blogspot.com\/-eygHywbf5no\/UNh2gnglSyI\/AAAAAAAAEus\/P97ybvuSWEo\/s640\/Predicci%C3%B3n+para+el+martes+25+de+diciembre,+por+la+tarde..PNG\" width=\"640\" \/><\/a><\/div>\n<div style=\"text-align: left\"><\/div>\n<div style=\"text-align: left\"><span style=\"font-family: Helvetica Neue, Arial, Helvetica, sans-serif\">Ya en la segunda mitad del martes, podr\u00eda quedar alguna llovizna en la parte m\u00e1s oriental de la provincia de Badajoz, por donde se ir\u00e1 el frente, pero desaparecer\u00e1 r\u00e1pidamente. En el resto, cielos bastante m\u00e1s despejados que en la primera mitad del d\u00eda, con una tarde soleada por todo el centro y oeste, aunque por el noroeste de la provincia de C\u00e1ceres se podr\u00edan ver algunos intervalos nubosos, poco destacables,\u00a0arrastrados\u00a0por los vientos del oeste-noroeste. El aire fr\u00edo que viaja detr\u00e1s del frente podr\u00edan reactivar algunas nubes de tipo medio en zonas de sierra, muy poco\u00a0importantes. Viento flojo\/moderado del oeste-noroeste.<\/span><\/div>\n<div style=\"text-align: left\"><\/div>\n<div style=\"text-align: left\"><\/div>\n<p><span style=\"color: orange;font-family: Helvetica Neue, Arial, Helvetica, sans-serif\"><b>Mapa de temperaturas a 1.500 metros, previsto por el\u00a0modelo europeo (ECMWF).<\/b><\/span><\/p>\n<div style=\"text-align: center\"><span style=\"color: orange;font-family: Helvetica Neue, Arial, Helvetica, sans-serif;font-size: large\"><b>A las 09h:<\/b><\/span><\/div>\n<div style=\"clear: both;text-align: center\"><\/div>\n<div style=\"clear: both;text-align: center\"><a href=\"http:\/\/2.bp.blogspot.com\/-m1HT35_Mrj0\/UNh2SpKJuUI\/AAAAAAAAEuc\/57m-s2Wc_B0\/s1600\/T%C2%BA+850-ecmwf.PNG\" rel=\"external nofollow\"><img loading=\"lazy\" border=\"0\" height=\"382\" src=\"\/\/2.bp.blogspot.com\/-m1HT35_Mrj0\/UNh2SpKJuUI\/AAAAAAAAEuc\/57m-s2Wc_B0\/s640\/T%C2%BA+850-ecmwf.PNG\" width=\"640\" \/><\/a><\/div>\n<p><span style=\"color: orange;font-family: Helvetica Neue, Arial, Helvetica, sans-serif\"><b><br \/><\/b><\/span><\/p>\n<div style=\"text-align: left\"><span style=\"font-family: Helvetica Neue, Arial, Helvetica, sans-serif\">En cuanto a las temperaturas, en el mapa superior se muestran las temperaturas a unos 1.500 metros de altura, donde podemos diferenciar con mucha claridad la masa de aire fr\u00edo que viaja detr\u00e1s del frente, y en la parte delantera la masa de aire c\u00e1lido que nos ha estado afectando en las \u00faltimas horas. A partir de la tarde, todo el aire fr\u00edo postfrontal se colar\u00e1 por el oeste y centro peninsular, provocando un descenso importante de las temperaturas.<\/span><\/div>\n<div style=\"text-align: left\"><span style=\"font-family: Helvetica Neue, Arial, Helvetica, sans-serif\"><br \/><\/span><\/div>\n<div style=\"text-align: left\"><span style=\"color: orange;font-family: Helvetica Neue, Arial, Helvetica, sans-serif\"><b>Descenso de las T\u00ba m\u00e1ximas en el d\u00eda de Navidad (martes 25 de diciembre 2012):<\/b><\/span><\/div>\n<div style=\"clear: both;text-align: center\"><a href=\"http:\/\/1.bp.blogspot.com\/-F8-2sf5rKzY\/UNhuWfzOiQI\/AAAAAAAAEtM\/YRHComG0lDw\/s1600\/tw2gp097.gif\" rel=\"external nofollow\"><img loading=\"lazy\" border=\"0\" height=\"444\" src=\"\/\/1.bp.blogspot.com\/-F8-2sf5rKzY\/UNhuWfzOiQI\/AAAAAAAAEtM\/YRHComG0lDw\/s640\/tw2gp097.gif\" width=\"640\" \/><\/a><\/div>\n<div style=\"text-align: left\"><span style=\"font-family: Helvetica Neue, Arial, Helvetica, sans-serif\"><br \/><\/span><\/div>\n<div style=\"text-align: left\"><span style=\"font-family: Helvetica Neue, Arial, Helvetica, sans-serif\">Las temperaturas m\u00ednimas bajar\u00e1n ligeramente, pero las m\u00e1ximas bajar\u00e1n bastante en la mayor parte de la Pen\u00ednsula, un descenso de hasta 5 y puntualmente 6\u00baC. En Extremadura de momento no pasaremos fr\u00edo, pero ya no ser\u00e1n tan suaves como las de estos d\u00edas. Un descenso generalizado de las temperaturas que se prolongar\u00e1 hasta la pr\u00f3xima jornada del jueves, como se puede ver en la siguiente gr\u00e1fica:<\/span><\/div>\n<div style=\"clear: both;text-align: center\"><a href=\"http:\/\/4.bp.blogspot.com\/-OuKZiDfWeNk\/UNhu4XrMnXI\/AAAAAAAAEtU\/4Iz1xsqdoco\/s1600\/00.PNG\" rel=\"external nofollow\"><img loading=\"lazy\" border=\"0\" height=\"314\" src=\"\/\/4.bp.blogspot.com\/-OuKZiDfWeNk\/UNhu4XrMnXI\/AAAAAAAAEtU\/4Iz1xsqdoco\/s640\/00.PNG\" width=\"640\" \/><\/a><\/div>\n<div style=\"text-align: left\"><span style=\"font-family: Helvetica Neue, Arial, Helvetica, sans-serif\">A partir del mi\u00e9rcoles-jueves, con los cielos m\u00e1s despejados durante la noche, ya s\u00ed tendremos temperaturas m\u00ednimas m\u00e1s fr\u00edas, con valores de unos 3\u00baC, aunque durante estos d\u00edas podr\u00edamos volver a ver nieblas en los principales valles de la regi\u00f3n.<\/span><\/div>\n<div style=\"text-align: left\"><span style=\"font-family: Helvetica Neue, Arial, Helvetica, sans-serif\"><br \/><\/span><\/div>\n<div style=\"text-align: left\"><span style=\"font-family: Helvetica Neue, Arial, Helvetica, sans-serif\">En definitiva, que durante la madrugada del martes (Nochebuena) el ambiente nuboso y las precipitaciones podr\u00e1n ser las protagonistas, pero en general ser\u00e1n bastante d\u00e9biles. Y durante las horas diurnas del d\u00eda de Navidad, el frente acabar\u00e1 de cruzar la regi\u00f3n, y los cielos se\u00a0ir\u00e1n\u00a0despejando a lo largo del d\u00eda, qued\u00e1ndose una tarde bastante soleada.<\/span><\/div>\n<div style=\"text-align: left\"><span style=\"font-family: Helvetica Neue, Arial, Helvetica, sans-serif\"><br \/><\/span><\/div>\n<div style=\"text-align: center\"><span style=\"font-family: Helvetica Neue, Arial, Helvetica, sans-serif\"><b>Recuerda que puedes seguir la informaci\u00f3n meteorol\u00f3gica en Badajoz y el resto de la regi\u00f3n en las actualizaciones que hago A DIARIO en mi cuenta de Twitter: <a href=\"https:\/\/twitter.com\/MeteoBadajoz\" target=\"_blank\" rel=\"external nofollow\"><span style=\"color: red\">@MeteoBadajoz<\/span><\/a>.<\/b><\/span><\/div>\n<div style=\"text-align: center\"><span style=\"font-family: Helvetica Neue, Arial, Helvetica, sans-serif\"><b><br \/><\/b><\/span><\/div>\n<div style=\"text-align: center\"><span style=\"font-family: Helvetica Neue, Arial, Helvetica, sans-serif\"><b>Por \u00faltimos desearos unas <span style=\"font-size: large\">\u00a1\u00a1FELICES FIESTAS A TOD@S!!<\/span><\/b><\/span><\/div>\n<div style=\"text-align: center\"><span style=\"font-family: Helvetica Neue, Arial, Helvetica, sans-serif\"><b>\u00a1Y cuidado en las carreteras!<\/b><\/span><\/div>\n<div style=\"text-align: center\"><span style=\"font-family: Helvetica Neue, Arial, Helvetica, sans-serif\"><b><span style=\"font-size: large\"><br \/><\/span><\/b><\/span><\/div>\n<div style=\"text-align: center\"><span style=\"font-family: Helvetica Neue, Arial, Helvetica, sans-serif\"><b>Un saludo!<\/b><\/span><\/div>\n<\/div>\n<!-- AddThis Advanced Settings generic via filter on the_content --><!-- AddThis Share Buttons generic via filter on the_content -->","protected":false},"excerpt":{"rendered":"<p>Animaci\u00f3n de im\u00e1genes visibles del sat\u00e9lite Meteosat, desde comienzos de la jornada del 24 de diciembre de 2012 &#8211; Acercamiento del frente. Tras las nieblas de las primeras horas de la ma\u00f1ana en las zonas m\u00e1s bajas de la regi\u00f3n, la tarde se nos ha quedado bastante soleada en la mayor parte de Extremadura. Pero [&hellip;]<!-- AddThis Advanced Settings generic via filter on get_the_excerpt --><!-- AddThis Share Buttons generic via filter on get_the_excerpt --><\/p>\n","protected":false},"author":3,"featured_media":0,"comment_status":"open","ping_status":"closed","sticky":false,"template":"","format":"standard","meta":[],"categories":[3],"tags":[],"_links":{"self":[{"href":"https:\/\/blogs.hoy.es\/meteobadajoz\/wp-json\/wp\/v2\/posts\/15"}],"collection":[{"href":"https:\/\/blogs.hoy.es\/meteobadajoz\/wp-json\/wp\/v2\/posts"}],"about":[{"href":"https:\/\/blogs.hoy.es\/meteobadajoz\/wp-json\/wp\/v2\/types\/post"}],"author":[{"embeddable":true,"href":"https:\/\/blogs.hoy.es\/meteobadajoz\/wp-json\/wp\/v2\/users\/3"}],"replies":[{"embeddable":true,"href":"https:\/\/blogs.hoy.es\/meteobadajoz\/wp-json\/wp\/v2\/comments?post=15"}],"version-history":[{"count":0,"href":"https:\/\/blogs.hoy.es\/meteobadajoz\/wp-json\/wp\/v2\/posts\/15\/revisions"}],"wp:attachment":[{"href":"https:\/\/blogs.hoy.es\/meteobadajoz\/wp-json\/wp\/v2\/media?parent=15"}],"wp:term":[{"taxonomy":"category","embeddable":true,"href":"https:\/\/blogs.hoy.es\/meteobadajoz\/wp-json\/wp\/v2\/categories?post=15"},{"taxonomy":"post_tag","embeddable":true,"href":"https:\/\/blogs.hoy.es\/meteobadajoz\/wp-json\/wp\/v2\/tags?post=15"}],"curies":[{"name":"wp","href":"https:\/\/api.w.org\/{rel}","templated":true}]}}