{"id":158,"date":"2013-02-20T23:30:11","date_gmt":"2013-02-20T23:30:11","guid":{"rendered":"http:\/\/blogs.hoy.es\/meteobadajoz\/?p=158"},"modified":"2013-02-20T23:30:11","modified_gmt":"2013-02-20T23:30:11","slug":"jueves-y-viernes-con-tiempo-muy-inestable","status":"publish","type":"post","link":"https:\/\/blogs.hoy.es\/meteobadajoz\/2013\/02\/20\/jueves-y-viernes-con-tiempo-muy-inestable\/","title":{"rendered":"Jueves y viernes con tiempo muy inestable"},"content":{"rendered":"<div class=\"addthis_toolbox addthis_default_style \">\n<p><a class=\"addthis_button_facebook_like\" fb:like:layout=\"button_count\"><\/a><\/p>\n<p><a class=\"addthis_button_tweet\"><\/a><\/p>\n<p><a class=\"addthis_counter addthis_pill_style\"><\/a>\n<\/div>\n<p><script type=\"text\/javascript\">var addthis_config = {\"data_track_addressbar\":true};<\/script><br \/>\n<script type=\"text\/javascript\" src=\"\/\/s7.addthis.com\/js\/300\/addthis_widget.js#pubid=ra-5130bf5a029970f6\"><\/script><\/p>\n<p>&nbsp;<\/p>\n<p style=\"text-align: center\"><img loading=\"lazy\" class=\"aligncenter\" src=\"\/\/nsae01.casimages.net\/img\/2013\/02\/21\/13022108545964533.png\" alt=\"\" width=\"629\" height=\"354\" \/><\/p>\n<p><span style=\"font-size: medium\">Mi primer an\u00e1lisis de situaci\u00f3n en este nuevo blog lo voy a dedicar al\u00a0importante\u00a0cambio de tiempo que se espera durante este pr\u00f3ximo jueves y viernes. Merece la pena seguir la evoluci\u00f3n de la situaci\u00f3n en estas inmediatas horas porque se presenta bastante inestable y con cierto riesgo de chubascos tormentosos y puntualmente\u00a0acompa\u00f1ados\u00a0de tormentas. Vamos a tratar de resumir lo que podr\u00eda ocurrir durante estos dos d\u00edas, especialmente durante el jueves. La imagen\u00a0que encabeza\u00a0esta entrada corresponde a la imagen visible del Meteosat durante la tarde\/noche del mi\u00e9rcoles 20 de febrero, cuando el frente se\u00a0acercaba\u00a0a la Pen\u00ednsula, provocando un importante aumento de la nubosidad de tipo medio y alto.\u00a0<\/span><\/p>\n<p><span style=\"font-size: medium\">Como os he venido avisando durante estos \u00faltimos d\u00edas\u00a0a trav\u00e9s\u00a0de <strong><span style=\"color: #000000\"><a title=\"Facebook\" href=\"http:\/\/www.facebook.com\/pages\/MeteoBadajoz\/236436716399890\" target=\"_blank\" rel=\"external nofollow\"><span style=\"color: #000000\">Facebook<\/span><\/a><\/span><\/strong> o <span style=\"color: #000000\"><strong><a title=\"Twitter\" href=\"https:\/\/twitter.com\/meteobadajoz\" target=\"_blank\" rel=\"external nofollow\"><span style=\"color: #000000\">Twitter<\/span><\/a><\/strong><\/span>, el jueves y el viernes se presentan con ambiente muy inestable en buena parte del oeste y sur de la Pen\u00ednsula, aunque en el resto, el ambiente tambi\u00e9n estar\u00e1 revuelto. Pero nos vamos a centrar especialmente en zonas del suroeste peninsular, porque de cara a la jornada del jueves se podr\u00edan reunir condiciones suficientemente favorables para que podamos ver algunas tormentas. A continuaci\u00f3n os muestro un mapa de riesgo de tormentas previsto por el grupo de meteor\u00f3logos europeos y estudiantes en meteorolog\u00eda (<strong><a title=\"ESTOFEX\" href=\"http:\/\/www.estofex.org\/\" target=\"_blank\" rel=\"external nofollow\">ESTOFEX<\/a><\/strong>, &#8220;<em>European Storm Forecast Experiment<\/em>&#8220;) que se dedican a establecer zonas donde existe alg\u00fan riesgo de tormentas severas a nivel europeo.<!--more--><\/span><\/p>\n<p style=\"text-align: center\"><span style=\"font-size: medium\"><img loading=\"lazy\" class=\"aligncenter\" style=\"vertical-align: middle\" src=\"\/\/nsae01.casimages.net\/img\/2013\/02\/20\/130220113648343757.png\" alt=\"Riesgo de tormentas severas - Jueves 21 de febrero\" width=\"550\" height=\"620\" \/><\/span><\/p>\n<p><span style=\"font-size: medium\">En el mapa superior observamos dos \u00e1reas marcadas al suroeste de la Pen\u00ednsula Ib\u00e9rica, de distinto color, con un\u00a0s\u00edmbolo\u00a0parecido a una &#8220;R&#8221; (que significa tormentas) y una numeraci\u00f3n (1). La l\u00ednea amarilla de poco grosor\u00a0indica\u00a0probabilidad de tormentas del 15%&#8230; visto as\u00ed no parece que vayan a ser muy probables las tormentas, pero no es as\u00ed, normalmente cuando colocan este riesgo en alguna zona, acaban produci\u00e9ndose algunas tormentas, aunque no demasiado importantes, digamos que son tormentas normales, con su actividad el\u00e9ctrica, con sus momentos de precipitaci\u00f3n puntualmente intensa y\u00a0fen\u00f3menos\u00a0tormentosos\u00a0t\u00edpicos\u00a0de las tormentas. Pero en el propio mapa, y dentro de la zona de probabilidad de tormentas, observamos otra zona se\u00f1alada bajo una l\u00ednea m\u00e1s gruesa, de color naranja y con el n\u00famero 1. \u00c9sto indica que tambi\u00e9n existe riesgo de que las tormentas sean de cierta\u00a0intensidad\u00a0y\/o tengan fen\u00f3menos severos asociados, como granizo de gran tama\u00f1o, probabilidad de tornados, etc.<\/span><\/p>\n<p><span style=\"font-size: medium\">En el caso de la jornada del jueves, ESTOFEX nos advierte de que a lo largo de las horas centrales del d\u00eda y durante la tarde, fruto del propio calentamiento diurno, se podr\u00edan producir algunas<strong> tormentas que podr\u00edan tener cierto car\u00e1cter severo<\/strong>. Nos advierten tambi\u00e9n de cierta\u00a0<strong>probabilidad\u00a0de tornados aislados<\/strong>, que se puedan producir de forma muy puntual en alguna tormenta. Pero todo esto no significa que se vayan a producir tormentas o tornados con toda seguridad, nada de eso&#8230; no es m\u00e1s que una advertencia, un riesgo que durante los pr\u00f3ximos d\u00edas ser\u00e1 algo m\u00e1s elevado de lo\u00a0habitual\u00a0y del que tendremos que estar pendientes.<\/span><\/p>\n<p><span style=\"font-size: medium\">Ahora veamos los mapas de precipitaci\u00f3n previstos por el modelo europeo (ECMWF), que normalmente suele acertar m\u00e1s, y es m\u00e1s preciso que el modelo americano (GFS) a la hora de\u00a0predecir\u00a0la distribuci\u00f3n de las precipitaciones. Mapas de precipitaci\u00f3n para el jueves a distintas horas:<\/span><\/p>\n<p style=\"text-align: left\"><span style=\"font-size: medium\"><strong>-A las 9h de la ma\u00f1ana del jueves.<\/strong><\/span><\/p>\n<p style=\"text-align: center\"><span style=\"font-size: medium\"><img loading=\"lazy\" class=\"aligncenter\" src=\"\/\/nsae01.casimages.net\/img\/2013\/02\/20\/130220115920769343.png\" alt=\"\" width=\"629\" height=\"354\" \/><\/span><\/p>\n<p style=\"text-align: left\"><span style=\"font-size: medium\"><strong>-A las 15h de la tarde del jueves.<\/strong><\/span><\/p>\n<p style=\"text-align: center\"><span style=\"font-size: medium\"><img loading=\"lazy\" class=\"aligncenter\" src=\"\/\/nsae01.casimages.net\/img\/2013\/02\/21\/130221120201749108.png\" alt=\"\" width=\"629\" height=\"354\" \/><\/span><\/p>\n<p style=\"text-align: left\"><span style=\"font-size: medium\"><strong>-A las 18h de la tarde del jueves.<\/strong><\/span><\/p>\n<p style=\"text-align: center\"><span style=\"font-size: medium\"><img loading=\"lazy\" class=\"aligncenter\" src=\"\/\/nsae01.casimages.net\/img\/2013\/02\/21\/130221120314858977.png\" alt=\"\" width=\"629\" height=\"354\" \/><\/span><\/p>\n<p><span style=\"font-size: medium\"><strong>-A las 0h de la noche del viernes.<\/strong><\/span><\/p>\n<p style=\"text-align: center\"><span style=\"font-size: medium\"><img loading=\"lazy\" class=\"aligncenter\" src=\"\/\/nsae01.casimages.net\/img\/2013\/02\/21\/130221120350662240.png\" alt=\"\" width=\"629\" height=\"354\" \/><\/span><\/p>\n<p style=\"text-align: left\"><span style=\"font-size: medium\">En los mapas anteriores observamos la situaci\u00f3n prevista (desde el punto de vista de las precipitaciones) para distintas horas de la jornada del jueves. Comenzar\u00e1 el d\u00eda con cielos cubiertos y precipitaciones de car\u00e1cter d\u00e9bil por zonas del oeste de Extremadura, y a partir de media ma\u00f1ana las lluvias ir\u00e1n ganando intensidad. Por la tarde, los modelos muestran bastantes precipitaciones entrando por el oeste y suroeste de la regi\u00f3n.<\/span><\/p>\n<p style=\"text-align: left\"><span style=\"font-size: medium\">La tarde podr\u00eda ser tormentosa y bastante lluviosa en zonas del centro y sur de la provincia de Badajoz (<strong>con aviso amarillo por lluvias<\/strong>), por donde se esperan las cantidades m\u00e1s importantes de precipitaci\u00f3n. Tambi\u00e9n se registrar\u00e1n importantes precipitaciones en la cara sur del Sistema Central, vertiente sur de la sierra de Gredos (al norte de Extremadura). En el resto ambiente muy nuboso y tambi\u00e9n con precipitaciones, aunque menos abundantes que en las zonas\u00a0anteriormente\u00a0mencionadas. Todo ello\u00a0acompa\u00f1ado, como os coment\u00e9 antes, de riesgo alto de tormentas, que podr\u00edan ser puntualmente intensas, as\u00ed que atentos a las zonas inundables, zonas propensas a las acumulaciones de agua, porque las lluvias (probablemente) podr\u00edan ser abundantes, especialmente de cara a la tarde.<\/span><\/p>\n<p style=\"text-align: left\"><span style=\"font-size: medium\">Al final de la jornada, esas lluvias se extender\u00e1n (con menor intensidad) al centro de la Pen\u00ednsula, y tendiendo a remitir ligeramente por zonas del oeste. Las temperaturas, en general, sin demasiados\u00a0cambios\u00a0aunque podr\u00edan subir (tanto m\u00e1ximas como m\u00ednimas) hacia las comarcas del oeste de la regi\u00f3n.<\/span><\/p>\n<p style=\"text-align: left\"><span style=\"font-size: medium\"><strong>-Mapa de avisos de AEMET para el jueves 21 de febrero de 2013.<\/strong><\/span><\/p>\n<p style=\"text-align: center\"><span style=\"font-size: medium\"><img loading=\"lazy\" class=\"aligncenter\" src=\"\/\/nsae01.casimages.net\/img\/2013\/02\/21\/130221122529350641.png\" alt=\"\" width=\"500\" height=\"334\" \/><\/span><\/p>\n<p style=\"text-align: left\"><span style=\"font-size: medium\">Pero ojo porque de cara al viernes la situaci\u00f3n se repite, con la llegada de m\u00e1s precipitaciones y, de nuevo, riesgo alto de\u00a0chubascos\u00a0tormentosos y acompa\u00f1ados de tormentas. As\u00ed que se nos presentan dos d\u00edas de ambiente muy nuboso y\u00a0abundantes precipitaciones. Repito, ojo a las zonas inundables, donde se puedan producir problemas por acumulaci\u00f3n de agua (por prevenir). Como siempre, estaremos pendientes de c\u00f3mo avanza esta jornada de seguimiento meteorol\u00f3gico a trav\u00e9s de mi cuenta de Twitter >>\u00a0<span style=\"color: #ff0000\"><strong><span style=\"color: #ff0000\"><a title=\"@MeteoBadajoz\" href=\"https:\/\/twitter.com\/MeteoBadajoz\" target=\"_blank\" rel=\"external nofollow\">@MeteoBadajoz<\/a><\/span><\/strong><\/span><\/span>.<\/p>\n<p style=\"text-align: left\"><span style=\"font-size: medium\">Un saludo!<\/span><\/p>\n<!-- AddThis Advanced Settings generic via filter on the_content --><!-- AddThis Share Buttons generic via filter on the_content -->","protected":false},"excerpt":{"rendered":"<p>&nbsp; Mi primer an\u00e1lisis de situaci\u00f3n en este nuevo blog lo voy a dedicar al\u00a0importante\u00a0cambio de tiempo que se espera durante este pr\u00f3ximo jueves y viernes. Merece la pena seguir la evoluci\u00f3n de la situaci\u00f3n en estas inmediatas horas porque se presenta bastante inestable y con cierto riesgo de chubascos tormentosos y puntualmente\u00a0acompa\u00f1ados\u00a0de tormentas. Vamos [&hellip;]<!-- AddThis Advanced Settings generic via filter on get_the_excerpt --><!-- AddThis Share Buttons generic via filter on get_the_excerpt --><\/p>\n","protected":false},"author":75,"featured_media":0,"comment_status":"open","ping_status":"closed","sticky":false,"template":"","format":"standard","meta":[],"categories":[4,5],"tags":[28,71,91,147],"_links":{"self":[{"href":"https:\/\/blogs.hoy.es\/meteobadajoz\/wp-json\/wp\/v2\/posts\/158"}],"collection":[{"href":"https:\/\/blogs.hoy.es\/meteobadajoz\/wp-json\/wp\/v2\/posts"}],"about":[{"href":"https:\/\/blogs.hoy.es\/meteobadajoz\/wp-json\/wp\/v2\/types\/post"}],"author":[{"embeddable":true,"href":"https:\/\/blogs.hoy.es\/meteobadajoz\/wp-json\/wp\/v2\/users\/75"}],"replies":[{"embeddable":true,"href":"https:\/\/blogs.hoy.es\/meteobadajoz\/wp-json\/wp\/v2\/comments?post=158"}],"version-history":[{"count":0,"href":"https:\/\/blogs.hoy.es\/meteobadajoz\/wp-json\/wp\/v2\/posts\/158\/revisions"}],"wp:attachment":[{"href":"https:\/\/blogs.hoy.es\/meteobadajoz\/wp-json\/wp\/v2\/media?parent=158"}],"wp:term":[{"taxonomy":"category","embeddable":true,"href":"https:\/\/blogs.hoy.es\/meteobadajoz\/wp-json\/wp\/v2\/categories?post=158"},{"taxonomy":"post_tag","embeddable":true,"href":"https:\/\/blogs.hoy.es\/meteobadajoz\/wp-json\/wp\/v2\/tags?post=158"}],"curies":[{"name":"wp","href":"https:\/\/api.w.org\/{rel}","templated":true}]}}