{"id":17,"date":"2012-12-18T20:21:00","date_gmt":"2012-12-18T20:21:00","guid":{"rendered":"http:\/\/blogs.hoy.es\/meteobadajoz\/2012\/12\/18\/intensas-nevadas-en-europa-oriental-dejan-varios-fallecidos\/"},"modified":"2012-12-18T20:21:00","modified_gmt":"2012-12-18T20:21:00","slug":"intensas-nevadas-en-europa-oriental-dejan-varios-fallecidos","status":"publish","type":"post","link":"https:\/\/blogs.hoy.es\/meteobadajoz\/2012\/12\/18\/intensas-nevadas-en-europa-oriental-dejan-varios-fallecidos\/","title":{"rendered":"Intensas nevadas en Europa oriental dejan varios fallecidos."},"content":{"rendered":"<div style=\"clear: both;text-align: center\"><a href=\"http:\/\/2.bp.blogspot.com\/-BHPxVpDm9WU\/UNDO6QHs9QI\/AAAAAAAAEhE\/kENZeLRoctQ\/s1600\/nas_forecastlows_day1_i5_points_metric.png\" rel=\"external nofollow\"><img loading=\"lazy\" border=\"0\" height=\"480\" src=\"\/\/2.bp.blogspot.com\/-BHPxVpDm9WU\/UNDO6QHs9QI\/AAAAAAAAEhE\/kENZeLRoctQ\/s640\/nas_forecastlows_day1_i5_points_metric.png\" width=\"640\" \/><\/a><\/div>\n<div style=\"text-align: center\"><span style=\"font-family: Helvetica Neue, Arial, Helvetica, sans-serif\"><b>Superposici\u00f3n del campo de presi\u00f3n a nivel del mar y mapa de temperaturas.<\/b><\/span><\/div>\n<p><span style=\"font-family: Helvetica Neue, Arial, Helvetica, sans-serif\">Al menos 37 muertos deja una ola de aire fr\u00edo en el este del continente europeo, donde las bajas temperaturas de estas \u00faltimas jornadas (de hasta -20\u00baC) junto con precipitaciones, han provocado intensas nevadas que han incomunicado amplias zonas de Ucrania y varios pa\u00edses del este de Europa.<\/span><br \/><a name='more'><\/a><br \/><span style=\"font-family: Helvetica Neue, Arial, Helvetica, sans-serif\">Todo propiciado por un potente centro de altas presiones situado en el norte del continente asi\u00e1tico. El famoso &#8220;anticicl\u00f3n siberiano&#8221;, que retiene grandes cantidades de aire muy fr\u00edo en el norte de Asia, y es el responsable de todos estos problemas, porque est\u00e1 inyectando aire muy fr\u00edo hacia las regiones m\u00e1s orientales de Europa. Una masa de aire fr\u00edo que, al juntarse con las precipitaciones que est\u00e1 dejando una borrasca en el sureste de Europa, se est\u00e1 traduciendo en importantes cantidades de nieve en estas zonas. Y aunque parece que la situaci\u00f3n tiene a mejorar ligeramente, a partir del 25 de diciembre se observa otra important\u00edsima irrupci\u00f3n de aire muy fr\u00edo a esas mismas zonas.<\/span><br \/><span style=\"font-family: Helvetica Neue, Arial, Helvetica, sans-serif\"><br \/><\/span><span style=\"font-family: Helvetica Neue, Arial, Helvetica, sans-serif\">En la parte superior de la entrada os adjunto un mapa combinado de la presi\u00f3n a nivel de la superficie y el mapa de temperaturas. Aqu\u00ed ten\u00e9is tambi\u00e9n un v\u00eddeo informativo de \u00faltima hora:<\/span><br \/><span style=\"font-family: Helvetica Neue, Arial, Helvetica, sans-serif\"><br \/><\/span>  <\/p>\n<!-- AddThis Advanced Settings generic via filter on the_content --><!-- AddThis Share Buttons generic via filter on the_content -->","protected":false},"excerpt":{"rendered":"<p>Superposici\u00f3n del campo de presi\u00f3n a nivel del mar y mapa de temperaturas. Al menos 37 muertos deja una ola de aire fr\u00edo en el este del continente europeo, donde las bajas temperaturas de estas \u00faltimas jornadas (de hasta -20\u00baC) junto con precipitaciones, han provocado intensas nevadas que han incomunicado amplias zonas de Ucrania y [&hellip;]<!-- AddThis Advanced Settings generic via filter on get_the_excerpt --><!-- AddThis Share Buttons generic via filter on get_the_excerpt --><\/p>\n","protected":false},"author":3,"featured_media":0,"comment_status":"open","ping_status":"closed","sticky":false,"template":"","format":"standard","meta":[],"categories":[3],"tags":[],"_links":{"self":[{"href":"https:\/\/blogs.hoy.es\/meteobadajoz\/wp-json\/wp\/v2\/posts\/17"}],"collection":[{"href":"https:\/\/blogs.hoy.es\/meteobadajoz\/wp-json\/wp\/v2\/posts"}],"about":[{"href":"https:\/\/blogs.hoy.es\/meteobadajoz\/wp-json\/wp\/v2\/types\/post"}],"author":[{"embeddable":true,"href":"https:\/\/blogs.hoy.es\/meteobadajoz\/wp-json\/wp\/v2\/users\/3"}],"replies":[{"embeddable":true,"href":"https:\/\/blogs.hoy.es\/meteobadajoz\/wp-json\/wp\/v2\/comments?post=17"}],"version-history":[{"count":0,"href":"https:\/\/blogs.hoy.es\/meteobadajoz\/wp-json\/wp\/v2\/posts\/17\/revisions"}],"wp:attachment":[{"href":"https:\/\/blogs.hoy.es\/meteobadajoz\/wp-json\/wp\/v2\/media?parent=17"}],"wp:term":[{"taxonomy":"category","embeddable":true,"href":"https:\/\/blogs.hoy.es\/meteobadajoz\/wp-json\/wp\/v2\/categories?post=17"},{"taxonomy":"post_tag","embeddable":true,"href":"https:\/\/blogs.hoy.es\/meteobadajoz\/wp-json\/wp\/v2\/tags?post=17"}],"curies":[{"name":"wp","href":"https:\/\/api.w.org\/{rel}","templated":true}]}}