{"id":18,"date":"2012-12-13T20:39:00","date_gmt":"2012-12-13T20:39:00","guid":{"rendered":"http:\/\/blogs.hoy.es\/meteobadajoz\/2012\/12\/13\/damos-paso-a-un-importante-temporal-en-la-peninsula\/"},"modified":"2012-12-13T20:39:00","modified_gmt":"2012-12-13T20:39:00","slug":"damos-paso-a-un-importante-temporal-en-la-peninsula","status":"publish","type":"post","link":"https:\/\/blogs.hoy.es\/meteobadajoz\/2012\/12\/13\/damos-paso-a-un-importante-temporal-en-la-peninsula\/","title":{"rendered":"Damos paso a un importante temporal en la pen\u00ednsula."},"content":{"rendered":"<div style=\"clear: both;text-align: center\"><a href=\"http:\/\/1.bp.blogspot.com\/-NbztT5YjYv8\/UMorFxUnkiI\/AAAAAAAAEZI\/glLIxPsk0SM\/s1600\/Circulaci%C3%B3n+Zonal.gif\" rel=\"external nofollow\"><img loading=\"lazy\" border=\"0\" height=\"409\" src=\"\/\/1.bp.blogspot.com\/-NbztT5YjYv8\/UMorFxUnkiI\/AAAAAAAAEZI\/glLIxPsk0SM\/s640\/Circulaci%C3%B3n+Zonal.gif\" width=\"640\" \/><\/a><\/div>\n<div style=\"text-align: center\"><span style=\"font-family: Helvetica Neue, Arial, Helvetica, sans-serif\"><b>Imagen infrarroja de sat\u00e9lite Meteosat-9, a las 18h UTC de la tarde del jueves 13 de diciembre 2012.<\/b><\/span><\/div>\n<div style=\"text-align: center\"><span style=\"font-family: Helvetica Neue, Arial, Helvetica, sans-serif\"><b><br \/><\/b><\/span><\/div>\n<div style=\"text-align: left\"><span style=\"font-family: Helvetica Neue, Arial, Helvetica, sans-serif\">Despu\u00e9s de varios d\u00edas en los que (en general) ha\u00a0predominado\u00a0la estabilidad en gran parte de la pen\u00ednsula, estamos de nuevo muy pendientes de lo que se est\u00e1 organizado en el Atl\u00e1ntico. Una potente borrasca, desde el Atl\u00e1ntico Norte, extender\u00e1 su influencia en forma de\u00a0precipitaciones\u00a0moderas y abundantes a pr\u00e1cticamente todo el norte y oeste de la pen\u00ednsula durante la\u00a0pr\u00f3xima\u00a0jornada del viernes y, de forma m\u00e1s d\u00e9bil, durante el fin de semana.<\/span><\/div>\n<p><a name='more'><\/a><\/p>\n<div style=\"text-align: left\"><span style=\"font-family: Helvetica Neue, Arial, Helvetica, sans-serif\">La borrasca, con un centro de unos 955 hPa, es tremendamente extensa y ocupa\u00a0buena\u00a0parte del Atl\u00e1ntico Norte. La imagen superior muestra la borrasca durante su avance hacia el oeste del continente Europeo, en la tarde del jueves 13 de diciembre. Como puede verse, las dimensiones de esta regi\u00f3n de bajas presiones son grand\u00edsima. Posee una presi\u00f3n bastante baja\u00a0<\/span><span style=\"font-family: 'Helvetica Neue', Arial, Helvetica, sans-serif\">en su centro\u00a0<\/span><span style=\"font-family: 'Helvetica Neue', Arial, Helvetica, sans-serif\">(borrasca muy\u00a0<\/span><span style=\"font-family: 'Helvetica Neue', Arial, Helvetica, sans-serif\">profunda<\/span><span style=\"font-family: 'Helvetica Neue', Arial, Helvetica, sans-serif\">) por lo que las isobaras permanecen bastante juntas como veremos a continuaci\u00f3n en los mapas de presi\u00f3n a nivel de la superficie terrestre.<\/span><\/div>\n<div style=\"clear: both;text-align: center\"><a href=\"http:\/\/1.bp.blogspot.com\/-rPZsDbW3rxw\/UMoyk05m00I\/AAAAAAAAEaM\/ccwyquff6GM\/s1600\/gfs_pi_g500_024.png\" rel=\"external nofollow\"><img loading=\"lazy\" border=\"0\" height=\"480\" src=\"\/\/1.bp.blogspot.com\/-rPZsDbW3rxw\/UMoyk05m00I\/AAAAAAAAEaM\/ccwyquff6GM\/s640\/gfs_pi_g500_024.png\" width=\"640\" \/><\/a><\/div>\n<div style=\"text-align: left\"><span style=\"font-family: Helvetica Neue, Arial, Helvetica, sans-serif\">El mapa superior muestra (en l\u00edneas de color blanco) la presi\u00f3n a nivel de la superficie. Como pod\u00e9is observar, sobre la pen\u00ednsula predominar\u00e1 un importante gradiente de presi\u00f3n (isobaras muy juntas), especialmente en el tercio norte y oeste de la pen\u00ednsula. Esto nos\u00a0indica\u00a0que el viento cobrar\u00e1 mucha fuerza por todas esas zonas. Comenzar\u00e1 a notarse un incremento en la intensidad del viento a partir de la madrugada del jueves-viernes.<\/span><\/div>\n<div style=\"clear: both;text-align: center\"><\/div>\n<div style=\"text-align: left\"><span style=\"font-family: Helvetica Neue, Arial, Helvetica, sans-serif\"><br \/><\/span><\/div>\n<div style=\"text-align: left\"><span style=\"font-family: Helvetica Neue, Arial, Helvetica, sans-serif\">La AEMET ya ha activado\u00a0numerosos\u00a0avisos de 1\u00ba y 2\u00ba nivel (amarillo y naranja) por fuertes rachas de viento en amplias zonas del norte, centro y oeste peninsular.<\/span><\/div>\n<div style=\"clear: both;text-align: center\"><a href=\"http:\/\/2.bp.blogspot.com\/-eogfBVqJnFM\/UMo0R7447YI\/AAAAAAAAEak\/qGC1gRA2xWA\/s1600\/20121213195000_avi_mna_VI_zonas.png\" rel=\"external nofollow\"><img loading=\"lazy\" border=\"0\" height=\"427\" src=\"\/\/2.bp.blogspot.com\/-eogfBVqJnFM\/UMo0R7447YI\/AAAAAAAAEak\/qGC1gRA2xWA\/s640\/20121213195000_avi_mna_VI_zonas.png\" width=\"640\" \/><\/a><\/div>\n<div style=\"clear: both;text-align: center\"><span style=\"font-family: Helvetica Neue, Arial, Helvetica, sans-serif\"><b>Mapa de avisos de la AEMET, para el viernes 14 de diciembre de 2012.<\/b><\/span><\/div>\n<div style=\"clear: both;text-align: center\"><\/div>\n<div style=\"clear: both;text-align: center\"><a href=\"http:\/\/1.bp.blogspot.com\/-eDeNKK8qYoY\/UMoyoL3mSuI\/AAAAAAAAEaY\/24z5XBZcrRc\/s1600\/gfs_pi_v10m_024.png\" rel=\"external nofollow\"><img loading=\"lazy\" border=\"0\" height=\"480\" src=\"\/\/1.bp.blogspot.com\/-eDeNKK8qYoY\/UMoyoL3mSuI\/AAAAAAAAEaY\/24z5XBZcrRc\/s640\/gfs_pi_v10m_024.png\" width=\"640\" \/><\/a><\/div>\n<div style=\"text-align: center\"><span style=\"font-family: Helvetica Neue, Arial, Helvetica, sans-serif\"><b>Mapa de vientos a 10 metros para el viernes a las 12h, seg\u00fan el modelo GFS.<\/b><\/span><\/div>\n<div style=\"text-align: center\"><span style=\"font-family: Helvetica Neue, Arial, Helvetica, sans-serif\"><br \/><\/span><\/div>\n<div style=\"clear: both;text-align: center\"><a href=\"http:\/\/1.bp.blogspot.com\/-DS6KdRjoroU\/UMo4e1g8aoI\/AAAAAAAAEbs\/Gas6T4K9JAY\/s1600\/isaehatl.gif\" rel=\"external nofollow\"><img loading=\"lazy\" border=\"0\" height=\"480\" src=\"\/\/1.bp.blogspot.com\/-DS6KdRjoroU\/UMo4e1g8aoI\/AAAAAAAAEbs\/Gas6T4K9JAY\/s640\/isaehatl.gif\" width=\"640\" \/><\/a><\/div>\n<div style=\"text-align: left\"><span style=\"font-family: Helvetica Neue, Arial, Helvetica, sans-serif\"><br \/><\/span><\/div>\n<div style=\"text-align: left\"><span style=\"font-family: 'Helvetica Neue', Arial, Helvetica, sans-serif\">En esta animaci\u00f3n vemos que\u00a0<\/span><span style=\"font-family: 'Helvetica Neue', Arial, Helvetica, sans-serif\">existe<\/span><span style=\"font-family: 'Helvetica Neue', Arial, Helvetica, sans-serif\">\u00a0un flujo de vientos del oeste en el Atl\u00e1ntico, a la altura de la Pen\u00ednsula Ib\u00e9rica, que proviene directamente desde la costa oriental de Estados Unidos. Esos vientos arrastran una masa de aire h\u00famedo que podr\u00eda hacer que las precipitaciones sean bastante abundantes, especialmente en la cara sur de los sistemas\u00a0<\/span><span style=\"font-family: 'Helvetica Neue', Arial, Helvetica, sans-serif\">monta\u00f1osos<\/span><span style=\"font-family: 'Helvetica Neue', Arial, Helvetica, sans-serif\">\u00a0del oeste, centro y norte, donde estos vientos de suroeste dejan grandes acumulados de lluvia.<\/span><\/div>\n<div style=\"text-align: left\"><span style=\"font-family: 'Helvetica Neue', Arial, Helvetica, sans-serif\"><br \/><\/span><\/div>\n<div style=\"text-align: left\"><span style=\"font-family: 'Helvetica Neue', Arial, Helvetica, sans-serif\">Este es el mapa de precipitaciones previstas por el modelo GFS para el viernes a las 12h, con el frente principal barriendo pr\u00e1cticamente todo el oeste y norte de la pen\u00ednsula.<\/span><\/div>\n<div style=\"clear: both;text-align: center\"><a href=\"http:\/\/2.bp.blogspot.com\/-ZTDMyQbr7fc\/UMoymcJhpeI\/AAAAAAAAEaQ\/oFO_KH6jLF8\/s1600\/gfs_pi_prec_030.png\" rel=\"external nofollow\"><img loading=\"lazy\" border=\"0\" height=\"480\" src=\"\/\/2.bp.blogspot.com\/-ZTDMyQbr7fc\/UMoymcJhpeI\/AAAAAAAAEaQ\/oFO_KH6jLF8\/s640\/gfs_pi_prec_030.png\" width=\"640\" \/><\/a><\/div>\n<div style=\"text-align: center\"><span style=\"font-family: 'Helvetica Neue', Arial, Helvetica, sans-serif;text-align: left\"><b>Precipitaciones previstas por el modelo GFS, para el viernes a las 12h.<\/b><\/span><\/div>\n<div style=\"text-align: center\"><\/div>\n<div style=\"text-align: left\"><span style=\"font-family: Helvetica Neue, Arial, Helvetica, sans-serif\">Los acumulados m\u00e1s destacables, hacia el noroeste de la pen\u00ednsula. Parece que ser\u00e1\u00a0especialmente\u00a0en \u00e1reas del noroeste de Portugal y suroeste de Galicia donde las precipitaciones podr\u00e1n ser muy abundantes, y acumularse cantidades (desde hoy hasta el s\u00e1bado) de m\u00e1s de <b>150 mm<\/b>, e incluso vemos alg\u00fan valor de hasta \u00a1<b>194 mm<\/b>! \u00a1Una pasada!<\/span><\/div>\n<div style=\"clear: both;text-align: center\"><a href=\"http:\/\/3.bp.blogspot.com\/-yjr_9aVOOdc\/UMo679DaTuI\/AAAAAAAAEc0\/g_Fprdc3IGo\/s1600\/12121600_2_1312.gif\" rel=\"external nofollow\"><img loading=\"lazy\" border=\"0\" height=\"468\" src=\"\/\/3.bp.blogspot.com\/-yjr_9aVOOdc\/UMo679DaTuI\/AAAAAAAAEc0\/g_Fprdc3IGo\/s640\/12121600_2_1312.gif\" width=\"640\" \/><\/a><\/div>\n<div style=\"text-align: center\"><span style=\"font-family: Helvetica Neue, Arial, Helvetica, sans-serif\"><b>Acumulaciones de lluvia esperadas por el modelo GFS desde hoy hasta el s\u00e1bado.<\/b><\/span><\/div>\n<div style=\"text-align: center\"><span style=\"font-family: Helvetica Neue, Arial, Helvetica, sans-serif\"><b><br \/><\/b><\/span><\/div>\n<div style=\"text-align: left\"><span style=\"font-family: Helvetica Neue, Arial, Helvetica, sans-serif\">Habr\u00e1 que prestarle much\u00edsima atenci\u00f3n a este nuevo temporal, no s\u00f3lo por el viento, sino porque las precipitaciones podr\u00e1n ser muy abundantes.<\/span><\/div>\n<div style=\"text-align: left\"><\/div>\n<div style=\"text-align: center\"><span style=\"font-family: Helvetica Neue, Arial, Helvetica, sans-serif\"><b>Recuerda que puedes seguir la informaci\u00f3n meteorol\u00f3gica en Badajoz y el resto de la regi\u00f3n en las actualizaciones que hago A DIARIO en mi cuenta de Twitter: <a href=\"https:\/\/twitter.com\/MeteoBadajoz\" target=\"_blank\" rel=\"external nofollow\"><span style=\"color: red\">@MeteoBadajoz<\/span><\/a>.<\/b><\/span><\/div>\n<!-- AddThis Advanced Settings generic via filter on the_content --><!-- AddThis Share Buttons generic via filter on the_content -->","protected":false},"excerpt":{"rendered":"<p>Imagen infrarroja de sat\u00e9lite Meteosat-9, a las 18h UTC de la tarde del jueves 13 de diciembre 2012. Despu\u00e9s de varios d\u00edas en los que (en general) ha\u00a0predominado\u00a0la estabilidad en gran parte de la pen\u00ednsula, estamos de nuevo muy pendientes de lo que se est\u00e1 organizado en el Atl\u00e1ntico. Una potente borrasca, desde el Atl\u00e1ntico [&hellip;]<!-- AddThis Advanced Settings generic via filter on get_the_excerpt --><!-- AddThis Share Buttons generic via filter on get_the_excerpt --><\/p>\n","protected":false},"author":3,"featured_media":0,"comment_status":"open","ping_status":"closed","sticky":false,"template":"","format":"standard","meta":[],"categories":[3],"tags":[],"_links":{"self":[{"href":"https:\/\/blogs.hoy.es\/meteobadajoz\/wp-json\/wp\/v2\/posts\/18"}],"collection":[{"href":"https:\/\/blogs.hoy.es\/meteobadajoz\/wp-json\/wp\/v2\/posts"}],"about":[{"href":"https:\/\/blogs.hoy.es\/meteobadajoz\/wp-json\/wp\/v2\/types\/post"}],"author":[{"embeddable":true,"href":"https:\/\/blogs.hoy.es\/meteobadajoz\/wp-json\/wp\/v2\/users\/3"}],"replies":[{"embeddable":true,"href":"https:\/\/blogs.hoy.es\/meteobadajoz\/wp-json\/wp\/v2\/comments?post=18"}],"version-history":[{"count":0,"href":"https:\/\/blogs.hoy.es\/meteobadajoz\/wp-json\/wp\/v2\/posts\/18\/revisions"}],"wp:attachment":[{"href":"https:\/\/blogs.hoy.es\/meteobadajoz\/wp-json\/wp\/v2\/media?parent=18"}],"wp:term":[{"taxonomy":"category","embeddable":true,"href":"https:\/\/blogs.hoy.es\/meteobadajoz\/wp-json\/wp\/v2\/categories?post=18"},{"taxonomy":"post_tag","embeddable":true,"href":"https:\/\/blogs.hoy.es\/meteobadajoz\/wp-json\/wp\/v2\/tags?post=18"}],"curies":[{"name":"wp","href":"https:\/\/api.w.org\/{rel}","templated":true}]}}