{"id":180,"date":"2013-02-27T08:30:59","date_gmt":"2013-02-27T08:30:59","guid":{"rendered":"http:\/\/blogs.hoy.es\/meteobadajoz\/?p=180"},"modified":"2013-02-27T08:30:59","modified_gmt":"2013-02-27T08:30:59","slug":"posibles-nevadas-en-extremadura-en-cotas-mediasbajas","status":"publish","type":"post","link":"https:\/\/blogs.hoy.es\/meteobadajoz\/2013\/02\/27\/posibles-nevadas-en-extremadura-en-cotas-mediasbajas\/","title":{"rendered":"Posibles nevadas en Extremadura en cotas medias\/bajas"},"content":{"rendered":"<p style=\"text-align: center;\"><a href=\"https:\/\/blogs.hoy.es\/meteobadajoz\/2013\/02\/27\/posibles-nevadas-en-extremadura-en-cotas-mediasbajas\/bbttynmcyaeztzr-2\/\" rel=\"attachment wp-att-183\"><img loading=\"lazy\" class=\"aligncenter  wp-image-183\" title=\"Nevada en Los Santos de Maimona (Badajoz)\" src=\"\/meteobadajoz\/wp-content\/uploads\/sites\/68\/2013\/02\/BBTTynmCYAEZTZr.png\" alt=\"\" width=\"645\" height=\"484\" srcset=\"https:\/\/static-blogs.hoy.es\/wp-content\/uploads\/sites\/68\/2013\/02\/BBTTynmCYAEZTZr.png 1024w, https:\/\/static-blogs.hoy.es\/wp-content\/uploads\/sites\/68\/2013\/02\/BBTTynmCYAEZTZr-300x225.png 300w, https:\/\/static-blogs.hoy.es\/wp-content\/uploads\/sites\/68\/2013\/02\/BBTTynmCYAEZTZr-768x576.png 768w\" sizes=\"(max-width: 645px) 100vw, 645px\" \/><\/a><\/p>\n<p style=\"text-align: center;\">Nevada en Los Santos de Maimona (Badajoz), el pasado 22 de enero de 2013. Foto por Samuel Lavado P\u00e9rez.<\/p>\n<p><span style=\"font-size: medium;\">Apenas quedan unas horas para que podamos ver caer algunas nevadas en puntos del norte, centro, sur y sureste de Extremadura, e interior y este de la Pen\u00ednsula. Parece que, finalmente, se re\u00fanen algunas de las principales\u00a0condiciones\u00a0necesarias para ver nevar en zonas del interior peninsular y, adem\u00e1s, en cotas relativamente bajas. Ma\u00f1ana jueves podr\u00eda nevar <strong style=\"font-size: medium;\">en zonas donde es muy poco com\u00fan que se d\u00e9 este tipo de precipitaci\u00f3n<\/strong>. Nevadas d\u00e9biles en general, pero que ser\u00e1n suficientes para que muchos estemos pendientes de cualquier precipitaci\u00f3n que pueda aparecer ma\u00f1ana por nuestra regi\u00f3n, ya que \u00e9stas ser\u00e1n (o podr\u00edan serlo) en forma de nieve a partir de tan s\u00f3lo <strong style=\"font-size: medium;\">400-500 metros de altitud<\/strong>. Eso significa que todo aquel municipio que se encuentre por encima de \u00e9sta cota (con bastante probabilidad y siempre que se produzcan precipitaciones) podr\u00eda ver alguna nevada durante esta pr\u00f3xima madrugada del mi\u00e9rcoles-jueves, y a primeras horas de la jornada de ma\u00f1ana jueves. Vamos a tratar de explicar el tiempo tan complicado que nos espera en estas inmediatas horas, y digo complicado, porque saber d\u00f3nde pueden registrarse estas nevadas es muy\u00a0dif\u00edcil\u00a0de predecir.<\/span><\/p>\n<p><span style=\"text-decoration: underline; font-size: medium; color: #000000;\"><strong>Las causas\u00a0<\/strong><\/span><\/p>\n<p style=\"text-align: center;\"><a href=\"https:\/\/blogs.hoy.es\/meteobadajoz\/2013\/02\/27\/posibles-nevadas-en-extremadura-en-cotas-mediasbajas\/evolucion-de-la-temperatura-a-500-hpa-5-500-metros-de-altura-modelo-hirlam-aemet\/\" rel=\"attachment wp-att-189\"><img loading=\"lazy\" class=\"aligncenter  wp-image-189\" title=\"Evoluci\u00f3n de la T\u00ba a 500 hPa (5.500 metros de altura)  - Modelo Hirlam, AEMET\" src=\"\/meteobadajoz\/wp-content\/uploads\/sites\/68\/2013\/02\/Evoluci\u00f3n-de-la-temperatura-a-500-hPa-5.500-metros-de-altura-Modelo-Hirlam-AEMET.gif\" alt=\"\" width=\"630\" height=\"370\" \/><\/a><\/p>\n<p><span style=\"font-size: medium;\">Durante estas pr\u00f3ximas horas, la bolsa de aire fr\u00edo que ha estado rondando el norte de la Pen\u00ednsula en los \u00faltimos d\u00edas, se adentrar\u00e1 hacia el interior peninsular acompa\u00f1ada de nubosidad y algunas precipitaciones, aunque, por lo general, ser\u00e1n d\u00e9biles, <strong>excepto por el sur de la provincia de Badajoz<\/strong> (sierra Suroeste, Tentud\u00eda, etc..) <strong>por donde podr\u00edan ser algo m\u00e1s significativas<\/strong>. \u00c9sta bolsa de aire fr\u00edo se pasear\u00e1 sobre el oeste y suroeste de la Pen\u00ednsula (sobre Extremadura) con temperaturas muy bajas en todos los niveles de la Troposfera.<!--more--><\/span><\/p>\n<p><span style=\"font-size: medium;\">Para que os hag\u00e1is una idea, la temperatura que encontraremos en &#8220;<em>niveles medios<\/em>&#8221; (a unos 5.500 metros de altura) ser\u00e1 inferior a <span style=\"font-size: large;\"><strong>\u00a1<span style=\"color: #0000ff;\">-30\u00b0C<\/span>!<\/strong><\/span>. Quiz\u00e1s a muchos ese dato no os dice nada, pero es especialmente importante, sobre todo si estamos hablando de que podr\u00edan producirse algunas precipitaciones bajo estas condiciones de intenso fr\u00edo.<\/span><\/p>\n<p><span style=\"font-size: medium;\">De esta forma, a lo largo de esta tarde\/noche, esa burbuja de aire fr\u00edo sobrevolar\u00e1 todo el oeste de la Pen\u00ednsula, pasando por Extremadura (adem\u00e1s del centro de Portugal, Castilla Y Le\u00f3n, as\u00ed como el oeste de Castilla La Mancha) y durante la ma\u00f1ana del jueves acabar\u00e1 situ\u00e1ndose al suroeste de la Pen\u00ednsula, para volver r\u00e1pidamente a lo largo del d\u00eda hacia el Mediterr\u00e1neo.<\/span><\/p>\n<p><strong><span style=\"text-decoration: underline;\"><span style=\"font-size: large;\">Evoluci\u00f3n de las precipitaciones:<\/span><\/span><\/strong><\/p>\n<p><a href=\"https:\/\/blogs.hoy.es\/meteobadajoz\/2013\/02\/27\/posibles-nevadas-en-extremadura-en-cotas-mediasbajas\/evolucion-de-las-precipitaciones-ecmwf\/\" rel=\"attachment wp-att-191\"><img loading=\"lazy\" class=\"aligncenter size-full wp-image-191\" title=\"Evoluci\u00f3n de las precipitaciones - ECMWF\" src=\"\/meteobadajoz\/wp-content\/uploads\/sites\/68\/2013\/02\/Evoluci\u00f3n-de-las-precipitaciones-ECMWF.gif\" alt=\"\" width=\"655\" height=\"480\" \/><\/a><\/p>\n<p><span style=\"text-decoration: underline; font-size: large;\"><strong>Evoluci\u00f3n de las acumulaciones de nieve:<\/strong><\/span><\/p>\n<p style=\"text-align: left;\"><a href=\"https:\/\/blogs.hoy.es\/meteobadajoz\/2013\/02\/27\/posibles-nevadas-en-extremadura-en-cotas-mediasbajas\/evolucion-de-las-acumulaciones-de-nieve-ecmwf\/\" rel=\"attachment wp-att-192\"><img loading=\"lazy\" class=\"aligncenter size-full wp-image-192\" title=\"Evoluci\u00f3n de las acumulaciones de nieve - ECMWF\" src=\"\/meteobadajoz\/wp-content\/uploads\/sites\/68\/2013\/02\/Evoluci\u00f3n-de-las-acumulaciones-de-nieve-ECMWF.gif\" alt=\"\" width=\"655\" height=\"480\" \/><\/a><span style=\"font-size: medium;\">En los mapas superiores vemos la evoluci\u00f3n de las precipitaciones de la mano de esa masa de aire fr\u00edo que descender\u00e1 por el centro-oeste de la Pen\u00ednsula, con rotaci\u00f3n, y a la vez que desciende por el oeste y gira de nuevo al este, camino del Mediterr\u00e1neo. Esa mezcla del cambio de direcci\u00f3n, m\u00e1s la rotaci\u00f3n de las precipitaciones, provoca un efecto en el sur de Badajoz en el que las precipitaciones se quedan casi\u00a0estancadas durante algunas horas, podr\u00eda ser eso lo que est\u00e1 llevando a los modelos a mostrar m\u00e1s acumulaciones de nieve por toda la zona.<\/span><\/p>\n<p><span style=\"text-decoration: underline; font-size: medium; color: #000000;\"><strong>Un apunte importante:<\/strong><\/span><\/p>\n<p><span style=\"font-size: medium;\">Siempre que hablamos de <strong>posibles nevadas<\/strong>, (y a\u00fan m\u00e1s si nos referimos a zonas poco acostumbradas a la nieve) la gente tiende a decir: &#8220;<em>Anda! Que va a nevar!<\/em>&#8221; Pero eso no es as\u00ed, los modelos y los que intentamos comunicar estos cambios de tiempo, <strong>no aseguramos las nevadas<\/strong>. La nieve es dif\u00edcil de ver porque requiere condiciones muy particulares, que se dan muy poco por el centro de la Pen\u00ednsula y mucho menos por el sur.<\/span><\/p>\n<p><span style=\"font-size: medium;\">As\u00ed que va a ser toda una suerte que veamos nevar por Extremadura en cotas bajas, pero la posibilidad est\u00e1 ah\u00ed. Adem\u00e1s tenemos que contar con todo el aire fr\u00edo que nos ha estado afectando estos \u00faltimos d\u00edas. Ese aire fr\u00edo se acumula y favorece que se puedan dar precipitaciones en forma s\u00f3lida. <strong>Los modelos insisten<\/strong> en que durante esta noche (madrugada del mi\u00e9rcoles &#8211; jueves) tendremos algunas precipitaciones d\u00e9biles recorriendo la regi\u00f3n de noroeste a sureste. Ma\u00f1ana a primeras horas del d\u00eda estas precipitaciones podr\u00edan cobrar algo de importancia hacia el sur de Badajoz.<\/span><\/p>\n<p><span style=\"font-size: medium;\">A\u00fan as\u00ed, estaremos pendientes de posibles sorpresas que se puedan ver fuera de las zonas de sierra, ya que pueden producirse los famosos &#8220;<em>desplomes<\/em>&#8220;, que no es m\u00e1s que el descenso brusco de aire fr\u00edo durante el paso de chubascos, que puede provocar una ca\u00edda puntual de la cota de nieve en la zona en la que ocurra, (muy brevemente explicado).<\/span><\/p>\n<p style=\"text-align: center;\"><span style=\"text-decoration: underline; font-size: medium; color: #000000;\"><strong>\u00a0 PREDICCI\u00d3N PARA EXTREMADURA \u00a0<\/strong><\/span><\/p>\n<p><span style=\"font-size: medium;\">Como hemos visto anteriormente, durante esta pr\u00f3xima tarde y la noche, las nubes y las precipitaciones empezar\u00e1n a afectar a todo el norte y oeste de la regi\u00f3n con car\u00e1cter d\u00e9bil. Todo ello con temperaturas fr\u00edas y una cota de nieve de unos 500-600 metros. A lo largo de la madrugada esas precipitaciones se extender\u00e1n a casi todas las comarcas extreme\u00f1as, pero lo m\u00e1s destacable lo encontraremos por el oeste y suroeste de la provincia de Badajoz. No es que vayan a ser precipitaciones intensas, sino que (seg\u00fan los modelos) las precipitaciones estar\u00e1n presentes durante algunas horas, y ser\u00edan de nieve en las sierras del sur de Badajoz.<\/span><\/p>\n<p><span style=\"color: #000000;\"><span style=\"font-size: medium;\"><strong>-Por la ma\u00f1ana:<\/strong><\/span><span style=\"text-align: center;\">\u00a0<\/span><\/span><\/p>\n<p style=\"text-align: center;\"><a href=\"https:\/\/blogs.hoy.es\/meteobadajoz\/2013\/02\/27\/posibles-nevadas-en-extremadura-en-cotas-mediasbajas\/prediccion-jueves-28-febrero-por-la-manana\/\" rel=\"attachment wp-att-184\"><img loading=\"lazy\" class=\"aligncenter  wp-image-184\" title=\"Predicci\u00f3n Jueves 28 febrero, por la ma\u00f1ana\" src=\"\/meteobadajoz\/wp-content\/uploads\/sites\/68\/2013\/02\/Predicci\u00f3n-Jueves-28-febrero-por-la-ma\u00f1ana.png\" alt=\"\" width=\"637\" height=\"498\" srcset=\"https:\/\/static-blogs.hoy.es\/wp-content\/uploads\/sites\/68\/2013\/02\/Predicci\u00f3n-Jueves-28-febrero-por-la-ma\u00f1ana.png 787w, https:\/\/static-blogs.hoy.es\/wp-content\/uploads\/sites\/68\/2013\/02\/Predicci\u00f3n-Jueves-28-febrero-por-la-ma\u00f1ana-300x234.png 300w, https:\/\/static-blogs.hoy.es\/wp-content\/uploads\/sites\/68\/2013\/02\/Predicci\u00f3n-Jueves-28-febrero-por-la-ma\u00f1ana-768x599.png 768w\" sizes=\"(max-width: 637px) 100vw, 637px\" \/><\/a><\/p>\n<p><span style=\"font-size: medium;\">Las primeras horas de la ma\u00f1ana arrancar\u00e1n con precipitaciones algo m\u00e1s repartidas que durante la madrugada. Las lluvias y\/o nevadas d\u00e9biles abarcar\u00e1n parte del oeste, de forma puntual por el centro, y todo el sur de Extremadura. Ser\u00e1 por la ma\u00f1ana temprano cuando la cota de nieve estar\u00e1 m\u00e1s baja, rondando los 400 metros en el norte (300 metros en la cara norte, pero con menos precipitaciones), 400-500 metros por el centro de la regi\u00f3n, con pocas precipitaciones, y rondando los 400-600 metros en el sur, variando a lo largo de la ma\u00f1ana. Casi todo lo que caiga por encima de esa cota ser\u00eda en forma de nieve (en principio). <\/span><\/p>\n<p><span style=\"font-size: medium;\"><span>La cota de nieve depende de la temperatura y de la humedad ambiental (entre otros par\u00e1metros), y normalmente la nieve cuaja unos 100 \u00f3 200 metros por encima de la cota. As\u00ed que <\/span><strong style=\"font-size: medium;\">la nieve podr\u00e1 cuajar a partir de unos 600-700 metros<\/strong><span>, pero a partir de las cotas anteriormente\u00a0mencionadas, tambi\u00e9n se producir\u00e1n nevadas, solo que les costar\u00e1 m\u00e1s cuajar.<\/span><\/span><\/p>\n<p><span style=\"font-size: medium;\">Dic<\/span><span style=\"font-size: medium;\">ho esto, podr\u00e1 nevar de forma d\u00e9bil en las sierras del norte de C\u00e1ceres, y de forma puntual en las sierras del sector central de Extremadura,\u00a0(por aqu\u00ed en forma de aguanieve).\u00a0En el resto, en las zonas que queden por de bajo de los 400-500 metros, las precipitaciones ser\u00e1n en forma l\u00edquida, lluvias. Aunque no se descarta alg\u00fan chubasco aislado de aguanieve, nieve granulada (parecido al granizo) o granizo blando, que son otras formas de precipitaci\u00f3n muy cercanas a la nieve, pero <strong>NO es nieve<\/strong>. Muchas veces la descarga de granizo en jornadas de posibles nevadas suele ser confundido con nieve. Tambi\u00e9n la ocurrencia de granizadas en estas situaciones precede a las nevadas.<\/span><\/p>\n<p><span style=\"color: #000000;\"><span style=\"font-size: medium;\"><strong>-Por la tarde:<\/strong><\/span><span style=\"text-align: center;\">\u00a0<\/span><\/span><\/p>\n<p style=\"text-align: center;\"><a href=\"https:\/\/blogs.hoy.es\/meteobadajoz\/2013\/02\/27\/posibles-nevadas-en-extremadura-en-cotas-mediasbajas\/prediccion-jueves-28-febrero-por-la-tarde\/\" rel=\"attachment wp-att-185\"><img loading=\"lazy\" class=\"aligncenter  wp-image-185\" title=\"Predicci\u00f3n Jueves 28 febrero, por la tarde\" src=\"\/meteobadajoz\/wp-content\/uploads\/sites\/68\/2013\/02\/Predicci\u00f3n-Jueves-28-febrero-por-la-tarde.png\" alt=\"\" width=\"637\" height=\"498\" srcset=\"https:\/\/static-blogs.hoy.es\/wp-content\/uploads\/sites\/68\/2013\/02\/Predicci\u00f3n-Jueves-28-febrero-por-la-tarde.png 787w, https:\/\/static-blogs.hoy.es\/wp-content\/uploads\/sites\/68\/2013\/02\/Predicci\u00f3n-Jueves-28-febrero-por-la-tarde-300x234.png 300w, https:\/\/static-blogs.hoy.es\/wp-content\/uploads\/sites\/68\/2013\/02\/Predicci\u00f3n-Jueves-28-febrero-por-la-tarde-768x599.png 768w\" sizes=\"(max-width: 637px) 100vw, 637px\" \/><\/a><\/p>\n<p><span style=\"font-size: medium;\">Durante la tarde del jueves, el tiempo tiende a mejorar. A lo largo del d\u00eda la masa de aire fr\u00edo se ir\u00e1 desplazando hacia el Mediterr\u00e1neo, y\u00a0tambi\u00e9n\u00a0las precipitaciones. Por la tarde todav\u00eda las encontraremos por el este y sureste de la regi\u00f3n, aunque no desaparecer\u00e1n por completo. Estas precipitaciones a\u00fan ser\u00e1n de nieve o aguanieve por las sierras del sur y sureste de la provincia pacense y en puntos de Las Villuercas y en Gredos. En el resto ambiente cada vez m\u00e1s tranquilo, ya sin precipitaciones, pero <\/span><span style=\"font-size: medium;\">todav\u00eda con mucha nubosidad. Tendiendo a abrirse algunos claros por el oeste de Extremadura al final de la jornada.<\/span><\/p>\n<p><span style=\"font-size: medium;\">Las temperaturas m\u00e1ximas, debido a la entrada del aire fr\u00edo y a la nubosidad, ser\u00e1n 1 \u00f3 2\u00baC m\u00e1s bajas que las que registremos el mi\u00e9rcoles, as\u00ed que ya no alcanzaremos los 14-15\u00baC de estos \u00faltimos d\u00edas en las Vegas del Guadiana, sino que apenas superar\u00e1n los 10-12\u00baC. En el resto de la regi\u00f3n, temperaturas todav\u00eda m\u00e1s bajas, entre los 5 y 10\u00baC, ambiente muy fr\u00edo.<\/span><\/p>\n<p><span style=\"text-decoration: underline; font-size: medium; color: #000000;\"><strong>-Avisos AEMET\u00a0<\/strong><\/span><\/p>\n<p><a href=\"https:\/\/blogs.hoy.es\/meteobadajoz\/2013\/02\/27\/posibles-nevadas-en-extremadura-en-cotas-mediasbajas\/nieve-jueves\/\" rel=\"attachment wp-att-186\"><img loading=\"lazy\" class=\"aligncenter size-full wp-image-186\" title=\"Nieve-Jueves\" src=\"\/meteobadajoz\/wp-content\/uploads\/sites\/68\/2013\/02\/Nieve-Jueves.png\" alt=\"\" width=\"500\" height=\"334\" srcset=\"https:\/\/static-blogs.hoy.es\/wp-content\/uploads\/sites\/68\/2013\/02\/Nieve-Jueves.png 500w, https:\/\/static-blogs.hoy.es\/wp-content\/uploads\/sites\/68\/2013\/02\/Nieve-Jueves-300x200.png 300w\" sizes=\"(max-width: 500px) 100vw, 500px\" \/><\/a><\/p>\n<p><span style=\"font-size: medium; color: #000000;\"><strong>Desplegamos las caracter\u00edsticas de los avisos de cada zona por provincias:<\/strong><\/span><\/p>\n<p><span style=\"text-decoration: underline; font-size: medium; color: #000000;\"><strong>-Provincia de C\u00e1ceres:<\/strong><\/span><\/p>\n<p style=\"text-align: center;\"><a href=\"https:\/\/blogs.hoy.es\/meteobadajoz\/2013\/02\/27\/posibles-nevadas-en-extremadura-en-cotas-mediasbajas\/cacc\/\" rel=\"attachment wp-att-187\"><img loading=\"lazy\" class=\"aligncenter  wp-image-187\" title=\"Caracter\u00edsticas avisos provincia de C\u00e1ceres\" src=\"\/meteobadajoz\/wp-content\/uploads\/sites\/68\/2013\/02\/Cacc.png\" alt=\"\" width=\"606\" height=\"563\" srcset=\"https:\/\/static-blogs.hoy.es\/wp-content\/uploads\/sites\/68\/2013\/02\/Cacc.png 673w, https:\/\/static-blogs.hoy.es\/wp-content\/uploads\/sites\/68\/2013\/02\/Cacc-300x279.png 300w\" sizes=\"(max-width: 606px) 100vw, 606px\" \/><\/a><\/p>\n<p style=\"text-align: left;\"><span style=\"text-decoration: underline; font-size: medium; color: #000000;\"><strong>-Provincia de Badajoz:<\/strong><\/span><\/p>\n<p style=\"text-align: center;\"><a href=\"https:\/\/blogs.hoy.es\/meteobadajoz\/2013\/02\/27\/posibles-nevadas-en-extremadura-en-cotas-mediasbajas\/caba\/\" rel=\"attachment wp-att-188\"><img loading=\"lazy\" class=\"aligncenter  wp-image-188\" title=\"Caracter\u00edsticas avisos provincia de Badajoz\" src=\"\/meteobadajoz\/wp-content\/uploads\/sites\/68\/2013\/02\/Caba.png\" alt=\"\" width=\"577\" height=\"244\" srcset=\"https:\/\/static-blogs.hoy.es\/wp-content\/uploads\/sites\/68\/2013\/02\/Caba.png 641w, https:\/\/static-blogs.hoy.es\/wp-content\/uploads\/sites\/68\/2013\/02\/Caba-300x127.png 300w\" sizes=\"(max-width: 577px) 100vw, 577px\" \/><\/a><\/p>\n<p><span style=\"font-size: medium;\"><strong>< <NOTA: pod\u00e9is seguir la evoluci\u00f3n de los avisos de AEMET en su\u00a0<a title=\"p\u00e1gina web\" href=\"http:\/\/www.aemet.es\/es\/eltiempo\/prediccion\/avisos?w=hoy&#038;k=ext\" target=\"_blank\">p\u00e1gina\u00a0web>><\/strong><\/span><\/p>\n<p><span style=\"font-size: medium;\">En definitiva, la jornada del jueves podr\u00e1 dejarnos algunas nevadas en la regi\u00f3n, sobre todo por zonas del sur de Extremadura en cotas medias\/bajas. P<strong>uede que caigan nevadas con cierta abundancia por el sur y suroeste de la provincia de Badajoz<\/strong>, as\u00ed que ojo por esa zona. En el resto precipitaciones bastante m\u00e1s d\u00e9biles, y en forma de nieve a partir de unos 400-500 metros, cuajando a partir de 600-700 metros.<\/span><\/p>\n<p style=\"text-align: left;\"><strong><span style=\"color: #000000;\"><span style=\"font-size: medium;\">Si ten\u00e9is la suerte de ver nevar en alg\u00fan pueblo de la regi\u00f3n, y adem\u00e1s lo fotografi\u00e1is, os animo a enviar las fotos a esta direcci\u00f3n de correo: <em>meteobadajoz@gmail.com. \u00a1A<\/em>qu\u00ed en el blog mostraremos las fotos de esas nevadas!<\/span><\/span><\/strong><\/p>\n<p style=\"text-align: center;\"><span style=\"font-size: medium;\">Como siempre, seguiremos esta particular situaci\u00f3n a trav\u00e9s de mi cuenta de Twitter <span style=\"color: #ff0000;\"><strong><span style=\"color: #ff0000;\"><a title=\"@MeteoBadajoz\" href=\"https:\/\/twitter.com\/MeteoBadajoz\" target=\"_blank\" rel=\"external nofollow\">@MeteoBadajoz<\/a><\/span><\/strong><\/span>, lugar en el que iremos comentando la evoluci\u00f3n de la jornada en nuestra regi\u00f3n, y si\u00a0finalmente\u00a0se producen o no esas nevadas.<\/span><\/p>\n<p style=\"text-align: center;\"><span style=\"color: #000000; font-size: medium;\"><strong>\u00a1Esperemos que s\u00ed! La cosa promete&#8230;<\/strong><\/span><\/p>\n<p style=\"text-align: left;\">Un saludo ;)<\/p>\n<!-- AddThis Advanced Settings generic via filter on the_content --><!-- AddThis Share Buttons generic via filter on the_content -->","protected":false},"excerpt":{"rendered":"<p>Nevada en Los Santos de Maimona (Badajoz), el pasado 22 de enero de 2013. Foto por Samuel Lavado P\u00e9rez. Apenas quedan unas horas para que podamos ver caer algunas nevadas en puntos del norte, centro, sur y sureste de Extremadura, e interior y este de la Pen\u00ednsula. Parece que, finalmente, se re\u00fanen algunas de las [&hellip;]<!-- AddThis Advanced Settings generic via filter on get_the_excerpt --><!-- AddThis Share Buttons generic via filter on get_the_excerpt --><\/p>\n","protected":false},"author":75,"featured_media":0,"comment_status":"open","ping_status":"closed","sticky":false,"template":"","format":"standard","meta":[],"categories":[5],"tags":[12,28,83,106],"_links":{"self":[{"href":"https:\/\/blogs.hoy.es\/meteobadajoz\/wp-json\/wp\/v2\/posts\/180"}],"collection":[{"href":"https:\/\/blogs.hoy.es\/meteobadajoz\/wp-json\/wp\/v2\/posts"}],"about":[{"href":"https:\/\/blogs.hoy.es\/meteobadajoz\/wp-json\/wp\/v2\/types\/post"}],"author":[{"embeddable":true,"href":"https:\/\/blogs.hoy.es\/meteobadajoz\/wp-json\/wp\/v2\/users\/75"}],"replies":[{"embeddable":true,"href":"https:\/\/blogs.hoy.es\/meteobadajoz\/wp-json\/wp\/v2\/comments?post=180"}],"version-history":[{"count":0,"href":"https:\/\/blogs.hoy.es\/meteobadajoz\/wp-json\/wp\/v2\/posts\/180\/revisions"}],"wp:attachment":[{"href":"https:\/\/blogs.hoy.es\/meteobadajoz\/wp-json\/wp\/v2\/media?parent=180"}],"wp:term":[{"taxonomy":"category","embeddable":true,"href":"https:\/\/blogs.hoy.es\/meteobadajoz\/wp-json\/wp\/v2\/categories?post=180"},{"taxonomy":"post_tag","embeddable":true,"href":"https:\/\/blogs.hoy.es\/meteobadajoz\/wp-json\/wp\/v2\/tags?post=180"}],"curies":[{"name":"wp","href":"https:\/\/api.w.org\/{rel}","templated":true}]}}