{"id":194,"date":"2013-03-01T20:10:04","date_gmt":"2013-03-01T19:10:04","guid":{"rendered":"http:\/\/blogs.hoy.es\/meteobadajoz\/?p=194"},"modified":"2013-03-01T20:10:04","modified_gmt":"2013-03-01T19:10:04","slug":"prediccion-primer-fin-de-semana-de-marzo-2013","status":"publish","type":"post","link":"https:\/\/blogs.hoy.es\/meteobadajoz\/2013\/03\/01\/prediccion-primer-fin-de-semana-de-marzo-2013\/","title":{"rendered":"El s\u00e1bado, algunas nubes y ascenso t\u00e9rmico, y a partir del domingo, vuelven las lluvias"},"content":{"rendered":"<p style=\"text-align: center;\"><img loading=\"lazy\" class=\"aligncenter\" title=\"Nevadas en Extremadura a trav\u00e9s del sat\u00e9lite TERRA de la NASA\" src=\"\/\/nsae01.casimages.net\/img\/2013\/03\/01\/130301055114356303.png\" alt=\"\" width=\"616\" height=\"445\" \/><\/p>\n<p style=\"text-align: left;\"><span style=\"font-size: medium;\"><span style=\"text-align: left;\">Se cumplieron las predicciones durante la pasada jornada del jueves, cuando estaban previstas algunas nevadas en cotas medias y bajas de la regi\u00f3n. <\/span><\/span><\/p>\n<p style=\"text-align: left;\"><span style=\"font-size: medium;\"><a href=\"http:\/\/www.hoy.es\/multimedia\/fotos\/ultimos\/115976-nieve-deja-bonitas-estampas-extremadura-0.html\" target=\"_blank\" rel=\"external nofollow\"><span style=\"text-align: left;\">Acab\u00f3 nevando a\u00a0partir<\/span><\/a><span style=\"text-align: left;\"><a href=\"http:\/\/www.hoy.es\/multimedia\/fotos\/ultimos\/115976-nieve-deja-bonitas-estampas-extremadura-0.html\" target=\"_blank\" rel=\"external nofollow\">\u00a0de los 400 metros, aunque se llegaron a ver algunos copos a tan s\u00f3lo 350 metros de altitud<\/a>, e incluso algunos llegaron a ver algo de aguanieve en las Vegas del Guadiana&#8230; en fin, una jornada con tiempo excepcional en nuestra regi\u00f3n que, tal y como nos indicaban los modelos, se llegaron a registrar muchas nevadas por las<strong> sierras del sur de la provincia de Badajoz<\/strong>, hacia la Tierra de Barros, as\u00ed como en las <strong>sierras centrales de Extremadura y tambi\u00e9n por el norte<\/strong>. <\/span><\/span><\/p>\n<p style=\"text-align: left;\"><span style=\"font-size: medium;\"><span style=\"text-align: left;\">Despu\u00e9s del paso de la borrasca y de la masa de aire fr\u00edo que la acompa\u00f1aba, los cielos extreme\u00f1os se han ido limpiando de nubosidad, y eso nos ha permitido observar la nieve ca\u00edda en las \u00faltimas horas en zonas del sureste de Badajoz. La imagen que encabeza este art\u00edculo pertenece al sat\u00e9lite <a href=\"http:\/\/www.nasa.gov\/mission_pages\/terra\/index.html\" target=\"_blank\" rel=\"external nofollow\"><strong>TERRA<\/strong><\/a> de la NASA que, como cada d\u00eda al pasar sobre la Pen\u00ednsula, captaba esta espectacular imagen en alta definici\u00f3n, en la que vemos toda esa nieve en el sureste de la regi\u00f3n.\u00a0<\/span><\/span><\/p>\n<p style=\"text-align: left;\"><span style=\"font-size: medium;\">Destaca, no s\u00f3lo la extensi\u00f3n de la nevada, sino tambi\u00e9n la abundancia de nieve por toda la zona. Tambi\u00e9n vemos nieve en <strong>Las Villuercas<\/strong> y, en mayor medida, en la <strong>Sierra de Gredos, Sierra de Candelario, Sierra de B\u00e9jar<\/strong>, y en <strong>algunas zonas puntuales de la Sierra de Gata<\/strong>.<!--more--><\/span><\/p>\n<p style=\"text-align: left;\"><span style=\"font-size: medium;\">En la siguiente\u00a0imagen\u00a0del mismo sat\u00e9lite (con otro modo de imagen), distinguimos mucho mejor esa nieve en colores anaranjados\/rojizos:<\/span><\/p>\n<p style=\"text-align: center;\"><img loading=\"lazy\" class=\"aligncenter\" title=\"Nevadas en Extremadura a trav\u00e9s del sat\u00e9lite TERRA de la NASA\" src=\"\/\/nsae01.casimages.net\/img\/2013\/03\/01\/13030106151054060.png\" alt=\"\" width=\"616\" height=\"445\" \/><\/p>\n<p style=\"text-align: center;\"><span style=\"text-decoration: underline; font-size: large;\"><strong>\u00a0 PREDICCI\u00d3N \u00a0<\/strong><\/span><\/p>\n<p style=\"text-align: left;\"><span style=\"font-size: medium;\">Al margen de \u00e9sto, tras esta semana de ambiente muy fr\u00edo y estable (quitando el mi\u00e9rcoles y el jueves), <strong>parece que el tiempo volver\u00e1 a complicarse de cara al fin de semana, sobre todo el domingo<\/strong>. La borrasca y la masa de aire fr\u00edo de estos \u00faltimos d\u00edas se retiran definitivamente hacia el Mediterr\u00e1neo y, desde el suroeste, empezar\u00e1 a llegarnos abundante nubosidad durante el s\u00e1bado que ser\u00e1n el anuncio del acercamiento de un nuevo frente. <strong>A lo largo del domingo, este frente ir\u00e1 dejando algunas lluvias de\u00a0car\u00e1cter\u00a0d\u00e9bil y todo ello acompa\u00f1ado de temperaturas que tienden a subir<\/strong>.<\/span><\/p>\n<p style=\"text-align: left;\"><span style=\"font-size: medium;\"><strong>-S\u00e1bado:<\/strong><\/span><\/p>\n<p style=\"text-align: center;\"><a href=\"https:\/\/blogs.hoy.es\/meteobadajoz\/2013\/03\/01\/prediccion-primer-fin-de-semana-de-marzo-2013\/prediccion-para-el-sabado-2-de-marzo-2013\/\" rel=\"attachment wp-att-195\"><img loading=\"lazy\" class=\"aligncenter  wp-image-195\" title=\"Predicci\u00f3n para el s\u00e1bado 2 de Marzo 2013\" src=\"\/meteobadajoz\/wp-content\/uploads\/sites\/68\/2013\/03\/Predicci\u00f3n-para-el-s\u00e1bado-2-de-Marzo-2013.png\" alt=\"\" width=\"551\" height=\"430\" srcset=\"https:\/\/static-blogs.hoy.es\/wp-content\/uploads\/sites\/68\/2013\/03\/Predicci\u00f3n-para-el-s\u00e1bado-2-de-Marzo-2013.png 787w, https:\/\/static-blogs.hoy.es\/wp-content\/uploads\/sites\/68\/2013\/03\/Predicci\u00f3n-para-el-s\u00e1bado-2-de-Marzo-2013-300x234.png 300w, https:\/\/static-blogs.hoy.es\/wp-content\/uploads\/sites\/68\/2013\/03\/Predicci\u00f3n-para-el-s\u00e1bado-2-de-Marzo-2013-768x599.png 768w\" sizes=\"(max-width: 551px) 100vw, 551px\" \/><\/a><\/p>\n<p style=\"text-align: left;\"><span style=\"font-size: medium;\">La <strong>jornada del s\u00e1bado comenzar\u00e1 de nuevo con temperaturas fr\u00edas, con heladas en zonas de sierra y por encima de los 1-2\u00baC en el resto<\/strong>. Durante la ma\u00f1ana aumento de la nubosidad desde el suroeste, nubes medias y altas en general, que no dejar\u00e1n lluvias. Ser\u00e1n las t\u00edpicas nubes blanquecinas que velan los cielos y dejan pasar el sol. A\u00fan as\u00ed, a<strong> medida que avance el d\u00eda, las nubes ser\u00e1n cada vez m\u00e1s compactas por el sur de la regi\u00f3n<\/strong>. Toda esa nubosidad acabar\u00e1 llegando tambi\u00e9n al norte, pero de momento sin consecuencias. <strong>Las temperaturas m\u00e1ximas suben entre 1 y 2\u00baC, se alcanzar\u00e1n e\u00a0incluso\u00a0se superar\u00e1n los 15-16\u00baC<\/strong> en el mejor de los casos.<\/span><\/p>\n<p style=\"text-align: left;\"><span style=\"font-size: medium;\"><strong>-Domingo:<\/strong><\/span><\/p>\n<p style=\"text-align: center;\"><a href=\"https:\/\/blogs.hoy.es\/meteobadajoz\/2013\/03\/01\/prediccion-primer-fin-de-semana-de-marzo-2013\/prediccion-para-el-domingo-3-de-marzo-2013\/\" rel=\"attachment wp-att-196\"><img loading=\"lazy\" class=\"aligncenter  wp-image-196\" title=\"Predicci\u00f3n para el domingo 3 de Marzo 2013\" src=\"\/meteobadajoz\/wp-content\/uploads\/sites\/68\/2013\/03\/Predicci\u00f3n-para-el-domingo-3-de-Marzo-2013.png\" alt=\"\" width=\"551\" height=\"430\" srcset=\"https:\/\/static-blogs.hoy.es\/wp-content\/uploads\/sites\/68\/2013\/03\/Predicci\u00f3n-para-el-domingo-3-de-Marzo-2013.png 787w, https:\/\/static-blogs.hoy.es\/wp-content\/uploads\/sites\/68\/2013\/03\/Predicci\u00f3n-para-el-domingo-3-de-Marzo-2013-300x234.png 300w, https:\/\/static-blogs.hoy.es\/wp-content\/uploads\/sites\/68\/2013\/03\/Predicci\u00f3n-para-el-domingo-3-de-Marzo-2013-768x599.png 768w\" sizes=\"(max-width: 551px) 100vw, 551px\" \/><\/a><\/p>\n<p style=\"text-align: left;\"><span style=\"font-size: medium;\">A lo largo de la <strong>noche del s\u00e1bado al domingo, el frente empezar\u00e1 a repartir precipitaciones desde las comarcas del sur hacia el norte<\/strong>. Durante toda la jornada del domingo, el riesgo de precipitaciones en la regi\u00f3n ser\u00e1 elevado. No se esperan precipitaciones generales ni demasiado intensas, pero ser\u00e1 un d\u00eda gris, con mucha nubosidad y algunas lluvias d\u00e9biles. <\/span><\/p>\n<p style=\"text-align: left;\"><span style=\"font-size: medium;\">Ser\u00e1n de <strong>nieve en las sierras del extremo norte de Extremadura a partir de unos 1.300 metros<\/strong>. Las temperaturas seguir\u00e1n subiendo, este d\u00eda lo har\u00e1n especialmente las m\u00ednimas (+3 \u00f3 +4\u00baC), porque toda la nubosidad de la madrugada del s\u00e1bado-domingo evitar\u00e1 que se registren heladas, quedando \u00e9stas s\u00f3lo restringidas en zonas muy altas del norte de la regi\u00f3n.<\/span><\/p>\n<p style=\"text-align: left;\"><span style=\"font-size: medium;\"><span style=\"color: #ff0000;\"><strong><a title=\"Como ya vimos hace unos d\u00edas\" href=\"https:\/\/blogs.hoy.es\/meteobadajoz\/2013\/02\/24\/semana-con-tiempo-tranquilo-pero-con-novedades-a-medio-plazo\/\" target=\"_blank\"><span style=\"color: #ff0000;\">Como ya vimos hace unos d\u00edas<\/span><\/a><\/strong><\/span>, <strong style=\"font-size: medium;\">el comienzo del mes de marzo promet\u00eda ser bastante inestable<\/strong> con la llegada de m\u00e1s frentes y precipitaciones abundantes. Pues bien, <strong style=\"font-size: medium;\">los modelos confirman que la pr\u00f3xima semana<\/strong>, muy probablemente, <strong style=\"font-size: medium;\">nos dejar\u00e1 el paso de sucesivos frentes atl\u00e1nticos<\/strong> que aporten muchas precipitaciones a todo el oeste y sur peninsular. Borrascas acompa\u00f1adas de masas de aire de procedencia atl\u00e1ntica, m\u00e1s templadas y h\u00famedas que las que nos han estado\u00a0afectando\u00a0en los \u00faltimos d\u00edas. Repasamos algunos <em>meteogramas<\/em> previstos para diferentes ciudades de Extremadura, a modo de &#8220;aperitivo&#8221; para que ve\u00e1is lo que nos espera esta pr\u00f3xima semana:<\/span><\/p>\n<p style=\"text-align: center;\"><a href=\"https:\/\/blogs.hoy.es\/meteobadajoz\/2013\/03\/01\/prediccion-primer-fin-de-semana-de-marzo-2013\/plasencia\/\" rel=\"attachment wp-att-197\"><img loading=\"lazy\" class=\"aligncenter  wp-image-197\" title=\"Plasencia\" src=\"\/meteobadajoz\/wp-content\/uploads\/sites\/68\/2013\/03\/Plasencia.png\" alt=\"\" width=\"602\" height=\"248\" srcset=\"https:\/\/static-blogs.hoy.es\/wp-content\/uploads\/sites\/68\/2013\/03\/Plasencia.png 940w, https:\/\/static-blogs.hoy.es\/wp-content\/uploads\/sites\/68\/2013\/03\/Plasencia-300x124.png 300w, https:\/\/static-blogs.hoy.es\/wp-content\/uploads\/sites\/68\/2013\/03\/Plasencia-768x316.png 768w\" sizes=\"(max-width: 602px) 100vw, 602px\" \/><\/a><\/p>\n<p style=\"text-align: center;\">&#8212;&#8212;&#8212;&#8212;&#8212;&#8212;&#8212;&#8212;&#8212;&#8212;&#8212;&#8212;&#8212;&#8212;&#8212;&#8212;&#8212;&#8212;&#8212;&#8212;&#8212;<\/p>\n<p style=\"text-align: center;\"><a href=\"https:\/\/blogs.hoy.es\/meteobadajoz\/2013\/03\/01\/prediccion-primer-fin-de-semana-de-marzo-2013\/navalmoral-de-la-mata\/\" rel=\"attachment wp-att-198\"><img loading=\"lazy\" class=\"aligncenter  wp-image-198\" title=\"Navalmoral de la Mata\" src=\"\/meteobadajoz\/wp-content\/uploads\/sites\/68\/2013\/03\/Navalmoral-de-la-Mata.png\" alt=\"\" width=\"603\" height=\"269\" srcset=\"https:\/\/static-blogs.hoy.es\/wp-content\/uploads\/sites\/68\/2013\/03\/Navalmoral-de-la-Mata.png 942w, https:\/\/static-blogs.hoy.es\/wp-content\/uploads\/sites\/68\/2013\/03\/Navalmoral-de-la-Mata-300x134.png 300w, https:\/\/static-blogs.hoy.es\/wp-content\/uploads\/sites\/68\/2013\/03\/Navalmoral-de-la-Mata-768x342.png 768w\" sizes=\"(max-width: 603px) 100vw, 603px\" \/><\/a><\/p>\n<p style=\"text-align: center;\">&#8212;&#8212;&#8212;&#8212;&#8212;&#8212;&#8212;&#8212;&#8212;&#8212;&#8212;&#8212;&#8212;&#8212;&#8212;&#8212;&#8212;&#8212;&#8212;&#8212;&#8212;<\/p>\n<p style=\"text-align: center;\"><a href=\"https:\/\/blogs.hoy.es\/meteobadajoz\/2013\/03\/01\/prediccion-primer-fin-de-semana-de-marzo-2013\/trujillo\/\" rel=\"attachment wp-att-199\"><img loading=\"lazy\" class=\"aligncenter  wp-image-199\" title=\"Trujillo\" src=\"\/meteobadajoz\/wp-content\/uploads\/sites\/68\/2013\/03\/Trujillo.png\" alt=\"\" width=\"603\" height=\"249\" srcset=\"https:\/\/static-blogs.hoy.es\/wp-content\/uploads\/sites\/68\/2013\/03\/Trujillo.png 943w, https:\/\/static-blogs.hoy.es\/wp-content\/uploads\/sites\/68\/2013\/03\/Trujillo-300x124.png 300w, https:\/\/static-blogs.hoy.es\/wp-content\/uploads\/sites\/68\/2013\/03\/Trujillo-768x317.png 768w\" sizes=\"(max-width: 603px) 100vw, 603px\" \/><\/a><\/p>\n<p style=\"text-align: center;\">&#8212;&#8212;&#8212;&#8212;&#8212;&#8212;&#8212;&#8212;&#8212;&#8212;&#8212;&#8212;&#8212;&#8212;&#8212;&#8212;&#8212;&#8212;&#8212;&#8212;&#8212;<\/p>\n<p style=\"text-align: center;\"><a href=\"https:\/\/blogs.hoy.es\/meteobadajoz\/2013\/03\/01\/prediccion-primer-fin-de-semana-de-marzo-2013\/caceres\/\" rel=\"attachment wp-att-200\"><img loading=\"lazy\" class=\"aligncenter  wp-image-200\" title=\"C\u00e1ceres\" src=\"\/meteobadajoz\/wp-content\/uploads\/sites\/68\/2013\/03\/C\u00e1ceres.png\" alt=\"\" width=\"602\" height=\"248\" srcset=\"https:\/\/static-blogs.hoy.es\/wp-content\/uploads\/sites\/68\/2013\/03\/C\u00e1ceres.png 940w, https:\/\/static-blogs.hoy.es\/wp-content\/uploads\/sites\/68\/2013\/03\/C\u00e1ceres-300x124.png 300w, https:\/\/static-blogs.hoy.es\/wp-content\/uploads\/sites\/68\/2013\/03\/C\u00e1ceres-768x316.png 768w\" sizes=\"(max-width: 602px) 100vw, 602px\" \/><\/a><\/p>\n<p style=\"text-align: center;\">&#8212;&#8212;&#8212;&#8212;&#8212;&#8212;&#8212;&#8212;&#8212;&#8212;&#8212;&#8212;&#8212;&#8212;&#8212;&#8212;&#8212;&#8212;&#8212;&#8212;&#8212;<\/p>\n<p style=\"text-align: center;\"><a href=\"https:\/\/blogs.hoy.es\/meteobadajoz\/2013\/03\/01\/prediccion-primer-fin-de-semana-de-marzo-2013\/don-benito\/\" rel=\"attachment wp-att-201\"><img loading=\"lazy\" class=\"aligncenter  wp-image-201\" title=\"Don Benito\" src=\"\/meteobadajoz\/wp-content\/uploads\/sites\/68\/2013\/03\/Don-Benito.png\" alt=\"\" width=\"604\" height=\"248\" srcset=\"https:\/\/static-blogs.hoy.es\/wp-content\/uploads\/sites\/68\/2013\/03\/Don-Benito.png 944w, https:\/\/static-blogs.hoy.es\/wp-content\/uploads\/sites\/68\/2013\/03\/Don-Benito-300x123.png 300w, https:\/\/static-blogs.hoy.es\/wp-content\/uploads\/sites\/68\/2013\/03\/Don-Benito-768x315.png 768w\" sizes=\"(max-width: 604px) 100vw, 604px\" \/><\/a><\/p>\n<p style=\"text-align: center;\">&#8212;&#8212;&#8212;&#8212;&#8212;&#8212;&#8212;&#8212;&#8212;&#8212;&#8212;&#8212;&#8212;&#8212;&#8212;&#8212;&#8212;&#8212;&#8212;&#8212;&#8212;<\/p>\n<p style=\"text-align: center;\"><a href=\"https:\/\/blogs.hoy.es\/meteobadajoz\/2013\/03\/01\/prediccion-primer-fin-de-semana-de-marzo-2013\/merida\/\" rel=\"attachment wp-att-202\"><img loading=\"lazy\" class=\"aligncenter  wp-image-202\" title=\"M\u00e9rida\" src=\"\/meteobadajoz\/wp-content\/uploads\/sites\/68\/2013\/03\/M\u00e9rida.png\" alt=\"\" width=\"602\" height=\"243\" srcset=\"https:\/\/static-blogs.hoy.es\/wp-content\/uploads\/sites\/68\/2013\/03\/M\u00e9rida.png 940w, https:\/\/static-blogs.hoy.es\/wp-content\/uploads\/sites\/68\/2013\/03\/M\u00e9rida-300x121.png 300w, https:\/\/static-blogs.hoy.es\/wp-content\/uploads\/sites\/68\/2013\/03\/M\u00e9rida-768x310.png 768w\" sizes=\"(max-width: 602px) 100vw, 602px\" \/><\/a><\/p>\n<p style=\"text-align: center;\">&#8212;&#8212;&#8212;&#8212;&#8212;&#8212;&#8212;&#8212;&#8212;&#8212;&#8212;&#8212;&#8212;&#8212;&#8212;&#8212;&#8212;&#8212;&#8212;&#8212;&#8212;<\/p>\n<p style=\"text-align: center;\"><a href=\"https:\/\/blogs.hoy.es\/meteobadajoz\/2013\/03\/01\/prediccion-primer-fin-de-semana-de-marzo-2013\/badajoz\/\" rel=\"attachment wp-att-203\"><img loading=\"lazy\" class=\"aligncenter  wp-image-203\" title=\"Badajoz\" src=\"\/meteobadajoz\/wp-content\/uploads\/sites\/68\/2013\/03\/Badajoz.png\" alt=\"\" width=\"602\" height=\"246\" srcset=\"https:\/\/static-blogs.hoy.es\/wp-content\/uploads\/sites\/68\/2013\/03\/Badajoz.png 941w, https:\/\/static-blogs.hoy.es\/wp-content\/uploads\/sites\/68\/2013\/03\/Badajoz-300x123.png 300w, https:\/\/static-blogs.hoy.es\/wp-content\/uploads\/sites\/68\/2013\/03\/Badajoz-768x314.png 768w\" sizes=\"(max-width: 602px) 100vw, 602px\" \/><\/a><\/p>\n<p style=\"text-align: center;\">&#8212;&#8212;&#8212;&#8212;&#8212;&#8212;&#8212;&#8212;&#8212;&#8212;&#8212;&#8212;&#8212;&#8212;&#8212;&#8212;&#8212;&#8212;&#8212;&#8212;&#8212;<\/p>\n<p style=\"text-align: center;\"><a href=\"https:\/\/blogs.hoy.es\/meteobadajoz\/2013\/03\/01\/prediccion-primer-fin-de-semana-de-marzo-2013\/olivenza\/\" rel=\"attachment wp-att-204\"><img loading=\"lazy\" class=\"aligncenter  wp-image-204\" title=\"Olivenza\" src=\"\/meteobadajoz\/wp-content\/uploads\/sites\/68\/2013\/03\/Olivenza.png\" alt=\"\" width=\"603\" height=\"248\" srcset=\"https:\/\/static-blogs.hoy.es\/wp-content\/uploads\/sites\/68\/2013\/03\/Olivenza.png 943w, https:\/\/static-blogs.hoy.es\/wp-content\/uploads\/sites\/68\/2013\/03\/Olivenza-300x123.png 300w, https:\/\/static-blogs.hoy.es\/wp-content\/uploads\/sites\/68\/2013\/03\/Olivenza-768x315.png 768w\" sizes=\"(max-width: 603px) 100vw, 603px\" \/><\/a><\/p>\n<p style=\"text-align: center;\">&#8212;&#8212;&#8212;&#8212;&#8212;&#8212;&#8212;&#8212;&#8212;&#8212;&#8212;&#8212;&#8212;&#8212;&#8212;&#8212;&#8212;&#8212;&#8212;&#8212;&#8212;<\/p>\n<p style=\"text-align: center;\"><a href=\"https:\/\/blogs.hoy.es\/meteobadajoz\/2013\/03\/01\/prediccion-primer-fin-de-semana-de-marzo-2013\/zafra\/\" rel=\"attachment wp-att-205\"><img loading=\"lazy\" class=\"aligncenter  wp-image-205\" title=\"Zafra\" src=\"\/meteobadajoz\/wp-content\/uploads\/sites\/68\/2013\/03\/Zafra.png\" alt=\"\" width=\"604\" height=\"246\" srcset=\"https:\/\/static-blogs.hoy.es\/wp-content\/uploads\/sites\/68\/2013\/03\/Zafra.png 944w, https:\/\/static-blogs.hoy.es\/wp-content\/uploads\/sites\/68\/2013\/03\/Zafra-300x122.png 300w, https:\/\/static-blogs.hoy.es\/wp-content\/uploads\/sites\/68\/2013\/03\/Zafra-768x312.png 768w\" sizes=\"(max-width: 604px) 100vw, 604px\" \/><\/a><\/p>\n<p style=\"text-align: left;\"><span style=\"font-size: medium;\">As\u00ed que cambio de patr\u00f3n, <strong>abrimos de nuevo el pasillo atl\u00e1ntico para ser afectados por sucesivas bandas de precipitaciones y vientos h\u00famedos de suroeste<\/strong>.<\/span><\/p>\n<div class=\"fb-like\" data-href=\"https:\/\/blogs.hoy.es\/meteobadajoz\/2013\/03\/01\/prediccion-primer-fin-de-semana-de-marzo-2013\/\" data-send=\"true\" data-layout=\"button_count\" data-width=\"450\" data-show-faces=\"false\" data-font=\"arial\"><\/div>\n<p><a class=\"twitter-share-button\" href=\"https:\/\/twitter.com\/share\" data-url=\"https:\/\/blogs.hoy.es\/meteobadajoz\/2013\/03\/01\/prediccion-primer-fin-de-semana-de-marzo-2013\/\" data-via=\"MeteoBadajoz\" data-lang=\"es\" data-hashtags=\"MeteoBadajoz\" rel=\"external nofollow\">Twittear<\/a><br \/>\n<script type=\"text\/javascript\">\/\/ < ![CDATA[\n!function(d,s,id){var js,fjs=d.getElementsByTagName(s)[0];if(!d.getElementById(id)){js=d.createElement(s);js.id=id;js.src=\"\/\/platform.twitter.com\/widgets.js\";fjs.parentNode.insertBefore(js,fjs);}}(document,\"script\",\"twitter-wjs\");\n\/\/ ]]><\/script><\/p>\n<!-- AddThis Advanced Settings generic via filter on the_content --><!-- AddThis Share Buttons generic via filter on the_content -->","protected":false},"excerpt":{"rendered":"<p>Se cumplieron las predicciones durante la pasada jornada del jueves, cuando estaban previstas algunas nevadas en cotas medias y bajas de la regi\u00f3n. Acab\u00f3 nevando a\u00a0partir\u00a0de los 400 metros, aunque se llegaron a ver algunos copos a tan s\u00f3lo 350 metros de altitud, e incluso algunos llegaron a ver algo de aguanieve en las Vegas [&hellip;]<!-- AddThis Advanced Settings generic via filter on get_the_excerpt --><!-- AddThis Share Buttons generic via filter on get_the_excerpt --><\/p>\n","protected":false},"author":75,"featured_media":0,"comment_status":"open","ping_status":"closed","sticky":false,"template":"","format":"standard","meta":[],"categories":[5],"tags":[35,73,76,78,108,126,142],"_links":{"self":[{"href":"https:\/\/blogs.hoy.es\/meteobadajoz\/wp-json\/wp\/v2\/posts\/194"}],"collection":[{"href":"https:\/\/blogs.hoy.es\/meteobadajoz\/wp-json\/wp\/v2\/posts"}],"about":[{"href":"https:\/\/blogs.hoy.es\/meteobadajoz\/wp-json\/wp\/v2\/types\/post"}],"author":[{"embeddable":true,"href":"https:\/\/blogs.hoy.es\/meteobadajoz\/wp-json\/wp\/v2\/users\/75"}],"replies":[{"embeddable":true,"href":"https:\/\/blogs.hoy.es\/meteobadajoz\/wp-json\/wp\/v2\/comments?post=194"}],"version-history":[{"count":0,"href":"https:\/\/blogs.hoy.es\/meteobadajoz\/wp-json\/wp\/v2\/posts\/194\/revisions"}],"wp:attachment":[{"href":"https:\/\/blogs.hoy.es\/meteobadajoz\/wp-json\/wp\/v2\/media?parent=194"}],"wp:term":[{"taxonomy":"category","embeddable":true,"href":"https:\/\/blogs.hoy.es\/meteobadajoz\/wp-json\/wp\/v2\/categories?post=194"},{"taxonomy":"post_tag","embeddable":true,"href":"https:\/\/blogs.hoy.es\/meteobadajoz\/wp-json\/wp\/v2\/tags?post=194"}],"curies":[{"name":"wp","href":"https:\/\/api.w.org\/{rel}","templated":true}]}}