{"id":20,"date":"2012-12-11T22:34:00","date_gmt":"2012-12-11T22:34:00","guid":{"rendered":"http:\/\/blogs.hoy.es\/meteobadajoz\/2012\/12\/11\/ya-somos-1-000-y-a-seguir-sumando\/"},"modified":"2012-12-11T22:34:00","modified_gmt":"2012-12-11T22:34:00","slug":"ya-somos-1-000-y-a-seguir-sumando","status":"publish","type":"post","link":"https:\/\/blogs.hoy.es\/meteobadajoz\/2012\/12\/11\/ya-somos-1-000-y-a-seguir-sumando\/","title":{"rendered":"\u00a1Ya somos 1.000&#8230; y a seguir sumando!"},"content":{"rendered":"<p><span style=\"font-family: Helvetica Neue, Arial, Helvetica, sans-serif\">Comenc\u00e9 all\u00e1 por el 16 de marzo del 2011 y en apenas un a\u00f1o y algunos meses he alcanzado ya <b>los 1.000 seguidores en Twitter<\/b>&#8230; No os hac\u00e9is una idea de lo alegre que se siente uno de s\u00ed mismo, no s\u00f3lo por la informaci\u00f3n que uno es capaz de ofrecer\u00a0<\/span><span style=\"font-family: 'Helvetica Neue', Arial, Helvetica, sans-serif\">(en algunos casos de gran calidad)<\/span><span style=\"font-family: Helvetica Neue, Arial, Helvetica, sans-serif\">, sino tambi\u00e9n por el gran inter\u00e9s de muchos de mis seguidores, vosotros, que me ayud\u00e1is a compartir la informaci\u00f3n meteorol\u00f3gica, casi al momento, de cada localidad, sea de donde sea. Me alegra enormemente que haya tal cantidad de gente (la mayor\u00eda de Badajoz capital y del resto de la\u00a0provincia)\u00a0que se quieren informar acerca del tiempo en esta localidad, en su regi\u00f3n, en su pa\u00eds y, (algunas veces) en cualquier parte del mundo.<\/span><br \/><span style=\"font-family: Helvetica Neue, Arial, Helvetica, sans-serif\"><br \/><\/span><span style=\"font-family: Helvetica Neue, Arial, Helvetica, sans-serif\">A diario comparto informaci\u00f3n, datos, noticias, fotograf\u00edas, v\u00eddeos&#8230; contenido meteorol\u00f3gico puro, casi a cualquier hora, siempre con entusiasmo, y aunque algunas veces no me queda tiempo para actualizar la informaci\u00f3n por temas de estudios, siempre me queda un peque\u00f1o hueco para manteneros informados de todo lo que ocurre en nuestros cielos.<\/span><br \/><span style=\"font-family: Helvetica Neue, Arial, Helvetica, sans-serif\"><br \/><\/span><span style=\"font-family: Helvetica Neue, Arial, Helvetica, sans-serif\">Lo siento mucho por la gente que es de alg\u00fan otro lugar de la regi\u00f3n y no me sigue porque no hablo de su zona&#8230; me gustar\u00eda poder hablar del tiempo en toda la regi\u00f3n, pero Extremadura es una comunidad muy grande, con una orograf\u00eda muy diferente en cada zona y, por tanto, con la existencia de &#8220;micro climas&#8221; en diferentes puntos, adem\u00e1s de la poca &#8220;cobertura meteorol\u00f3gica&#8221; (aunque s\u00ed es cierto que est\u00e1 en pleno desarrollo en nuestra regi\u00f3n), y todo esto est\u00e1 fuera de mi alcance, ya que exige dedicarle m\u00e1s tiempo (del que no dispongo), pero bueno, siempre acabo comentando cosillas que hayan ocurrido en determinadas zonas de la regi\u00f3n.<\/span><br \/><span style=\"font-family: Helvetica Neue, Arial, Helvetica, sans-serif\"><br \/><\/span><span style=\"font-family: Helvetica Neue, Arial, Helvetica, sans-serif\">En esta entrada dedicada a vosotros, quiero agradecer tambi\u00e9n la colaboraci\u00f3n del ciertas personas, desconocidas para mi, pero que muy amablemente me ceden algunas informaciones desde su localidad, lluvias, temperaturas, observaciones de determinados fen\u00f3menos, etc. Agradezco tambi\u00e9n a los amig@s del Facebook, que muestran nuestra otra gran afici\u00f3n (que va de la mano de la meteorolog\u00eda), hablo de la fotograf\u00eda. Algunas son espectaculares y de concurso.<\/span><br \/><span style=\"font-family: Helvetica Neue, Arial, Helvetica, sans-serif\"><br \/><\/span><span style=\"font-family: Helvetica Neue, Arial, Helvetica, sans-serif\">Espero seguir hacia adelante con mi afici\u00f3n, siempre que pueda, ofreciendo diariamente informaci\u00f3n meteorol\u00f3gica y avisando ante cualquier riesgo\u00a0meteorol\u00f3gico\u00a0que acontezca en la regi\u00f3n. De nuevo daros las <b>GRACIAS<\/b> a todos y cada uno de vosotr@s por estar ah\u00ed!<\/span><br \/><span style=\"font-family: Helvetica Neue, Arial, Helvetica, sans-serif\"><br \/><\/span><span style=\"font-family: Helvetica Neue, Arial, Helvetica, sans-serif\">Un fuerte abrazo y a seguir sumando! ;-))<\/span><\/p>\n<!-- AddThis Advanced Settings generic via filter on the_content --><!-- AddThis Share Buttons generic via filter on the_content -->","protected":false},"excerpt":{"rendered":"<p>Comenc\u00e9 all\u00e1 por el 16 de marzo del 2011 y en apenas un a\u00f1o y algunos meses he alcanzado ya los 1.000 seguidores en Twitter&#8230; No os hac\u00e9is una idea de lo alegre que se siente uno de s\u00ed mismo, no s\u00f3lo por la informaci\u00f3n que uno es capaz de ofrecer\u00a0(en algunos casos de gran [&hellip;]<!-- AddThis Advanced Settings generic via filter on get_the_excerpt --><!-- AddThis Share Buttons generic via filter on get_the_excerpt --><\/p>\n","protected":false},"author":3,"featured_media":0,"comment_status":"open","ping_status":"closed","sticky":false,"template":"","format":"standard","meta":[],"categories":[3],"tags":[],"_links":{"self":[{"href":"https:\/\/blogs.hoy.es\/meteobadajoz\/wp-json\/wp\/v2\/posts\/20"}],"collection":[{"href":"https:\/\/blogs.hoy.es\/meteobadajoz\/wp-json\/wp\/v2\/posts"}],"about":[{"href":"https:\/\/blogs.hoy.es\/meteobadajoz\/wp-json\/wp\/v2\/types\/post"}],"author":[{"embeddable":true,"href":"https:\/\/blogs.hoy.es\/meteobadajoz\/wp-json\/wp\/v2\/users\/3"}],"replies":[{"embeddable":true,"href":"https:\/\/blogs.hoy.es\/meteobadajoz\/wp-json\/wp\/v2\/comments?post=20"}],"version-history":[{"count":0,"href":"https:\/\/blogs.hoy.es\/meteobadajoz\/wp-json\/wp\/v2\/posts\/20\/revisions"}],"wp:attachment":[{"href":"https:\/\/blogs.hoy.es\/meteobadajoz\/wp-json\/wp\/v2\/media?parent=20"}],"wp:term":[{"taxonomy":"category","embeddable":true,"href":"https:\/\/blogs.hoy.es\/meteobadajoz\/wp-json\/wp\/v2\/categories?post=20"},{"taxonomy":"post_tag","embeddable":true,"href":"https:\/\/blogs.hoy.es\/meteobadajoz\/wp-json\/wp\/v2\/tags?post=20"}],"curies":[{"name":"wp","href":"https:\/\/api.w.org\/{rel}","templated":true}]}}