{"id":209,"date":"2013-03-04T18:29:49","date_gmt":"2013-03-04T17:29:49","guid":{"rendered":"http:\/\/blogs.hoy.es\/meteobadajoz\/?p=209"},"modified":"2013-03-04T18:29:49","modified_gmt":"2013-03-04T17:29:49","slug":"semana-marcada-por-las-lluvias-y-el-viento","status":"publish","type":"post","link":"https:\/\/blogs.hoy.es\/meteobadajoz\/2013\/03\/04\/semana-marcada-por-las-lluvias-y-el-viento\/","title":{"rendered":"Semana marcada por las lluvias y el viento."},"content":{"rendered":"<div class=\"addthis_toolbox addthis_default_style \">\n<p><a class=\"addthis_button_tweet\"><\/a><\/p>\n<p><a class=\"addthis_counter addthis_pill_style\"><\/a>\n<\/div>\n<p><script type=\"text\/javascript\">var addthis_config = {\"data_track_addressbar\":true};<\/script><br \/>\n<script type=\"text\/javascript\" src=\"\/\/s7.addthis.com\/js\/300\/addthis_widget.js#pubid=ra-5130bf5a029970f6\"><\/script><\/p>\n<p style=\"text-align: center;\"><img loading=\"lazy\" class=\"aligncenter\" title=\"Imagen del Meteosat10 el 4\/3\/2013 a las 15h\" src=\"\/\/nsae01.casimages.net\/img\/2013\/03\/04\/130304060614643731.png\" alt=\"\" width=\"635\" height=\"356\" \/><\/p>\n<p><span style=\"font-size: medium;\"><span style=\"color: #000000;\">LUNES 4\/3\/2013.<\/span> Durante este primer d\u00eda de la semana, ya hemos visto las primeras precipitaciones de este nuevo temporal de lluvia y viento. A lo largo del d\u00eda, las lluvias se han extendido a pr\u00e1cticamente toda Extremadura desde el suroeste de la Pen\u00ednsula. Estas precipitaciones est\u00e1n siendo d\u00e9biles o moderadas en algunos casos, y bastante generales. En los pr\u00f3ximos d\u00edas y, durante pr\u00e1cticamente toda la semana, nos cruzar\u00e1n sucesivas bandas de lluvias que barrer\u00e1n todo el oeste y sur de la Pen\u00ednsula. Lluvias como las de estas\u00a0\u00faltimas\u00a0horas, <strong>d\u00e9biles\/moderadas y persistentes, que descargar\u00e1n durante algunas horas<\/strong>. No estar\u00e1 todo el d\u00eda lloviendo, es decir, habr\u00e1 momentos del d\u00eda en los que tendremos peque\u00f1as treguas, e incluso veremos algunos claros, pero poco van a durar.<!--more--><\/span><\/p>\n<p><span style=\"font-size: medium;\">En la imagen que encabeza el art\u00edculo observamos esa potente borrasca atl\u00e1ntica que se ha acabado colocando en ese tri\u00e1ngulo de Azores-Canarias-Pen\u00ednsula Ib\u00e9rica, inyectando vientos intensos de suroeste, muy h\u00famedos, que provocan que <strong>las lluvias sean m\u00e1s abundantes en la cara sur de los principales sistemas monta\u00f1osos<\/strong> del centro-oeste (Sierra de Gredos) y sur peninsular (Sierra Morena &#8211; sierras del norte de Huelva y Sevilla).\u00a0Tambi\u00e9n\u00a0vemos la impresionante\u00a0bolsa de aire fr\u00edo que se ha descolgado desde el Atl\u00e1ntico Norte, y que ha bajado much\u00edsimo en latitud (hasta las Canarias). La nubosidad asociada al frente ocupa gran parte de la Pen\u00ednsula, mientras que por el suroeste empieza a colarse la masa de aire fr\u00edo que viaja tras el frente.<\/span><\/p>\n<p style=\"text-align: center;\"><a href=\"https:\/\/blogs.hoy.es\/meteobadajoz\/2013\/03\/04\/semana-marcada-por-las-lluvias-y-el-viento\/bitmap1\/\" rel=\"attachment wp-att-210\"><img loading=\"lazy\" class=\"aligncenter  wp-image-210\" title=\"Detalle de la imagen satelital.\" src=\"\/meteobadajoz\/wp-content\/uploads\/sites\/68\/2013\/03\/bitmap1.png\" alt=\"\" width=\"613\" height=\"366\" srcset=\"https:\/\/static-blogs.hoy.es\/wp-content\/uploads\/sites\/68\/2013\/03\/bitmap1.png 957w, https:\/\/static-blogs.hoy.es\/wp-content\/uploads\/sites\/68\/2013\/03\/bitmap1-300x180.png 300w, https:\/\/static-blogs.hoy.es\/wp-content\/uploads\/sites\/68\/2013\/03\/bitmap1-768x460.png 768w\" sizes=\"(max-width: 613px) 100vw, 613px\" \/><\/a><\/p>\n<p><span style=\"font-size: medium;\">Si observamos atentamente la imagen del sat\u00e9lite, vemos que (acompa\u00f1ando a la masa de aire fr\u00edo) encontramos nubes con formas redondeadas, dispuestas de forma granulada, que no est\u00e1n asociadas al frente fr\u00edo. Se trata de <em>chubascos postfrontales<\/em> (<em>postfrontal<\/em> &#8211; despu\u00e9s del frente) que, como su propio nombre indica, llegan tras el paso del frente fr\u00edo. Estos chubascos suelen ser de intensidad moderada, puntualmente acompa\u00f1ados de tormentas, y acompa\u00f1an a la masa de aire fr\u00edo. Pues bien, en los pr\u00f3ximos d\u00edas, adem\u00e1s de cruzarnos diversos frentes desde el oeste y suroeste, nos cruzar\u00e1n tambi\u00e9n algunos de estos chubascos, pero no ir\u00e1n &#8220;sueltos&#8221; como los vemos en la imagen del sat\u00e9lite, sino que se agrupar\u00e1n y formar\u00e1n frentes con <strong>precipitaciones m\u00e1s abundantes<\/strong>, y de car\u00e1cter convectivo (<strong>con posibles tormentas<\/strong>). Esta semana no s\u00f3lo estar\u00e1 marcada por las lluvias, ya que <strong>el viento soplar\u00e1 con bastante intensidad<\/strong>, por lo que tendremos jornadas desapacibles, m\u00e1s propias del oto\u00f1o, con temperaturas frescas y precipitaciones abundantes.<\/span><\/p>\n<p><span style=\"font-size: medium;\">Hoy lunes, algunas zonas del norte de la regi\u00f3n han estado en AVISO (no alerta) amarillo por <strong>rachas m\u00e1ximas de viento de hasta 80km\/h<\/strong>. Aunque el viento intenso hoy lo hemos notado en toda la\u00a0regi\u00f3n.\u00a0Para los pr\u00f3ximos d\u00edas, en principio AEMET no nos ha establecido ning\u00fan nivel de aviso en Extremadura, pero muy probablemente acaben colocando alguno por rachas de viento y por lluvias en el norte de C\u00e1ceres. <span style=\"color: #000000;\"><strong><span style=\"color: #000000;\"><a title=\"Pod\u00e9is seguir los avisos de AEMET para Extremadura en este enlace.\" href=\"http:\/\/www.aemet.es\/es\/eltiempo\/prediccion\/avisos?w=hoy&#038;k=ext\" target=\"_blank\" rel=\"external nofollow\">Pod\u00e9is seguir los avisos de AEMET para Extremadura en este enlace<\/a><\/span><\/strong><\/span>.<\/span><\/p>\n<p style=\"text-align: center;\">\u00a0<img loading=\"lazy\" class=\"aligncenter\" title=\"Evoluci\u00f3n de las precipitaciones seg\u00fan el modelo americano GFS\" src=\"\/\/nsae01.casimages.net\/img\/2013\/03\/04\/130304061408164115.gif\" alt=\"\" width=\"560\" height=\"420\" \/><\/p>\n<p><span style=\"font-size: medium;\">En la animaci\u00f3n superior puede verse que durante los pr\u00f3ximos d\u00edas, la Pen\u00ednsula Ib\u00e9rica ser\u00e1 afectada por una sucesi\u00f3n de frentes y l\u00edneas de inestabilidad, asociadas a profundas borrascas atl\u00e1nticas que se acercar\u00e1n mucho a nuestro pa\u00eds.\u00a0Este nuevo temporal, seg\u00fan los modelos, parece que durar\u00e1 al menos hasta el fin de semana, as\u00ed que nos esperan varias jornadas consecutivas de ambiente muy nuboso, temperaturas frescas (aunque no demasiado bajas), y con lluvias durante pr\u00e1cticamente toda la semana. Para la pr\u00f3xima semana parece que volver\u00eda el anticicl\u00f3n, aunque a\u00fan quedan 6-7 d\u00edas y la cosa puede cambiar. As\u00ed que mucho \u00e1nimo a todos aquellos que odi\u00e1is el mal tiempo, que no es mi caso.<\/span><\/p>\n<p style=\"text-align: center;\"><span style=\"font-size: medium;\">A<em style=\"font-size: medium;\">l mal tiempo, buena cara<\/em>&#8230;<\/span><\/p>\n<p style=\"text-align: center;\"><span style=\"font-size: medium;\">;)<\/span><\/p>\n<!-- AddThis Advanced Settings generic via filter on the_content --><!-- AddThis Share Buttons generic via filter on the_content -->","protected":false},"excerpt":{"rendered":"<p>LUNES 4\/3\/2013. Durante este primer d\u00eda de la semana, ya hemos visto las primeras precipitaciones de este nuevo temporal de lluvia y viento. A lo largo del d\u00eda, las lluvias se han extendido a pr\u00e1cticamente toda Extremadura desde el suroeste de la Pen\u00ednsula. Estas precipitaciones est\u00e1n siendo d\u00e9biles o moderadas en algunos casos, y bastante [&hellip;]<!-- AddThis Advanced Settings generic via filter on get_the_excerpt --><!-- AddThis Share Buttons generic via filter on get_the_excerpt --><\/p>\n","protected":false},"author":75,"featured_media":0,"comment_status":"open","ping_status":"closed","sticky":false,"template":"","format":"standard","meta":[],"categories":[4],"tags":[28,36,91,143],"_links":{"self":[{"href":"https:\/\/blogs.hoy.es\/meteobadajoz\/wp-json\/wp\/v2\/posts\/209"}],"collection":[{"href":"https:\/\/blogs.hoy.es\/meteobadajoz\/wp-json\/wp\/v2\/posts"}],"about":[{"href":"https:\/\/blogs.hoy.es\/meteobadajoz\/wp-json\/wp\/v2\/types\/post"}],"author":[{"embeddable":true,"href":"https:\/\/blogs.hoy.es\/meteobadajoz\/wp-json\/wp\/v2\/users\/75"}],"replies":[{"embeddable":true,"href":"https:\/\/blogs.hoy.es\/meteobadajoz\/wp-json\/wp\/v2\/comments?post=209"}],"version-history":[{"count":0,"href":"https:\/\/blogs.hoy.es\/meteobadajoz\/wp-json\/wp\/v2\/posts\/209\/revisions"}],"wp:attachment":[{"href":"https:\/\/blogs.hoy.es\/meteobadajoz\/wp-json\/wp\/v2\/media?parent=209"}],"wp:term":[{"taxonomy":"category","embeddable":true,"href":"https:\/\/blogs.hoy.es\/meteobadajoz\/wp-json\/wp\/v2\/categories?post=209"},{"taxonomy":"post_tag","embeddable":true,"href":"https:\/\/blogs.hoy.es\/meteobadajoz\/wp-json\/wp\/v2\/tags?post=209"}],"curies":[{"name":"wp","href":"https:\/\/api.w.org\/{rel}","templated":true}]}}