{"id":212,"date":"2013-03-08T21:28:20","date_gmt":"2013-03-08T20:28:20","guid":{"rendered":"http:\/\/blogs.hoy.es\/meteobadajoz\/?p=212"},"modified":"2013-03-08T21:28:20","modified_gmt":"2013-03-08T20:28:20","slug":"fin-de-semana-de-lluvias-y-de-descenso-ligero-de-las-temperaturas","status":"publish","type":"post","link":"https:\/\/blogs.hoy.es\/meteobadajoz\/2013\/03\/08\/fin-de-semana-de-lluvias-y-de-descenso-ligero-de-las-temperaturas\/","title":{"rendered":"Fin de semana con lluvias y descenso ligero de las temperaturas"},"content":{"rendered":"<div class=\"fb-like\" data-href=\"https:\/\/blogs.hoy.es\/meteobadajoz\/2013\/03\/08\/fin-de-semana-de-lluvias-y-de-descenso-ligero-de-las-temperaturas\/\" data-send=\"false\" data-width=\"450\" data-show-faces=\"false\"><\/div>\n<p><a href=\"https:\/\/twitter.com\/share\" class=\"twitter-share-button\" data-url=\"https:\/\/blogs.hoy.es\/meteobadajoz\/2013\/03\/08\/fin-de-semana-de-lluvias-y-de-descenso-ligero-de-las-temperaturas\/\" data-via=\"MeteoBadajoz\" data-lang=\"es\" rel=\"external nofollow\">Twittear<\/a><br \/>\n<script>!function(d,s,id){var js,fjs=d.getElementsByTagName(s)[0];if(!d.getElementById(id)){js=d.createElement(s);js.id=id;js.src=\"\/\/platform.twitter.com\/widgets.js\";fjs.parentNode.insertBefore(js,fjs);}}(document,\"script\",\"twitter-wjs\");<\/script><\/p>\n<p style=\"text-align: center;\"><a href=\"https:\/\/blogs.hoy.es\/meteobadajoz\/2013\/03\/08\/fin-de-semana-de-lluvias-y-de-descenso-ligero-de-las-temperaturas\/gfs_pi_v10m_024\/\" rel=\"attachment wp-att-213\"><img loading=\"lazy\" class=\"aligncenter  wp-image-213\" title=\"Posici\u00f3n de la borrasca atl\u00e1ntica prevista para el s\u00e1bado 9 de Marzo de 2013, a las 12h\" src=\"\/meteobadajoz\/wp-content\/uploads\/sites\/68\/2013\/03\/gfs_pi_v10m_024.png\" alt=\"\" width=\"640\" height=\"480\" srcset=\"https:\/\/static-blogs.hoy.es\/wp-content\/uploads\/sites\/68\/2013\/03\/gfs_pi_v10m_024.png 800w, https:\/\/static-blogs.hoy.es\/wp-content\/uploads\/sites\/68\/2013\/03\/gfs_pi_v10m_024-300x225.png 300w, https:\/\/static-blogs.hoy.es\/wp-content\/uploads\/sites\/68\/2013\/03\/gfs_pi_v10m_024-768x576.png 768w\" sizes=\"(max-width: 640px) 100vw, 640px\" \/><\/a><\/p>\n<p><span style=\"font-size: medium;\">Esta semana hemos visto un poco de todo en cuanto a la meteorolog\u00eda en nuestra regi\u00f3n: lluvias, viento intenso, algunas tormentas e incluso acompa\u00f1adas de granizo, temperaturas frescas&#8230; pero tambi\u00e9n hemos podido disfrutar de peque\u00f1as treguas entre tantos frentes, con cielos poco nubosos, sin lluvias, y con temperaturas agradables. Sin duda, la semana ha estado marcada por la gran variabilidad de tiempos que se han sucedido en nuestra regi\u00f3n. Llov\u00eda, dejaba de llover e inmediatamente se abr\u00edan claros y sal\u00eda el Sol. Eso s\u00ed, con la excepci\u00f3n de algunos d\u00edas en los que la abundante nubosidad y las precipitaciones han sido las protagonistas de la jornada. <strong>Para este fin de semana el tiempo<\/strong> no muestra s\u00edntomas de cambio, y <strong>seguir\u00e1 siendo igual de inestable<\/strong> como lo ha sido durante d\u00edas atr\u00e1s.<!--more--><\/span><\/p>\n<p><span style=\"font-size: medium;\">A lo largo de la semana, una gran regi\u00f3n de bajas presiones se ha situado en aguas del Atl\u00e1ntico Norte, frente a las costas occidentales del continente europeo, enviando sucesivas bandas de inestabilidad (frentes fr\u00edos, c\u00e1lidos y\u00a0ocluidos\u00a0 que han repartido lluvias bastante generosas en pr\u00e1cticamente todo el oeste peninsular. En Extremadura tambi\u00e9n hemos recogido cantidades significativas de agua en municipios ubicados en la ladera sur del Sistema Central, Sierra de Gredos principalmente. En comarcas como el Valle del Jerte o en La Vera se han recogido cantidades bastante importantes, es el caso de Piornal (C\u00e1ceres), que desde el pasado lunes acumula m\u00e1s de <strong>\u00a1275 mm!<\/strong>. Los arroyos y gargantas de toda la zona han aumentado considerablemente su caudal debido a la abundancia de las precipitaciones y al aporte extra por parte del deshielo de la nieve ca\u00edda en el Sistema Central en los \u00faltimos episodios fr\u00edos y h\u00famedos. Pero no s\u00f3lo preocupan los arroyos del norte de C\u00e1ceres, porque tambi\u00e9n se han producido algunos problemas en r\u00edos de la provincia de Badajoz, y <a title=\"algunos embalses ya han empezado a aliviar agua\" href=\"http:\/\/www.hoy.es\/v\/20130301\/caceres\/guadiloba-vuelve-aliviar-agua-20130301.html\" target=\"_blank\" rel=\"external nofollow\">algunos embalses ya han empezado a aliviar agua<\/a> porque han alcanzado cotas altas de capacidad. Tendremos que prestar mucha atenci\u00f3n en los pr\u00f3ximos d\u00edas porque parece que seguir\u00e1 lloviendo, lo vemos a continuaci\u00f3n en la predicci\u00f3n para el fin de semana.<\/span><\/p>\n<p style=\"text-align: center;\"><span style=\"font-size: large;\"><strong><span style=\"text-decoration: underline;\">\u00a0 \u00a0PREDICCI\u00d3N \u00a0\u00a0<\/span><\/strong><\/span><\/p>\n<p style=\"text-align: center;\"><a href=\"https:\/\/blogs.hoy.es\/meteobadajoz\/2013\/03\/08\/fin-de-semana-de-lluvias-y-de-descenso-ligero-de-las-temperaturas\/anigif\/\" rel=\"attachment wp-att-217\"><img loading=\"lazy\" class=\"aligncenter  wp-image-217\" title=\"anigif\" src=\"\/meteobadajoz\/wp-content\/uploads\/sites\/68\/2013\/03\/anigif.gif\" alt=\"\" width=\"630\" height=\"370\" \/><\/a><\/p>\n<p><span style=\"font-size: medium;\">Como comentaba anteriormente, durante la semana nos ha afectado esa gran zona de bajas presiones, con varias borrascas secundarias rodeando a la borrasca madre (la m\u00e1s grande y profunda), pero es que durante el fin de semana, la borrasca madre se acercar\u00e1 a\u00fan m\u00e1s a la Pen\u00ednsula Ib\u00e9rica, acerc\u00e1ndonos nuevas bandas de lluvias que, de nuevo, podr\u00edan dejarnos precipitaciones abundantes en zonas de sierra y algo menos significativas en el resto, pero con algunas treguas como las de estos \u00faltimos d\u00edas.<\/span><\/p>\n<p><span style=\"text-decoration: underline; font-size: medium;\"><strong>-S\u00e1bado:<\/strong><\/span><\/p>\n<p style=\"text-align: center;\"><span style=\"font-size: medium;\"><a href=\"https:\/\/blogs.hoy.es\/meteobadajoz\/2013\/03\/08\/fin-de-semana-de-lluvias-y-de-descenso-ligero-de-las-temperaturas\/prediccion-para-el-sabado-9-de-marzo-de-2013\/\" rel=\"attachment wp-att-214\"><img loading=\"lazy\" class=\"aligncenter  wp-image-214\" title=\"-Predicci\u00f3n para el s\u00e1bado 9 de Marzo de 2013\" src=\"\/meteobadajoz\/wp-content\/uploads\/sites\/68\/2013\/03\/Predicci\u00f3n-para-el-s\u00e1bado-9-de-Marzo-de-2013.png\" alt=\"\" width=\"551\" height=\"430\" srcset=\"https:\/\/static-blogs.hoy.es\/wp-content\/uploads\/sites\/68\/2013\/03\/Predicci\u00f3n-para-el-s\u00e1bado-9-de-Marzo-de-2013.png 787w, https:\/\/static-blogs.hoy.es\/wp-content\/uploads\/sites\/68\/2013\/03\/Predicci\u00f3n-para-el-s\u00e1bado-9-de-Marzo-de-2013-300x234.png 300w, https:\/\/static-blogs.hoy.es\/wp-content\/uploads\/sites\/68\/2013\/03\/Predicci\u00f3n-para-el-s\u00e1bado-9-de-Marzo-de-2013-768x599.png 768w\" sizes=\"(max-width: 551px) 100vw, 551px\" \/><\/a><\/span><\/p>\n<p><span style=\"font-size: medium;\">Comenzar\u00e1 el d\u00eda ya con abundante nubosidad, sobre todo por las comarcas occidentales y por el norte de la regi\u00f3n, con precipitaciones que ser\u00e1n d\u00e9biles\/moderadas y puntualmente fuertes. Ser\u00e1 una jornada con el paso de chubascos que podr\u00edan ser localmente tormentosos e ir acompa\u00f1ados de tormentas, especialmente por el oeste de la regi\u00f3n. Los chubascos y las tormentas entrar\u00e1n desde el oeste y suroeste, pero las tormentas afectar\u00e1n sobre todo a las costas occidentales de Portugal, aunque no se descarta que alguna de esas tormentas consiga llegar viva al oeste de Extremadura. Si as\u00ed fuera, estas tormentas podr\u00edan dejar, de forma muy puntual, alg\u00fan episodio de granizo, pero no ser\u00edan gran cosa. No hablaremos de una jornada de cielo cubierto, ni mucho menos, entre chubascos se abrir\u00e1n algunos claros. En general, el d\u00eda ser\u00e1 bastante inestable en toda la regi\u00f3n, y con vientos moderados (con rachas fuertes en zonas monta\u00f1osas) de componente suroeste, que aportan mucha humedad.<\/span><\/p>\n<p><span style=\"font-size: medium;\">Cabe destacar que entrar\u00e1 algo m\u00e1s de aire fr\u00edo en capas medias y altas, por lo que la cota de\u00a0nieve\u00a0bajar\u00e1 por el norte, situ\u00e1ndose alrededor de los 1.300 metros. Las temperaturas m\u00e1ximas y m\u00ednimas, en general, bajan ligeramente, pero lo har\u00e1n apenas 1\u00baC.<\/span><\/p>\n<p><span style=\"text-decoration: underline; font-size: medium;\"><strong>-Domingo:<\/strong><\/span><\/p>\n<p style=\"text-align: center;\"><span style=\"font-size: medium;\"><a href=\"https:\/\/blogs.hoy.es\/meteobadajoz\/2013\/03\/08\/fin-de-semana-de-lluvias-y-de-descenso-ligero-de-las-temperaturas\/prediccion-para-el-domingo-10-de-marzo-de-2013\/\" rel=\"attachment wp-att-215\"><img loading=\"lazy\" class=\"aligncenter  wp-image-215\" title=\"-Predicci\u00f3n para el domingo 10 de Marzo de 2013\" src=\"\/meteobadajoz\/wp-content\/uploads\/sites\/68\/2013\/03\/Predicci\u00f3n-para-el-domingo-10-de-Marzo-de-2013.png\" alt=\"\" width=\"551\" height=\"430\" srcset=\"https:\/\/static-blogs.hoy.es\/wp-content\/uploads\/sites\/68\/2013\/03\/Predicci\u00f3n-para-el-domingo-10-de-Marzo-de-2013.png 787w, https:\/\/static-blogs.hoy.es\/wp-content\/uploads\/sites\/68\/2013\/03\/Predicci\u00f3n-para-el-domingo-10-de-Marzo-de-2013-300x234.png 300w, https:\/\/static-blogs.hoy.es\/wp-content\/uploads\/sites\/68\/2013\/03\/Predicci\u00f3n-para-el-domingo-10-de-Marzo-de-2013-768x599.png 768w\" sizes=\"(max-width: 551px) 100vw, 551px\" \/><\/a><\/span><\/p>\n<p style=\"text-align: left;\"><span style=\"font-size: medium;\">El domingo se presenta con un tiempo muy parecido al del s\u00e1bado, la predicci\u00f3n es calcada. Paso de chubascos moderados desde el oeste y suroeste, con cierta probabilidad de tormentas por el oeste de la regi\u00f3n. No ser\u00e1 un d\u00eda de cielos completamente cubiertos, pero las lluvias podr\u00e1n ser localmente fuertes. Nieve en el norte de C\u00e1ceres a partir de unos 1.400 metros. Las temperaturas continuar\u00e1n bajando, variaci\u00f3n de apenas 1\u00baC. Vientos moderados de oeste-suroeste.<\/span><\/p>\n<p style=\"text-align: left;\"><span style=\"font-size: medium;\">As\u00ed que fin de semana inestable, pero con peque\u00f1as treguas entre los chubascos, y todo ello acompa\u00f1ado de temperaturas algo m\u00e1s bajas que las que hemos registrado a lo largo de la semana. La lluvia parece que seguir\u00e1 presente en Extremadura al menos hasta el martes de la pr\u00f3xima semana. A partir de ah\u00ed nos llegar\u00eda un nuevo episodio de aire fr\u00edo desde el norte, que nos dejar\u00e1 temperaturas mucho m\u00e1s fr\u00edas que las que estamos teniendo estos d\u00edas. Posteriormente, los modelos vienen mostrando cierta tendencia a la llegada de m\u00e1s borrascas atl\u00e1nticas desde el oeste, pero para que eso ocurra deben pasar muchos d\u00edas.\u00a0<\/span><span style=\"font-size: medium;\">Lo iremos siguiendo.<\/span><\/p>\n<div class=\"fb-like\" data-href=\"https:\/\/blogs.hoy.es\/meteobadajoz\/2013\/03\/08\/fin-de-semana-de-lluvias-y-de-descenso-ligero-de-las-temperaturas\/\" data-send=\"false\" data-width=\"450\" data-show-faces=\"true\"><\/div>\n<p><a href=\"https:\/\/twitter.com\/share\" class=\"twitter-share-button\" data-url=\"https:\/\/blogs.hoy.es\/meteobadajoz\/2013\/03\/08\/fin-de-semana-de-lluvias-y-de-descenso-ligero-de-las-temperaturas\/\" data-via=\"MeteoBadajoz\" data-lang=\"es\" rel=\"external nofollow\">Twittear<\/a><br \/>\n<script>!function(d,s,id){var js,fjs=d.getElementsByTagName(s)[0];if(!d.getElementById(id)){js=d.createElement(s);js.id=id;js.src=\"\/\/platform.twitter.com\/widgets.js\";fjs.parentNode.insertBefore(js,fjs);}}(document,\"script\",\"twitter-wjs\");<\/script><\/p>\n<!-- AddThis Advanced Settings generic via filter on the_content --><!-- AddThis Share Buttons generic via filter on the_content -->","protected":false},"excerpt":{"rendered":"<p>Twittear Esta semana hemos visto un poco de todo en cuanto a la meteorolog\u00eda en nuestra regi\u00f3n: lluvias, viento intenso, algunas tormentas e incluso acompa\u00f1adas de granizo, temperaturas frescas&#8230; pero tambi\u00e9n hemos podido disfrutar de peque\u00f1as treguas entre tantos frentes, con cielos poco nubosos, sin lluvias, y con temperaturas agradables. Sin duda, la semana ha [&hellip;]<!-- AddThis Advanced Settings generic via filter on get_the_excerpt --><!-- AddThis Share Buttons generic via filter on get_the_excerpt --><\/p>\n","protected":false},"author":75,"featured_media":0,"comment_status":"open","ping_status":"closed","sticky":false,"template":"","format":"standard","meta":[],"categories":[5],"tags":[],"_links":{"self":[{"href":"https:\/\/blogs.hoy.es\/meteobadajoz\/wp-json\/wp\/v2\/posts\/212"}],"collection":[{"href":"https:\/\/blogs.hoy.es\/meteobadajoz\/wp-json\/wp\/v2\/posts"}],"about":[{"href":"https:\/\/blogs.hoy.es\/meteobadajoz\/wp-json\/wp\/v2\/types\/post"}],"author":[{"embeddable":true,"href":"https:\/\/blogs.hoy.es\/meteobadajoz\/wp-json\/wp\/v2\/users\/75"}],"replies":[{"embeddable":true,"href":"https:\/\/blogs.hoy.es\/meteobadajoz\/wp-json\/wp\/v2\/comments?post=212"}],"version-history":[{"count":0,"href":"https:\/\/blogs.hoy.es\/meteobadajoz\/wp-json\/wp\/v2\/posts\/212\/revisions"}],"wp:attachment":[{"href":"https:\/\/blogs.hoy.es\/meteobadajoz\/wp-json\/wp\/v2\/media?parent=212"}],"wp:term":[{"taxonomy":"category","embeddable":true,"href":"https:\/\/blogs.hoy.es\/meteobadajoz\/wp-json\/wp\/v2\/categories?post=212"},{"taxonomy":"post_tag","embeddable":true,"href":"https:\/\/blogs.hoy.es\/meteobadajoz\/wp-json\/wp\/v2\/tags?post=212"}],"curies":[{"name":"wp","href":"https:\/\/api.w.org\/{rel}","templated":true}]}}