{"id":23,"date":"2012-11-29T20:46:00","date_gmt":"2012-11-29T20:46:00","guid":{"rendered":"http:\/\/blogs.hoy.es\/meteobadajoz\/2012\/11\/29\/prediccion-especial-viernes-30-de-noviembre-2012-posibles-nevadas\/"},"modified":"2012-11-29T20:46:00","modified_gmt":"2012-11-29T20:46:00","slug":"prediccion-especial-viernes-30-de-noviembre-2012-posibles-nevadas","status":"publish","type":"post","link":"https:\/\/blogs.hoy.es\/meteobadajoz\/2012\/11\/29\/prediccion-especial-viernes-30-de-noviembre-2012-posibles-nevadas\/","title":{"rendered":"PREDICCI\u00d3N ESPECIAL: viernes 30 de noviembre 2012. Posibles nevadas."},"content":{"rendered":"<div style=\"clear: both;text-align: center\"><a href=\"http:\/\/3.bp.blogspot.com\/-MfC79oUnGuc\/ULe-WYwhY3I\/AAAAAAAAEMg\/_qzOFVnUc7o\/s1600\/anigif.gif\" rel=\"external nofollow\"><img border=\"0\" src=\"\/\/3.bp.blogspot.com\/-MfC79oUnGuc\/ULe-WYwhY3I\/AAAAAAAAEMg\/_qzOFVnUc7o\/s1600\/anigif.gif\" \/><\/a><\/div>\n<div style=\"text-align: center\"><span style=\"font-family: Helvetica Neue, Arial, Helvetica, sans-serif\"><b>Imagen RGB del sat\u00e9lite Meteosat y superposici\u00f3n del campo de presi\u00f3n a nivel del mar del jueves 29 de noviembre a las 19h. (C) Imagen: EUMETRAIN Animaci\u00f3n: MeteoBadajoz.<\/b><\/span><\/div>\n<div style=\"text-align: center\"><span style=\"font-family: Helvetica Neue, Arial, Helvetica, sans-serif\"><b><br \/><\/b><\/span><\/div>\n<div style=\"text-align: left\"><span style=\"font-family: Helvetica Neue, Arial, Helvetica, sans-serif\">Tras la irrupci\u00f3n de la masa de aire polar que estos \u00faltimos d\u00edas ha estado afectando a la pen\u00ednsula, ma\u00f1ana desde el noroeste se nos cuela una nueva invasi\u00f3n de aire muy fr\u00edo, procedente del Atl\u00e1ntico Norte, que\u00a0a partir\u00a0de ma\u00f1ana volver\u00e1 a afectar a gran parte del pa\u00eds. En los pr\u00f3ximos d\u00edas las temperaturas se mantendr\u00e1n muy fr\u00edas, tanto las m\u00e1ximas como las m\u00ednimas, y adem\u00e1s ma\u00f1ana viernes con algunas precipitaciones que podr\u00e1n ser de nieve a partir de unos 600 metros de altitud en buena parte del centro y norte de la pen\u00ednsula.<\/span><\/div>\n<p><a name='more'><\/a><\/p>\n<div style=\"text-align: left\"><span style=\"font-family: Helvetica Neue, Arial, Helvetica, sans-serif\">Aqu\u00ed en Extremadura esa masa de aire polar nos entrar\u00e1 durante la madrugada del jueves al viernes (esta noche) por el noroeste de la regi\u00f3n. Para ma\u00f1ana viernes est\u00e1n previstas algunas precipitaciones que en zonas monta\u00f1osas del norte, este y sur de la regi\u00f3n podr\u00e1n ser en forma s\u00f3lida (en forma de nieve). Lo vemos a continuaci\u00f3n&#8230;<\/span><\/div>\n<div style=\"text-align: left\"><span style=\"font-family: Helvetica Neue, Arial, Helvetica, sans-serif\"><br \/><\/span><\/div>\n<div style=\"text-align: center\"><span style=\"color: orange;font-family: Helvetica Neue, Arial, Helvetica, sans-serif;font-size: large\"><b><u>\u00a0 \u00a0 \u00a0 \u00a0 \u00a0 PREDICCI\u00d3N \u00a0 \u00a0 \u00a0 \u00a0 \u00a0<\/u><\/b><\/span><\/div>\n<div style=\"clear: both;text-align: center\"><a href=\"http:\/\/1.bp.blogspot.com\/-W_qXKzioS-I\/ULfAdMmEhbI\/AAAAAAAAEMo\/aCLjNpI5UJY\/s1600\/Predicci%C3%B3n+viernes+30+de+noviembre+de+2012.PNG\" rel=\"external nofollow\"><img loading=\"lazy\" border=\"0\" height=\"499\" src=\"\/\/1.bp.blogspot.com\/-W_qXKzioS-I\/ULfAdMmEhbI\/AAAAAAAAEMo\/aCLjNpI5UJY\/s640\/Predicci%C3%B3n+viernes+30+de+noviembre+de+2012.PNG\" width=\"640\" \/><\/a><\/div>\n<div style=\"text-align: left\"><span style=\"font-family: Helvetica Neue, Arial, Helvetica, sans-serif\">Como veis, mapa muy cargado para la jornada de ma\u00f1ana, con precipitaciones generales, en todas las comarcas, pero siempre con car\u00e1cter d\u00e9bil, poco intensas. El frente comenzar\u00e1 a entrar por el noroeste de la regi\u00f3n durante la madrugada y en las primeras horas del d\u00eda y durante la ma\u00f1ana, esas precipitaciones se ir\u00e1n extendiendo hacia el sur y sureste. La nieve la esperamos a partir de tan s\u00f3lo 600-700 metros, en las sierras del norte, centro, este y sur de la regi\u00f3n. Puntualmente, en las zonas ligeramente por debajo de esas cotas, se podr\u00eda ver alg\u00fan copo, aguanieve, poca cosa&#8230; las zonas m\u00e1s probables ser\u00edan en la Sierra de Montanchez, hacia el este, centro-sur de la provincia de Badajoz, y quiz\u00e1s en la Sierra de San Pedro. En el resto las precipitaciones ser\u00e1n en forma l\u00edquida, lluvias de car\u00e1cter d\u00e9bil en las zonas m\u00e1s bajas de Extremadura. Por la tarde el ambiente seguir\u00e1 bastante nuboso y todav\u00eda con\u00a0algunas\u00a0precipitaciones, aunque ser\u00e1n m\u00e1s dispersas.<\/span><\/div>\n<div style=\"text-align: left\"><span style=\"font-family: 'Helvetica Neue', Arial, Helvetica, sans-serif\"><br \/><\/span><\/div>\n<div style=\"text-align: left\"><span style=\"font-family: 'Helvetica Neue', Arial, Helvetica, sans-serif\">Hay avisos por nieve en las sierras del norte de la provincia de C\u00e1ceres, en Las Villuercas y en Tentud\u00eda, por estas zonas se pueden acumular hasta 2 cm de espesor.<\/span><\/div>\n<div style=\"clear: both;text-align: center\"><a href=\"http:\/\/1.bp.blogspot.com\/-9s2Kdsr-xeo\/ULfDc3C8dmI\/AAAAAAAAEOc\/q_hB9dezGBs\/s1600\/20121129190000_avi_mna_ccaa70.png\" rel=\"external nofollow\"><img border=\"0\" src=\"\/\/1.bp.blogspot.com\/-9s2Kdsr-xeo\/ULfDc3C8dmI\/AAAAAAAAEOc\/q_hB9dezGBs\/s1600\/20121129190000_avi_mna_ccaa70.png\" \/><\/a><\/div>\n<div style=\"text-align: left\"><span style=\"font-family: Helvetica Neue, Arial, Helvetica, sans-serif\">En cuanto a las temperaturas, <b><span style=\"color: cyan\">las m\u00ednimas<\/span><\/b> se mantienen sin cambios, aunque podr\u00edan subir ligeramente en algunas zonas debido a la nubosidad durante las madrugada. <b><span style=\"color: red\">Las m\u00e1ximas<\/span><\/b> bajar\u00e1n, ya no alcanzaremos los 13-14\u00baC de estos \u00faltimos d\u00edas en las Vegas del Guadiana, sino que nos quedaremos en los 11-12\u00baC.<\/span><\/div>\n<div style=\"text-align: left\"><span style=\"font-family: Helvetica Neue, Arial, Helvetica, sans-serif\"><br \/><\/span><\/div>\n<div style=\"text-align: center\"><span style=\"font-family: Helvetica Neue, Arial, Helvetica, sans-serif\"><b>TEMPERATURAS\u00a0<\/b><\/span><b>M\u00cdNIMAS<\/b><\/div>\n<div style=\"clear: both;text-align: center\"><a href=\"http:\/\/3.bp.blogspot.com\/-jKqUVzvJ7ug\/ULfHZ9sekSI\/AAAAAAAAEPc\/F_ocbVf83NA\/s1600\/2.PNG\" rel=\"external nofollow\"><img loading=\"lazy\" border=\"0\" height=\"468\" src=\"\/\/3.bp.blogspot.com\/-jKqUVzvJ7ug\/ULfHZ9sekSI\/AAAAAAAAEPc\/F_ocbVf83NA\/s640\/2.PNG\" width=\"640\" \/><\/a><\/div>\n<div style=\"text-align: center\"><b><br \/><\/b><\/div>\n<div style=\"text-align: center\"><b>TEMPERATURAS\u00a0<\/b><b>M\u00c1XIMAS<\/b><\/div>\n<div style=\"clear: both;text-align: center\"><a href=\"http:\/\/3.bp.blogspot.com\/-UJ8litmp-7w\/ULfHhSAAg7I\/AAAAAAAAEPk\/YJhqH-8GMtA\/s1600\/1.PNG\" rel=\"external nofollow\"><img loading=\"lazy\" border=\"0\" height=\"468\" src=\"\/\/3.bp.blogspot.com\/-UJ8litmp-7w\/ULfHhSAAg7I\/AAAAAAAAEPk\/YJhqH-8GMtA\/s640\/1.PNG\" width=\"640\" \/><\/a><\/div>\n<div style=\"text-align: left\"><b><br \/><\/b><\/div>\n<div style=\"text-align: left\"><span style=\"font-family: 'Helvetica Neue', Arial, Helvetica, sans-serif\">Esperemos que los afortunados que residan en esas zonas de probables nevadas acaben viendo el t\u00edpico manto blanco, aunque repito que las precipitaciones (en principio) ser\u00e1n bastante d\u00e9biles, no se esperan grandes cantidades.<\/span><\/div>\n<div style=\"text-align: left\"><\/div>\n<div style=\"text-align: center\"><span style=\"font-family: Helvetica Neue, Arial, Helvetica, sans-serif\"><b>Recuerda que puedes seguir la informaci\u00f3n meteorol\u00f3gica en Badajoz y el resto de la regi\u00f3n en las actualizaciones que hago A DIARIO en mi cuenta de Twitter: <a href=\"https:\/\/twitter.com\/MeteoBadajoz\" target=\"_blank\" rel=\"external nofollow\"><span style=\"color: red\">@MeteoBadajoz<\/span><\/a>.<\/b><\/span><\/div>\n<div style=\"text-align: center\"><span style=\"font-family: Helvetica Neue, Arial, Helvetica, sans-serif\"><b><br \/><\/b><\/span><\/div>\n<div style=\"text-align: left\"><span style=\"font-family: Helvetica Neue, Arial, Helvetica, sans-serif\">Un saludo, y suerte a los\u00a0afortunados! :D<\/span><\/div>\n<!-- AddThis Advanced Settings generic via filter on the_content --><!-- AddThis Share Buttons generic via filter on the_content -->","protected":false},"excerpt":{"rendered":"<p>Imagen RGB del sat\u00e9lite Meteosat y superposici\u00f3n del campo de presi\u00f3n a nivel del mar del jueves 29 de noviembre a las 19h. (C) Imagen: EUMETRAIN Animaci\u00f3n: MeteoBadajoz. Tras la irrupci\u00f3n de la masa de aire polar que estos \u00faltimos d\u00edas ha estado afectando a la pen\u00ednsula, ma\u00f1ana desde el noroeste se nos cuela una [&hellip;]<!-- AddThis Advanced Settings generic via filter on get_the_excerpt --><!-- AddThis Share Buttons generic via filter on get_the_excerpt --><\/p>\n","protected":false},"author":3,"featured_media":0,"comment_status":"open","ping_status":"closed","sticky":false,"template":"","format":"standard","meta":[],"categories":[3],"tags":[],"_links":{"self":[{"href":"https:\/\/blogs.hoy.es\/meteobadajoz\/wp-json\/wp\/v2\/posts\/23"}],"collection":[{"href":"https:\/\/blogs.hoy.es\/meteobadajoz\/wp-json\/wp\/v2\/posts"}],"about":[{"href":"https:\/\/blogs.hoy.es\/meteobadajoz\/wp-json\/wp\/v2\/types\/post"}],"author":[{"embeddable":true,"href":"https:\/\/blogs.hoy.es\/meteobadajoz\/wp-json\/wp\/v2\/users\/3"}],"replies":[{"embeddable":true,"href":"https:\/\/blogs.hoy.es\/meteobadajoz\/wp-json\/wp\/v2\/comments?post=23"}],"version-history":[{"count":0,"href":"https:\/\/blogs.hoy.es\/meteobadajoz\/wp-json\/wp\/v2\/posts\/23\/revisions"}],"wp:attachment":[{"href":"https:\/\/blogs.hoy.es\/meteobadajoz\/wp-json\/wp\/v2\/media?parent=23"}],"wp:term":[{"taxonomy":"category","embeddable":true,"href":"https:\/\/blogs.hoy.es\/meteobadajoz\/wp-json\/wp\/v2\/categories?post=23"},{"taxonomy":"post_tag","embeddable":true,"href":"https:\/\/blogs.hoy.es\/meteobadajoz\/wp-json\/wp\/v2\/tags?post=23"}],"curies":[{"name":"wp","href":"https:\/\/api.w.org\/{rel}","templated":true}]}}