{"id":24,"date":"2012-11-27T22:54:00","date_gmt":"2012-11-27T22:54:00","guid":{"rendered":"http:\/\/blogs.hoy.es\/meteobadajoz\/2012\/11\/27\/prediccion-extremadura-miercoles-y-jueves-28-y-29-de-noviembre-de-2012\/"},"modified":"2012-11-27T22:54:00","modified_gmt":"2012-11-27T22:54:00","slug":"prediccion-extremadura-miercoles-y-jueves-28-y-29-de-noviembre-de-2012","status":"publish","type":"post","link":"https:\/\/blogs.hoy.es\/meteobadajoz\/2012\/11\/27\/prediccion-extremadura-miercoles-y-jueves-28-y-29-de-noviembre-de-2012\/","title":{"rendered":"Predicci\u00f3n Extremadura mi\u00e9rcoles y jueves (28 y 29 de Noviembre de 2012)."},"content":{"rendered":"<div style=\"clear: both;text-align: center\"><a href=\"http:\/\/1.bp.blogspot.com\/-afi7V2h1Z1U\/ULUzw9ulanI\/AAAAAAAAEJo\/EG55slN2xDo\/s1600\/705052_439503876098708_321140625_o.jpg\" rel=\"external nofollow\"><img loading=\"lazy\" border=\"0\" height=\"362\" src=\"\/\/1.bp.blogspot.com\/-afi7V2h1Z1U\/ULUzw9ulanI\/AAAAAAAAEJo\/EG55slN2xDo\/s640\/705052_439503876098708_321140625_o.jpg\" width=\"640\" \/><\/a><\/div>\n<p><span style=\"font-family: Helvetica Neue, Arial, Helvetica, sans-serif\">Menudo desplome de las temperaturas hemos sufrido en las \u00faltimas 24 horas en gran parte del pa\u00eds. Ayer por la tarde ya se notaba la entrada de la masa de aire polar en Extremadura desde el noroeste de la pen\u00ednsula. Las m\u00ednimas registradas en la regi\u00f3n durante la madrugada del martes, rondaron los <b><span style=\"color: cyan\">0-5\u00baC<\/span><\/b>, heladas d\u00e9biles en zonas de sierra del norte y\u00a0<\/span><span style=\"font-family: 'Helvetica Neue', Arial, Helvetica, sans-serif\">sur<\/span><span style=\"font-family: 'Helvetica Neue', Arial, Helvetica, sans-serif\">\u00a0de la regi\u00f3n, y, en general, con fr\u00edo a primeras horas. Las m\u00e1ximas no han ido m\u00e1s all\u00e1 de los\u00a0<\/span><b><span style=\"color: red\">8-13\u00baC<\/span><\/b><span style=\"font-family: 'Helvetica Neue', Arial, Helvetica, sans-serif\">, con temperaturas fr\u00edas durante todo el d\u00eda, adem\u00e1s con viento moderado e intenso en zonas del sureste, lo que acentuaba la sensaci\u00f3n de fr\u00edo. Todo con cielos poco nubosos.<\/span><br \/><a name='more'><\/a><br \/> <span style=\"font-family: 'Helvetica Neue', Arial, Helvetica, sans-serif\">Durante los pr\u00f3ximos 4-5 d\u00edas la situaci\u00f3n ser\u00e1 muy parecida, temperaturas fr\u00edas y cielos poco nubosos, salvo en la jornada del viernes, cuando tendremos el paso de un frente que podr\u00eda dejar algunas precipitaciones que, en zonas medias y altas de la regi\u00f3n, ser\u00e1n en forma de nieve, aunque tendremos que prestar atenci\u00f3n a los posibles desplomes de aire fr\u00edo que podr\u00edan dejar algunas nevadas en cotas relativamente bajas (puntualmente). Pero esto \u00faltimo ya lo veremos en los pr\u00f3ximos d\u00edas. Vamos con la predicci\u00f3n para los pr\u00f3ximos 2 d\u00edas.<\/span><br \/><span style=\"font-family: 'Helvetica Neue', Arial, Helvetica, sans-serif\"><br \/><\/span><\/p>\n<div style=\"text-align: center\"><span style=\"font-family: 'Helvetica Neue', Arial, Helvetica, sans-serif\"><b><span style=\"color: orange;font-size: large\"><u>\u00a0 \u00a0 \u00a0 \u00a0 \u00a0 Mi\u00e9rcoles 28 de Noviembre 2012 \u00a0 \u00a0 \u00a0 \u00a0 \u00a0<\/u><\/span><\/b><\/span><\/div>\n<div style=\"clear: both;text-align: center\"><a href=\"http:\/\/4.bp.blogspot.com\/-F3Iqi6BO0so\/ULU3AACYSgI\/AAAAAAAAEKo\/Lrx9CE62HSM\/s1600\/1.PNG\" rel=\"external nofollow\"><img loading=\"lazy\" border=\"0\" height=\"420\" src=\"\/\/4.bp.blogspot.com\/-F3Iqi6BO0so\/ULU3AACYSgI\/AAAAAAAAEKo\/Lrx9CE62HSM\/s640\/1.PNG\" width=\"640\" \/><\/a><\/div>\n<div style=\"text-align: center\"><span style=\"font-family: Helvetica Neue, Arial, Helvetica, sans-serif\"><b>Mapa isob\u00e1rico para el mi\u00e9rcoles 28 a las 12h.<\/b><\/span><\/div>\n<div style=\"text-align: center\"><span style=\"font-family: Helvetica Neue, Arial, Helvetica, sans-serif\"><b><br \/><\/b><\/span><\/div>\n<p><span style=\"font-family: Helvetica Neue, Arial, Helvetica, sans-serif\">Como vemos en el mapa superior, el mapa isob\u00e1rico, se mantiene ese flujo de norte que contin\u00faa arrastrando masas de aire muy fr\u00edas (polar) que ayudar\u00e1n a que los cielos de Extremadura se limpien de cualquier tipo de nubosidad, aunque fruto del aire fr\u00edo podr\u00e1n aparecer algunos intervalos nubosos de tipo medio en zonas de sierra, y la t\u00edpica acumulaci\u00f3n de nubes bajas en la cara norte del Sistema Central, donde se podr\u00edan registrar algunas nevadas de car\u00e1cter d\u00e9bil.\u00a0Nos metemos ya en predicci\u00f3n.<\/span><br \/><span style=\"font-family: 'Helvetica Neue', Arial, Helvetica, sans-serif\"><br \/><\/span><span style=\"font-family: 'Helvetica Neue', Arial, Helvetica, sans-serif\"><b><span style=\"color: orange\"><u>-Predicci\u00f3n.<\/u><\/span><\/b><\/span><\/p>\n<div style=\"clear: both;text-align: center\"><a href=\"http:\/\/3.bp.blogspot.com\/-lKcfOdR_Fbg\/ULU4TLiSw_I\/AAAAAAAAEKw\/fRly1bvvN-4\/s1600\/Predicci%C3%B3n+para+el+mi%C3%A9rcoles+28+de+noviembre+de+2012.PNG\" rel=\"external nofollow\"><img loading=\"lazy\" border=\"0\" height=\"311\" src=\"\/\/3.bp.blogspot.com\/-lKcfOdR_Fbg\/ULU4TLiSw_I\/AAAAAAAAEKw\/fRly1bvvN-4\/s400\/Predicci%C3%B3n+para+el+mi%C3%A9rcoles+28+de+noviembre+de+2012.PNG\" width=\"400\" \/><\/a><\/div>\n<p><span style=\"font-family: Helvetica Neue, Arial, Helvetica, sans-serif\">Durante la jornada del mi\u00e9rcoles, como dec\u00eda anteriormente, la situaci\u00f3n ser\u00e1 muy parecida a la de d\u00edas atr\u00e1s. Flujo de norte que acumular\u00e1 mucha nubosidad de tipo medio\/bajo\u00a0<\/span><span style=\"font-family: 'Helvetica Neue', Arial, Helvetica, sans-serif\">en la cara norte del Sistema Central\u00a0<\/span><span style=\"font-family: 'Helvetica Neue', Arial, Helvetica, sans-serif\">y que podr\u00eda dejar escapar algunas precipitaciones, que ser\u00eda de nieve a partir de los 800 metros. Eso en cara norte, porque en la cara sur el ambiente ser\u00e1 bastante m\u00e1s despejado. En el resto de la regi\u00f3n, salvo las nubes medias que puedan aparecer en zonas monta\u00f1osas, el cielo estar\u00e1 poco nuboso.<\/span><\/p>\n<p><span style=\"color: orange;font-family: Helvetica Neue, Arial, Helvetica, sans-serif\"><b><u>-Temperaturas.<\/u><\/b><\/span><\/p>\n<div style=\"clear: both;text-align: center\"><a href=\"http:\/\/1.bp.blogspot.com\/-UXQCzdjsjSI\/ULU5r-H_-bI\/AAAAAAAAEK4\/PtBfi4E4XGQ\/s1600\/T%C2%BA+m%C3%ADnima.PNG\" rel=\"external nofollow\"><img loading=\"lazy\" border=\"0\" height=\"295\" src=\"\/\/1.bp.blogspot.com\/-UXQCzdjsjSI\/ULU5r-H_-bI\/AAAAAAAAEK4\/PtBfi4E4XGQ\/s400\/T%C2%BA+m%C3%ADnima.PNG\" width=\"400\" \/><\/a><\/div>\n<p><span style=\"font-family: Helvetica Neue, Arial, Helvetica, sans-serif\">En cuanto a las temperaturas, seguiremos con valores t\u00e9rmicos bastante fr\u00edos, sobre todo a primeras horas. <b><span style=\"color: cyan\">Las m\u00ednimas<\/span><\/b>, como mucho, ser\u00e1n de unos 3-4\u00baC en las Vegas del Guadiana. En el resto de la regi\u00f3n temperaturas por debajo de los 2-3\u00baC, registr\u00e1ndose algunas heladas d\u00e9biles\/moderadas en zonas de sierra, especialmente en las del norte de C\u00e1ceres.<\/span><br \/><span style=\"font-family: Helvetica Neue, Arial, Helvetica, sans-serif\"><br \/><\/span><span style=\"font-family: Helvetica Neue, Arial, Helvetica, sans-serif\">Heladas d\u00e9biles en Las Villuercas y en el sur de la provincia de Badajoz, valores que podr\u00edan quedarse ligeramente por debajo de los 0\u00baC.<\/span><br \/><span style=\"font-family: Helvetica Neue, Arial, Helvetica, sans-serif\"><br \/><\/span><span style=\"font-family: Helvetica Neue, Arial, Helvetica, sans-serif\"><br \/><\/span><\/p>\n<div style=\"clear: both;text-align: center\"><a href=\"http:\/\/3.bp.blogspot.com\/-DJ3gy8jZxr4\/ULU6rGf1bLI\/AAAAAAAAELA\/WPx2p4DMEoo\/s1600\/T%C2%BA+m%C3%A1xima.PNG\" rel=\"external nofollow\"><img loading=\"lazy\" border=\"0\" height=\"292\" src=\"\/\/3.bp.blogspot.com\/-DJ3gy8jZxr4\/ULU6rGf1bLI\/AAAAAAAAELA\/WPx2p4DMEoo\/s400\/T%C2%BA+m%C3%A1xima.PNG\" width=\"400\" \/><\/a><\/div>\n<p><span style=\"font-family: Helvetica Neue, Arial, Helvetica, sans-serif\"><b><span style=\"color: red\">Las m\u00e1ximas<\/span><\/b> tambi\u00e9n ser\u00e1n bastante fr\u00edas, no pasar\u00e1n de los 12-13\u00baC en las comarcas del llano (las m\u00e1s elevadas), mientras que en zonas monta\u00f1osas rondar\u00e1n los 6-8\u00baC, m\u00e1s bajas en las sierras del norte.<\/span><br \/><span style=\"font-family: Helvetica Neue, Arial, Helvetica, sans-serif\"><br \/><\/span><span style=\"font-family: Helvetica Neue, Arial, Helvetica, sans-serif\">\u00a1As\u00ed que de nuevo ambiente fr\u00edo!<\/span><br \/><span style=\"font-family: Helvetica Neue, Arial, Helvetica, sans-serif\"><br \/><\/span><span style=\"font-family: Helvetica Neue, Arial, Helvetica, sans-serif\"><br \/><\/span><span style=\"font-family: Helvetica Neue, Arial, Helvetica, sans-serif\"><br \/><\/span><span style=\"font-family: Helvetica Neue, Arial, Helvetica, sans-serif\"><br \/><\/span><\/p>\n<div style=\"text-align: center\"><\/div>\n<div style=\"text-align: center\"><\/div>\n<div style=\"text-align: center\"><\/div>\n<div style=\"text-align: center\"><\/div>\n<div style=\"text-align: center\"><b><span style=\"color: orange;font-family: Helvetica Neue, Arial, Helvetica, sans-serif;font-size: large\"><br \/><\/span><\/b><\/div>\n<div style=\"text-align: center\"><b><span style=\"color: orange;font-family: Helvetica Neue, Arial, Helvetica, sans-serif;font-size: large\"><br \/><\/span><\/b><\/div>\n<div style=\"text-align: center\"><b><span style=\"color: orange;font-family: Helvetica Neue, Arial, Helvetica, sans-serif;font-size: large\"><u>\u00a0 \u00a0 \u00a0 \u00a0 \u00a0 Jueves 29 de Noviembre 2012 \u00a0 \u00a0 \u00a0 \u00a0 \u00a0<\/u><\/span><\/b><\/div>\n<div style=\"clear: both;text-align: center\"><a href=\"http:\/\/3.bp.blogspot.com\/-KSkuwuX47iE\/ULU70RHUrgI\/AAAAAAAAELI\/u-whTgw9x34\/s1600\/2.PNG\" rel=\"external nofollow\"><img loading=\"lazy\" border=\"0\" height=\"422\" src=\"\/\/3.bp.blogspot.com\/-KSkuwuX47iE\/ULU70RHUrgI\/AAAAAAAAELI\/u-whTgw9x34\/s640\/2.PNG\" width=\"640\" \/><\/a><\/div>\n<div style=\"text-align: center\"><b>Mapa isob\u00e1rico para el jueves 29 a las 12h.<\/b><\/div>\n<p><span style=\"font-family: Helvetica Neue, Arial, Helvetica, sans-serif\">El jueves seguiremos bajo los efectos de la masa de aire fr\u00edo y, m\u00e1s o menos, con la misma configuraci\u00f3n atmosf\u00e9rica, aunque con algunas novedades. Vemos aparecer por el noroeste un frente fr\u00edo que amenaza con afectar al oeste de la pen\u00ednsula de cara al pr\u00f3ximo viernes. Pero mientras llega, tiempo muy parecido al del mi\u00e9rcoles en buena parte de Extremadura.<\/span><br \/><span style=\"font-family: Helvetica Neue, Arial, Helvetica, sans-serif\"><br \/><\/span><span style=\"color: orange;font-family: Helvetica Neue, Arial, Helvetica, sans-serif\"><b><u>-Predicci\u00f3n.<\/u><\/b><\/span><br \/><span style=\"font-family: Helvetica Neue, Arial, Helvetica, sans-serif\"><br \/><\/span><\/p>\n<div style=\"clear: both;text-align: center\"><a href=\"http:\/\/1.bp.blogspot.com\/-QROSZESwW9M\/ULU8z6OSDSI\/AAAAAAAAELQ\/ztLWk2_L_4s\/s1600\/Predicci%C3%B3n+para+el+jueves+29+de+noviembre+de+2012.PNG\" rel=\"external nofollow\"><img loading=\"lazy\" border=\"0\" height=\"310\" src=\"\/\/1.bp.blogspot.com\/-QROSZESwW9M\/ULU8z6OSDSI\/AAAAAAAAELQ\/ztLWk2_L_4s\/s400\/Predicci%C3%B3n+para+el+jueves+29+de+noviembre+de+2012.PNG\" width=\"400\" \/><\/a><\/div>\n<p><span style=\"font-family: Helvetica Neue, Arial, Helvetica, sans-serif\">En la\u00a0jornada\u00a0del jueves, continuaremos, una vez m\u00e1s, con ese viento de componente norte muy fr\u00edo y constante. Se podr\u00edan volver a registrar nevadas en la cara norte de Sistema Central a\u00a0partir\u00a0de los 800 metros. Igual como el mi\u00e9rcoles, la situaci\u00f3n en la ladera opuesta (cara sur) ser\u00e1 de ambiente poco nuboso y fr\u00edo.<\/span><br \/><span style=\"font-family: Helvetica Neue, Arial, Helvetica, sans-serif\"><br \/><\/span><span style=\"font-family: Helvetica Neue, Arial, Helvetica, sans-serif\">Como novedad, durante la tarde podr\u00edan aumentar las nubes por el\u00a0noroeste de la provincia de C\u00e1ceres\u00a0anunciando la proximidad del frente fr\u00edo que podr\u00eda\u00a0afectaros\u00a0el viernes. Pero en esta jornada las nubes no tendr\u00e1n ninguna consecuencia.<\/span><br \/><span style=\"font-family: Helvetica Neue, Arial, Helvetica, sans-serif\"><br \/><\/span><span style=\"font-family: Helvetica Neue, Arial, Helvetica, sans-serif\"><br \/><\/span><span style=\"color: orange;font-family: Helvetica Neue, Arial, Helvetica, sans-serif\"><b><u>-Temperaturas.<\/u><\/b><\/span><\/p>\n<div style=\"clear: both;text-align: center\"><\/div>\n<div style=\"clear: both;text-align: center\"><a href=\"http:\/\/3.bp.blogspot.com\/-GPvRuE0Pqlg\/ULU-V-5Cw2I\/AAAAAAAAELg\/uPMon5PFTww\/s1600\/T%C2%BA+m%C3%ADnima+2.PNG\" rel=\"external nofollow\"><img loading=\"lazy\" border=\"0\" height=\"295\" src=\"\/\/3.bp.blogspot.com\/-GPvRuE0Pqlg\/ULU-V-5Cw2I\/AAAAAAAAELg\/uPMon5PFTww\/s400\/T%C2%BA+m%C3%ADnima+2.PNG\" width=\"400\" \/><\/a><\/div>\n<p><span style=\"font-family: Helvetica Neue, Arial, Helvetica, sans-serif\"><b><span style=\"color: cyan\">Las temperaturas m\u00ednimas <\/span><\/b>de esta jornada ser\u00e1n algo m\u00e1s bajas que las del mi\u00e9rcoles. Valores de unos 2-3\u00baC en las comarcas del llano (Vegas del Guadiana), rondando la helada en el resto, y por debajo de los 0\u00baC en \u00e1reas\u00a0monta\u00f1osas\u00a0e incluso con registros de hasta -3 \u00f3 -4\u00baC en zonas altas del norte de la regi\u00f3n.<\/span><br \/><span style=\"font-family: Helvetica Neue, Arial, Helvetica, sans-serif\"><br \/><\/span><span style=\"font-family: Helvetica Neue, Arial, Helvetica, sans-serif\"><br \/><\/span><span style=\"font-family: Helvetica Neue, Arial, Helvetica, sans-serif\"><br \/><\/span><span style=\"font-family: Helvetica Neue, Arial, Helvetica, sans-serif\"><br \/><\/span><\/p>\n<div style=\"clear: both;text-align: center\"><a href=\"http:\/\/2.bp.blogspot.com\/-kjAhMSD-fCg\/ULU-JPSfT9I\/AAAAAAAAELY\/eTcDQf9b-Ls\/s1600\/T%25C2%25BA+m%25C3%25A1xima+2.PNG\" rel=\"external nofollow\"><img loading=\"lazy\" border=\"0\" height=\"292\" src=\"\/\/2.bp.blogspot.com\/-kjAhMSD-fCg\/ULU-JPSfT9I\/AAAAAAAAELY\/eTcDQf9b-Ls\/s400\/T%25C2%25BA+m%25C3%25A1xima+2.PNG\" width=\"400\" \/><\/a><\/div>\n<p><span style=\"font-family: Helvetica Neue, Arial, Helvetica, sans-serif\"><b><span style=\"color: red\">Las m\u00e1ximas<\/span><\/b> tambi\u00e9n ser\u00e1n ligeramente m\u00e1s bajas que el mi\u00e9rcoles, aunque s\u00f3lo bajar\u00edan hacia el este y sureste de la regi\u00f3n. Las m\u00e1s altas, como siempre, en las Vegas del Guadiana, con 12-13\u00baC. En el resto valores de 9-10\u00baC y m\u00e1s bajas a\u00fan en las sierras. Podr\u00eda haber m\u00e1ximas en puntos de sierra del norte de C\u00e1ceres de apenas 3-5\u00baC.<\/span><\/p>\n<p><span style=\"font-family: Helvetica Neue, Arial, Helvetica, sans-serif\"><br \/><\/span><span style=\"font-family: Helvetica Neue, Arial, Helvetica, sans-serif\"><br \/><\/span><span style=\"font-family: Helvetica Neue, Arial, Helvetica, sans-serif\"><br \/><\/span><span style=\"font-family: Helvetica Neue, Arial, Helvetica, sans-serif\"><br \/><\/span><span style=\"font-family: Helvetica Neue, Arial, Helvetica, sans-serif\"><br \/><\/span><span style=\"font-family: Helvetica Neue, Arial, Helvetica, sans-serif\"><br \/><\/span><span style=\"font-family: Helvetica Neue, Arial, Helvetica, sans-serif\"><br \/><\/span><span style=\"font-family: Helvetica Neue, Arial, Helvetica, sans-serif\"><br \/><\/span><span style=\"font-family: Helvetica Neue, Arial, Helvetica, sans-serif\"><br \/><\/span><span style=\"font-family: 'Helvetica Neue', Arial, Helvetica, sans-serif\">En definitiva, parece que el ambiente se mantendr\u00e1 bastante fr\u00edo durante los 2 pr\u00f3ximos d\u00edas y con cielo, en general, poco nuboso. Y ya veremos qu\u00e9 acaba pasando finalmente durante el viernes, por esas posibles nevadas en zonas relativamente bajas. Seguiremos pendientes y, por supuesto, os lo har\u00e9 saber por aqu\u00ed.<\/span><\/p>\n<div style=\"text-align: center\"><span style=\"font-family: Helvetica Neue, Arial, Helvetica, sans-serif\"><br \/><\/span><\/div>\n<div style=\"text-align: center\"><span style=\"font-family: Helvetica Neue, Arial, Helvetica, sans-serif\"><b>Recuerda que puedes seguir la informaci\u00f3n meteorol\u00f3gica en Badajoz y el resto de la regi\u00f3n en las actualizaciones que hago A DIARIO en mi cuenta de Twitter:\u00a0<a href=\"https:\/\/twitter.com\/MeteoBadajoz\" target=\"_blank\" rel=\"external nofollow\"><span style=\"color: red\">@MeteoBadajoz<\/span><\/a>.<\/b><\/span><\/div>\n<p><span style=\"font-family: Helvetica Neue, Arial, Helvetica, sans-serif\"><br \/><\/span><span style=\"font-family: Helvetica Neue, Arial, Helvetica, sans-serif\"><br \/><\/span><span style=\"font-family: Helvetica Neue, Arial, Helvetica, sans-serif\">Un saludo! ;-))<\/span><\/p>\n<!-- AddThis Advanced Settings generic via filter on the_content --><!-- AddThis Share Buttons generic via filter on the_content -->","protected":false},"excerpt":{"rendered":"<p>Menudo desplome de las temperaturas hemos sufrido en las \u00faltimas 24 horas en gran parte del pa\u00eds. Ayer por la tarde ya se notaba la entrada de la masa de aire polar en Extremadura desde el noroeste de la pen\u00ednsula. Las m\u00ednimas registradas en la regi\u00f3n durante la madrugada del martes, rondaron los 0-5\u00baC, heladas [&hellip;]<!-- AddThis Advanced Settings generic via filter on get_the_excerpt --><!-- AddThis Share Buttons generic via filter on get_the_excerpt --><\/p>\n","protected":false},"author":3,"featured_media":0,"comment_status":"open","ping_status":"closed","sticky":false,"template":"","format":"standard","meta":[],"categories":[3],"tags":[],"_links":{"self":[{"href":"https:\/\/blogs.hoy.es\/meteobadajoz\/wp-json\/wp\/v2\/posts\/24"}],"collection":[{"href":"https:\/\/blogs.hoy.es\/meteobadajoz\/wp-json\/wp\/v2\/posts"}],"about":[{"href":"https:\/\/blogs.hoy.es\/meteobadajoz\/wp-json\/wp\/v2\/types\/post"}],"author":[{"embeddable":true,"href":"https:\/\/blogs.hoy.es\/meteobadajoz\/wp-json\/wp\/v2\/users\/3"}],"replies":[{"embeddable":true,"href":"https:\/\/blogs.hoy.es\/meteobadajoz\/wp-json\/wp\/v2\/comments?post=24"}],"version-history":[{"count":0,"href":"https:\/\/blogs.hoy.es\/meteobadajoz\/wp-json\/wp\/v2\/posts\/24\/revisions"}],"wp:attachment":[{"href":"https:\/\/blogs.hoy.es\/meteobadajoz\/wp-json\/wp\/v2\/media?parent=24"}],"wp:term":[{"taxonomy":"category","embeddable":true,"href":"https:\/\/blogs.hoy.es\/meteobadajoz\/wp-json\/wp\/v2\/categories?post=24"},{"taxonomy":"post_tag","embeddable":true,"href":"https:\/\/blogs.hoy.es\/meteobadajoz\/wp-json\/wp\/v2\/tags?post=24"}],"curies":[{"name":"wp","href":"https:\/\/api.w.org\/{rel}","templated":true}]}}