{"id":246,"date":"2013-03-22T21:05:49","date_gmt":"2013-03-22T20:05:49","guid":{"rendered":"http:\/\/blogs.hoy.es\/meteobadajoz\/?p=246"},"modified":"2013-03-22T21:05:49","modified_gmt":"2013-03-22T20:05:49","slug":"comienzo-de-semana-santa-con-lluvias","status":"publish","type":"post","link":"https:\/\/blogs.hoy.es\/meteobadajoz\/2013\/03\/22\/comienzo-de-semana-santa-con-lluvias\/","title":{"rendered":"Comienzo de Semana Santa con lluvias"},"content":{"rendered":"<p><!-- AddThis Button BEGIN --><\/p>\n<div class=\"addthis_toolbox addthis_default_style addthis_32x32_style\">\n<p><a class=\"addthis_button_preferred_1\"><\/a><\/p>\n<p><a class=\"addthis_button_preferred_2\"><\/a><\/p>\n<p><a class=\"addthis_button_preferred_3\"><\/a><\/p>\n<p><a class=\"addthis_button_preferred_4\"><\/a><\/p>\n<p><a class=\"addthis_button_compact\"><\/a><\/p>\n<p><a class=\"addthis_counter addthis_bubble_style\"><\/a><\/p>\n<\/div>\n<p><script type=\"text\/javascript\" src=\"\/\/s7.addthis.com\/js\/250\/addthis_widget.js#pubid=xa-4eb94f1130209787\"><\/script><\/p>\n<p><!-- AddThis Button END --><\/p>\n<p style=\"text-align: center;\"><a href=\"https:\/\/blogs.hoy.es\/meteobadajoz\/2013\/03\/22\/comienzo-de-semana-santa-con-lluvias\/captura-4\/\" rel=\"attachment wp-att-255\"><img loading=\"lazy\" class=\"aligncenter  wp-image-255\" title=\"Sat\u00e9lite\" src=\"\/meteobadajoz\/wp-content\/uploads\/sites\/68\/2013\/03\/Captura2.png\" alt=\"\" width=\"646\" height=\"442\" srcset=\"https:\/\/static-blogs.hoy.es\/wp-content\/uploads\/sites\/68\/2013\/03\/Captura2.png 897w, https:\/\/static-blogs.hoy.es\/wp-content\/uploads\/sites\/68\/2013\/03\/Captura2-300x205.png 300w, https:\/\/static-blogs.hoy.es\/wp-content\/uploads\/sites\/68\/2013\/03\/Captura2-768x526.png 768w\" sizes=\"(max-width: 646px) 100vw, 646px\" \/><\/a><\/p>\n<p><span style=\"color: #000000;\"><span style=\"font-size: medium;\"><strong>Viernes 22 de Marzo.<\/strong> Viendo el inter\u00e9s que la poblaci\u00f3n\u00a0tiene sobre el tiempo que nos espera en Semana\u00a0Santa, me veo obligado a realizar una\u00a0predicci\u00f3n especial para estas fechas tan\u00a0se\u00f1aladas. Hay que destacar que <strong>la\u00a0situaci\u00f3n prevista de cara a los pr\u00f3ximos d\u00edas es bastante dif\u00edcil de predecir<\/strong>, ya que se deben de<\/span>\u00a0<span style=\"font-size: medium;\">tener en cuenta varios factores fundamentales\u00a0para ver esas esperadas precipitaciones.\u00a0<\/span><\/span><\/p>\n<p><span style=\"color: #000000;\"><span style=\"font-size: medium;\">Antes de comenzar me gustar\u00eda aclarar el\u00a0<strong>funcionamiento de cualquier modelo\u00a0meteorol\u00f3gico<\/strong>, ya que cuando \u00e9stos fallan, los<\/span>\u00a0<span style=\"font-size: medium;\">meteor\u00f3logos tambi\u00e9n, y despu\u00e9s <strong>la gente les\u00a0echa todas las culpas<\/strong>, (aunque no solo a los\u00a0meteor\u00f3logos, porque a <strong>los que somos aficionados<\/strong> y nos dedicamos al tema de la meteorolog\u00eda\u00a0tambi\u00e9n nos vienen con <strong>malas caras<\/strong> cuando\u00a0las predicciones fallan). A ver, eso no es as\u00ed, todo modelo\u00a0meteorol\u00f3gico funciona de la siguiente manera:<\/span><\/span><\/p>\n<p style=\"text-align: center;\"><a href=\"https:\/\/blogs.hoy.es\/meteobadajoz\/2013\/03\/22\/comienzo-de-semana-santa-con-lluvias\/37-claves\/\" rel=\"attachment wp-att-256\"><img loading=\"lazy\" class=\"aligncenter  wp-image-256\" title=\"Sala de superordenadores\" src=\"\/meteobadajoz\/wp-content\/uploads\/sites\/68\/2013\/03\/37-claves.jpg\" alt=\"\" width=\"576\" height=\"375\" srcset=\"https:\/\/static-blogs.hoy.es\/wp-content\/uploads\/sites\/68\/2013\/03\/37-claves.jpg 1200w, https:\/\/static-blogs.hoy.es\/wp-content\/uploads\/sites\/68\/2013\/03\/37-claves-300x196.jpg 300w, https:\/\/static-blogs.hoy.es\/wp-content\/uploads\/sites\/68\/2013\/03\/37-claves-768x500.jpg 768w, https:\/\/static-blogs.hoy.es\/wp-content\/uploads\/sites\/68\/2013\/03\/37-claves-1024x667.jpg 1024w\" sizes=\"(max-width: 576px) 100vw, 576px\" \/><\/a><\/p>\n<p><span style=\"color: #000000;\"><span style=\"font-size: medium;\">-Los modelos usan <strong>enormes conjuntos de datos<\/strong>\u00a0(ecuaciones matem\u00e1ticas) y <strong>c\u00e1lculos avanzados<\/strong>\u00a0que son realizados por potentes superordenadores, y \u00e9stos<\/span>\u00a0<span style=\"font-size: medium;\">necesitan horas para resolver todos esos datos o\u00a0ecuaciones. Al final, lo que obtenemos como resultado\u00a0es <strong>otro conjunto de datos<\/strong> (temperatura, humedad, cantidad de lluvia, etc&#8230;) de una determinada\u00a0parte de la Tierra (pongamos una predicci\u00f3n a\u00a0+24h vista).<!--more--><\/span><\/span><\/p>\n<p><span style=\"color: #000000;\"><span style=\"font-size: medium;\">Pues bien, para obtener la evoluci\u00f3n que tendr\u00e1 la\u00a0atm\u00f3sfera (en este caso a m\u00e1s de 24h) +48h, +72h +96h&#8230;, se utiliza\u00a0un <strong>proceso reiterativo<\/strong>, que consiste en que los datos obtenidos anteriormente, <strong>los &#8220;pasamos&#8221;\u00a0otra vez por el modelo<\/strong>, y as\u00ed obtendremos otro\u00a0conjunto de datos previstos para los siguientes\u00a0d\u00edas. Pero<strong> atentos<\/strong>, porque\u00a0\u00a1hemos dado por\u00a0<strong>completamente segura la\u00a0predicci\u00f3n a 24h vista!, teniendo en cuenta su\u00a0margen de error<\/strong>&#8230;, que aunque sea poco, al repetir esta operaci\u00f3n una y otra vez<strong>, el margen de error\u00a0aumenta considerablemente, <\/strong>haciendo que la\u00a0predicci\u00f3n a m\u00e1s de 3\/4 d\u00edas<strong> pierda much\u00edsima fiabilidad<\/strong>.<\/span><\/span><\/p>\n<p><span style=\"font-size: medium; color: #000000;\">Dicho esto hay que decir que de momento los\u00a0modelos <strong>ven una situaci\u00f3n de chubascos y\/o\u00a0tormentas que afectar\u00e1n a amplias zonas de la Pen\u00ednsula, incluida nuestra regi\u00f3n, Extremadura<\/strong>. El frente que nos ha cruzado este viernes, <strong>ha\u00a0iniciado\u00a0un nuevo episodio de lluvias que<\/strong> (seg\u00fan los modelos) <strong>durar\u00e1 la mayor parte de la semana festiva<\/strong>.<\/span><\/p>\n<p style=\"text-align: left;\"><span style=\"font-size: medium; color: #000000;\">Comenzaremos con lo que a d\u00eda\u00a0de hoy ven los dos modelos m\u00e1s importantes y fiables del mundo.\u00a0Ambos modelos vienen vislumbrando desde\u00a0hace algunas semanas <strong>una tendencia clara a la\u00a0inestabilidad<\/strong>, sobre todo de cara al <strong>inicio de la Semana Santa 2013<\/strong>. En principio,\u00a0esas predicciones <strong>no eran muy fiables<\/strong>, e incluso mostraban cierta mejor\u00eda del tiempo a partir de mediados de semana, pero a medida que nos acercamos a estas fechas, <strong>esa\u00a0tendencia sigue mostr\u00e1ndose inestable<\/strong> y, adem\u00e1s (en las \u00faltimas actualizaciones de los modelos) <strong>la\u00a0inestabilidad\u00a0afectar\u00eda a la mayor parte del pa\u00eds, y durante casi toda la semana<\/strong>. Por lo\u00a0que, poco a poco, podemos ir &#8220;confirmando&#8221; que <strong>la inestabilidad ser\u00e1 la protagonista durante los pr\u00f3ximos d\u00edas<\/strong>.<\/span><\/p>\n<p style=\"text-align: center;\"><span style=\"font-size: medium; color: #000000;\"><a href=\"https:\/\/blogs.hoy.es\/meteobadajoz\/2013\/03\/22\/comienzo-de-semana-santa-con-lluvias\/sabado-23\/\" rel=\"attachment wp-att-247\"><span style=\"color: #000000;\"><img loading=\"lazy\" class=\"aligncenter  wp-image-247\" title=\"S\u00e1bado 23\" src=\"\/meteobadajoz\/wp-content\/uploads\/sites\/68\/2013\/03\/S\u00e1bado-23.gif\" alt=\"\" width=\"640\" height=\"480\" \/><\/span><\/a><\/span><\/p>\n<p style=\"text-align: center;\"><span style=\"color: #000000;\"><strong>Animaci\u00f3n de las precipitaciones esperadas para el s\u00e1bado 23 de Marzo.<\/strong><\/span><\/p>\n<p><span style=\"font-size: medium; color: #000000;\">En la jornada del s\u00e1bado 23 de marzo, tras una tregua en las precipitaciones durante la noche del viernes-s\u00e1bado, <strong>las lluvias volver\u00e1n a ganar terreno desde el oeste y suroeste durante la ma\u00f1ana<\/strong> del s\u00e1bado. Por la tarde, esas lluvias <strong>acabar\u00edan extendi\u00e9ndose al resto de la regi\u00f3n<\/strong>, aunque empezar\u00e1n a remitir por zonas del oeste y suroeste al final del d\u00eda. Durante <strong>la noche del s\u00e1bado, en principio, sin precipitaciones<\/strong>.<\/span><\/p>\n<p style=\"text-align: center;\"><span style=\"color: #000000;\"><a href=\"https:\/\/blogs.hoy.es\/meteobadajoz\/2013\/03\/22\/comienzo-de-semana-santa-con-lluvias\/domingo-24\/\" rel=\"attachment wp-att-248\"><span style=\"color: #000000;\"><img loading=\"lazy\" class=\"aligncenter  wp-image-248\" title=\"Domingo 24\" src=\"\/meteobadajoz\/wp-content\/uploads\/sites\/68\/2013\/03\/Domingo-24.gif\" alt=\"\" width=\"640\" height=\"480\" \/><\/span><\/a><\/span><\/p>\n<p style=\"text-align: center;\"><span style=\"color: #000000;\"><strong>Animaci\u00f3n de las precipitaciones esperadas para el domingo 24 de Marzo.<\/strong><\/span><\/p>\n<p style=\"text-align: left;\"><span style=\"font-size: medium; color: #000000;\">El domingo ser\u00e1 una jornada, en general, de <strong>pocas precipitaciones<\/strong>. Ambiente muy nuboso, pero con\u00a0<strong>precipitaciones\u00a0bastante m\u00e1s escasas que en jornadas anteriores<\/strong>, y bastante m\u00e1s dispersas. Lo m\u00e1s destacable de la jornada llegar\u00eda\u00a0por la tarde, cuando podr\u00edan aparecer algunos <strong>chubascos d\u00e9biles, localmente moderados o tormentosos<\/strong>, principalmente en zonas monta\u00f1osas, pero no se descarta que puedan aparecer en el resto de zonas.<\/span><\/p>\n<p style=\"text-align: left;\"><span style=\"font-size: medium; color: #000000;\">Los aficionados, decimos que los chubascos son toda una loter\u00eda, ya que son tan locales y dispersos, que igual est\u00e1\u00a0descargando\u00a0una gran tormenta en un determinado sitio, y a pocos kil\u00f3metros puede haber Sol. Podr\u00eda ser el <strong>t\u00edpico d\u00eda de paso de chubascos y posterior apertura de claros<\/strong>.<\/span><\/p>\n<p style=\"text-align: left;\"><span style=\"font-size: medium; color: #000000;\">De cara a la tarde-noche, <strong>esos chubascos\u00a0perder\u00edan\u00a0mucha fuerza<\/strong>, ya que se alimentan del calor del Sol, y como \u00e9ste desaparece, los chubascos se desgastan y tambi\u00e9n desaparecen. En la madrugada del domingo-lunes encontrar\u00edamos muchas nubes medias y altas, pero <strong>precipitaciones nulas<\/strong>. Ser\u00e1 otro <strong>momento de tregua entre el paso de los frentes<\/strong> que esperamos para los pr\u00f3ximos d\u00edas.<\/span><\/p>\n<p style=\"text-align: center;\"><span style=\"color: #000000;\"><a href=\"https:\/\/blogs.hoy.es\/meteobadajoz\/2013\/03\/22\/comienzo-de-semana-santa-con-lluvias\/lunes-25\/\" rel=\"attachment wp-att-249\"><span style=\"color: #000000;\"><img loading=\"lazy\" class=\"aligncenter  wp-image-249\" title=\"Lunes 25\" src=\"\/meteobadajoz\/wp-content\/uploads\/sites\/68\/2013\/03\/Lunes-25.gif\" alt=\"\" width=\"640\" height=\"480\" \/><\/span><\/a><\/span><\/p>\n<p style=\"text-align: center;\"><span style=\"color: #000000;\"><strong>Animaci\u00f3n de las precipitaciones esperadas para el lunes 25 de Marzo.<\/strong><\/span><\/p>\n<p style=\"text-align: left;\"><span style=\"color: #000000;\"><span style=\"font-size: medium;\">Comenzar\u00eda la jornada con muchas nubes, y con la <strong>llegada de las primeras lluvias asociadas a un nuevo frente<\/strong>. Por la ma\u00f1ana las encontraremos principalmente <strong>por zonas del norte y noroeste de Extremadura<\/strong>. Lluvias de car\u00e1cter <strong>d\u00e9bil-moderado<\/strong>, que a lo largo del d\u00eda <strong>se extender\u00e1n al resto de la regi\u00f3n<\/strong>. Donde no se producir\u00edan esas precipitaciones ser\u00eda hacia las comarcas del sur y sureste de la provincia de Badajoz.\u00a0<\/span><span style=\"font-size: medium;\">Por la noche, el frente nos cruza, y <strong>las lluvias podr\u00edan estar presentes en casi cualquier punto de la regi\u00f3n<\/strong>.<\/span><\/span><\/p>\n<p style=\"text-align: center;\"><span style=\"color: #000000;\"><a href=\"https:\/\/blogs.hoy.es\/meteobadajoz\/2013\/03\/22\/comienzo-de-semana-santa-con-lluvias\/martes-26\/\" rel=\"attachment wp-att-250\"><span style=\"color: #000000;\"><img loading=\"lazy\" class=\"aligncenter  wp-image-250\" title=\"Martes 26\" src=\"\/meteobadajoz\/wp-content\/uploads\/sites\/68\/2013\/03\/Martes-26.gif\" alt=\"\" width=\"640\" height=\"480\" \/><\/span><\/a><\/span><\/p>\n<p style=\"text-align: center;\"><span style=\"color: #000000;\"><strong>Animaci\u00f3n de las precipitaciones esperadas para el martes 26 de Marzo.<\/strong><\/span><\/p>\n<p style=\"text-align: left;\"><span style=\"font-size: medium; color: #000000;\">Sin tiempo para la pausa, en la noche del lunes-martes, y durante la ma\u00f1ana del martes, <strong>otro nuevo frente entrar\u00eda por el oeste y suroeste de la Pen\u00ednsula<\/strong>, repartiendo nuevas precipitaciones que ser\u00e1n <strong>generosas y abundantes<\/strong>. Podr\u00eda ser este <strong>el d\u00eda en que m\u00e1s precipitaciones se esperan<\/strong>. Ser\u00e1n mas <strong>abundantes<\/strong>, como viene siendo habitual, por zonas del <strong>norte de la regi\u00f3n<\/strong>, aunque las veremos en pr\u00e1cticamente toda Extremadura y <strong>durante todo el d\u00eda<\/strong>.<\/span><\/p>\n<p style=\"text-align: left;\"><span style=\"font-size: medium; color: #000000;\">Durante la noche del martes-mi\u00e9rcoles, <strong>las precipitaciones podr\u00edan perder algo de intensidad<\/strong>, y ser algo m\u00e1s dispersas, pero <strong>no desaparecer\u00e1n por completo<\/strong>.<\/span><\/p>\n<p style=\"text-align: center;\"><span style=\"color: #000000;\"><a href=\"https:\/\/blogs.hoy.es\/meteobadajoz\/2013\/03\/22\/comienzo-de-semana-santa-con-lluvias\/miercoles-27\/\" rel=\"attachment wp-att-251\"><span style=\"color: #000000;\"><img loading=\"lazy\" class=\"aligncenter  wp-image-251\" title=\"Mi\u00e9rcoles 27\" src=\"\/meteobadajoz\/wp-content\/uploads\/sites\/68\/2013\/03\/Mi\u00e9rcoles-27.gif\" alt=\"\" width=\"640\" height=\"480\" \/><\/span><\/a><\/span><\/p>\n<p style=\"text-align: center;\"><span style=\"color: #000000;\"><strong>Animaci\u00f3n de las precipitaciones esperadas para el mi\u00e9rcoles 27 de Marzo.<\/strong><\/span><\/p>\n<p><span style=\"font-size: medium; color: #000000;\">En cuanto al mi\u00e9rcoles, por la ma\u00f1ana todav\u00eda tendr\u00edamos <strong>los restos del frente de la jornada del martes<\/strong>, pero a partir del mediod\u00eda, y durante la tarde del mi\u00e9rcoles, <strong>un nuevo frente entrar\u00e1 por el oeste de la Pen\u00ednsula<\/strong>, aunque algo menos activo que los anteriores. Al final del d\u00eda y durante la noche, <strong>las lluvias ir\u00edan a menos<\/strong>.<\/span><\/p>\n<p><span style=\"font-size: medium; color: #000000;\">El resultado del paso de todos estos frentes nos dejar\u00eda las siguientes cantidades de agua recogidas en la Pen\u00ednsula, desde la fecha de hoy (22 de Marzo) hasta el comienzo de la jornada del jueves (jueves 00h):<\/span><\/p>\n<p style=\"text-align: center;\"><a href=\"https:\/\/blogs.hoy.es\/meteobadajoz\/2013\/03\/22\/comienzo-de-semana-santa-con-lluvias\/13032800_2_2212-2\/\" rel=\"attachment wp-att-254\"><img loading=\"lazy\" class=\"aligncenter  wp-image-254\" title=\"13032800_2_2212\" src=\"\/meteobadajoz\/wp-content\/uploads\/sites\/68\/2013\/03\/13032800_2_22121.gif\" alt=\"\" width=\"640\" height=\"469\" \/><\/a><\/p>\n<p style=\"text-align: center;\"><span style=\"color: #000000;\"><strong>Mapa de acumulaci\u00f3n de lluvias desde el viernes 22 de marzo a las 12h, hasta el jueves 28 a las 00h.<\/strong><\/span><\/p>\n<p style=\"text-align: left;\"><span style=\"color: #000000; font-size: medium;\">Como\u00a0observamos\u00a0en el mapa superior, durante este comienzo de la Semana Santa, <strong>las lluvias ser\u00e1n m\u00e1s abundantes especialmente en el norte de Extremadura, y en Las Villuercas<\/strong>. En el resto tambi\u00e9n llover\u00e1, pero bastante menos.<\/span><\/p>\n<p style=\"text-align: left;\"><span style=\"color: #000000; font-size: medium;\">La tendencia general para los siguientes d\u00edas es, <strong>con much\u00edsima incertidumbre<\/strong>, igualmente <strong>muy inestable<\/strong> y con <strong>precipitaciones\u00a0generales<\/strong> entrando por el oeste de la pen\u00ednsula. El paso sucesivo de frentes atl\u00e1nticos atravesando la Pen\u00ednsula marcar\u00e1, sin duda, el tiempo para esta Semana Santa. Con todas estas precipitaciones, <strong>las temperaturas no sufrir\u00e1n grandes cambios<\/strong>. D\u00eda tras d\u00eda, se alternar\u00e1n ascensos y descenso de temperatura, pero ser\u00e1n poco apreciables. En general, <strong>ambiente muy suave, y no demasiado fr\u00edo<\/strong>.<\/span><\/p>\n<p style=\"text-align: left;\"><span style=\"font-size: medium; color: #000000;\">En definitiva, <strong>Semana Santa pasada por agua en la mayor parte de la pen\u00ednsula<\/strong>, aunque <strong>no estar\u00e1 lloviendo todo el d\u00eda<\/strong>. Habr\u00e1 jornadas en las que las precipitaciones se alternar\u00e1n con bastantes ratos de Sol, peque\u00f1as treguas que habr\u00e1 entre el paso de todos estos frentes.<\/span><\/p>\n<p style=\"text-align: left;\"><span style=\"color: #000000;\"><strong><span style=\"font-size: medium;\">NOTA: <span style=\"text-decoration: underline;\">esta NO es una predicci\u00f3n oficial<\/span>. Recomiendo visitar de <span style=\"text-decoration: underline;\">predicciones en formato texto<\/span> que hace diariamente AEMET, y no las predicciones autom\u00e1ticas de s\u00edmbolos, ya que esas no\u00a0est\u00e1n\u00a0revisadas por meteor\u00f3logos.<\/span><\/strong><\/span><\/p>\n<div class=\"fb-like\" data-href=\"https:\/\/blogs.hoy.es\/meteobadajoz\/2013\/03\/22\/comienzo-de-semana-santa-con-lluvias\/\" data-send=\"false\" data-layout=\"box_count\" data-width=\"450\" data-show-faces=\"false\"><\/div>\n<!-- AddThis Advanced Settings generic via filter on the_content --><!-- AddThis Share Buttons generic via filter on the_content -->","protected":false},"excerpt":{"rendered":"<p>Viernes 22 de Marzo. Viendo el inter\u00e9s que la poblaci\u00f3n\u00a0tiene sobre el tiempo que nos espera en Semana\u00a0Santa, me veo obligado a realizar una\u00a0predicci\u00f3n especial para estas fechas tan\u00a0se\u00f1aladas. Hay que destacar que la\u00a0situaci\u00f3n prevista de cara a los pr\u00f3ximos d\u00edas es bastante dif\u00edcil de predecir, ya que se deben de\u00a0tener en cuenta varios factores [&hellip;]<!-- AddThis Advanced Settings generic via filter on get_the_excerpt --><!-- AddThis Share Buttons generic via filter on get_the_excerpt --><\/p>\n","protected":false},"author":75,"featured_media":0,"comment_status":"open","ping_status":"closed","sticky":false,"template":"","format":"standard","meta":[],"categories":[4,5],"tags":[6,61,91,102,121,124,132],"_links":{"self":[{"href":"https:\/\/blogs.hoy.es\/meteobadajoz\/wp-json\/wp\/v2\/posts\/246"}],"collection":[{"href":"https:\/\/blogs.hoy.es\/meteobadajoz\/wp-json\/wp\/v2\/posts"}],"about":[{"href":"https:\/\/blogs.hoy.es\/meteobadajoz\/wp-json\/wp\/v2\/types\/post"}],"author":[{"embeddable":true,"href":"https:\/\/blogs.hoy.es\/meteobadajoz\/wp-json\/wp\/v2\/users\/75"}],"replies":[{"embeddable":true,"href":"https:\/\/blogs.hoy.es\/meteobadajoz\/wp-json\/wp\/v2\/comments?post=246"}],"version-history":[{"count":0,"href":"https:\/\/blogs.hoy.es\/meteobadajoz\/wp-json\/wp\/v2\/posts\/246\/revisions"}],"wp:attachment":[{"href":"https:\/\/blogs.hoy.es\/meteobadajoz\/wp-json\/wp\/v2\/media?parent=246"}],"wp:term":[{"taxonomy":"category","embeddable":true,"href":"https:\/\/blogs.hoy.es\/meteobadajoz\/wp-json\/wp\/v2\/categories?post=246"},{"taxonomy":"post_tag","embeddable":true,"href":"https:\/\/blogs.hoy.es\/meteobadajoz\/wp-json\/wp\/v2\/tags?post=246"}],"curies":[{"name":"wp","href":"https:\/\/api.w.org\/{rel}","templated":true}]}}