{"id":25,"date":"2012-11-26T20:20:00","date_gmt":"2012-11-26T20:20:00","guid":{"rendered":"http:\/\/blogs.hoy.es\/meteobadajoz\/2012\/11\/26\/sorpresas-para-el-proximo-viernes\/"},"modified":"2012-11-26T20:20:00","modified_gmt":"2012-11-26T20:20:00","slug":"sorpresas-para-el-proximo-viernes","status":"publish","type":"post","link":"https:\/\/blogs.hoy.es\/meteobadajoz\/2012\/11\/26\/sorpresas-para-el-proximo-viernes\/","title":{"rendered":"\u00bfSorpresas para el pr\u00f3ximo viernes?"},"content":{"rendered":"<div style=\"clear: both;text-align: center\"><a href=\"http:\/\/3.bp.blogspot.com\/-nTLW9e5_wkc\/ULPN8jU48wI\/AAAAAAAAEIo\/oE6sc08OWRM\/s1600\/bitmap.png\" rel=\"external nofollow\"><img loading=\"lazy\" border=\"0\" height=\"498\" src=\"\/\/3.bp.blogspot.com\/-nTLW9e5_wkc\/ULPN8jU48wI\/AAAAAAAAEIo\/oE6sc08OWRM\/s640\/bitmap.png\" width=\"640\" \/><\/a><\/div>\n<p><span style=\"font-family: Helvetica Neue, Arial, Helvetica, sans-serif\">Seguimos atentamente la evoluci\u00f3n de los modelos para este viernes ante la posibilidad de que pueda <b>nevar en cotas relativamente bajas<\/b> por el suroeste de Extremadura de cara a esta jornada. Inicialmente restringidas a zonas de sierra del extremo sur y suroeste de la provincia de Badajoz, PERO, se podr\u00eda dar el caso de que (tras los d\u00edas de fr\u00edo que vamos a tener antes de este evento), se acumule aire fr\u00edo y que al final la cota se pueda situar algo m\u00e1s baja de lo que nos indican los modelos&#8230; de todas formas esto ser\u00eda en el hipot\u00e9tico caso de que se acumulase suficiente aire fr\u00edo como para que ocurriera esto, tendremos que irlo siguiendo porque podr\u00eda dar que hablar.<\/span><br \/><span style=\"font-family: Helvetica Neue, Arial, Helvetica, sans-serif\"><br \/><\/span><span style=\"font-family: Helvetica Neue, Arial, Helvetica, sans-serif\">Recomiendo seguir <a href=\"https:\/\/twitter.com\/MeteoBadajoz\" target=\"_blank\" rel=\"external nofollow\"><b><span style=\"color: red\">mis publicaciones diarias en Twitter<\/span><\/b><\/a> sobre la informaci\u00f3n meteorol\u00f3gica en la regi\u00f3n.<\/span><br \/><span style=\"font-family: Helvetica Neue, Arial, Helvetica, sans-serif\"><br \/><\/span><span style=\"font-family: Helvetica Neue, Arial, Helvetica, sans-serif\">Finalizo con un: \u00a1Ojal\u00e1 se cumpla! ;-D<\/span><\/p>\n<!-- AddThis Advanced Settings generic via filter on the_content --><!-- AddThis Share Buttons generic via filter on the_content -->","protected":false},"excerpt":{"rendered":"<p>Seguimos atentamente la evoluci\u00f3n de los modelos para este viernes ante la posibilidad de que pueda nevar en cotas relativamente bajas por el suroeste de Extremadura de cara a esta jornada. Inicialmente restringidas a zonas de sierra del extremo sur y suroeste de la provincia de Badajoz, PERO, se podr\u00eda dar el caso de que [&hellip;]<!-- AddThis Advanced Settings generic via filter on get_the_excerpt --><!-- AddThis Share Buttons generic via filter on get_the_excerpt --><\/p>\n","protected":false},"author":3,"featured_media":0,"comment_status":"open","ping_status":"closed","sticky":false,"template":"","format":"standard","meta":[],"categories":[3],"tags":[],"_links":{"self":[{"href":"https:\/\/blogs.hoy.es\/meteobadajoz\/wp-json\/wp\/v2\/posts\/25"}],"collection":[{"href":"https:\/\/blogs.hoy.es\/meteobadajoz\/wp-json\/wp\/v2\/posts"}],"about":[{"href":"https:\/\/blogs.hoy.es\/meteobadajoz\/wp-json\/wp\/v2\/types\/post"}],"author":[{"embeddable":true,"href":"https:\/\/blogs.hoy.es\/meteobadajoz\/wp-json\/wp\/v2\/users\/3"}],"replies":[{"embeddable":true,"href":"https:\/\/blogs.hoy.es\/meteobadajoz\/wp-json\/wp\/v2\/comments?post=25"}],"version-history":[{"count":0,"href":"https:\/\/blogs.hoy.es\/meteobadajoz\/wp-json\/wp\/v2\/posts\/25\/revisions"}],"wp:attachment":[{"href":"https:\/\/blogs.hoy.es\/meteobadajoz\/wp-json\/wp\/v2\/media?parent=25"}],"wp:term":[{"taxonomy":"category","embeddable":true,"href":"https:\/\/blogs.hoy.es\/meteobadajoz\/wp-json\/wp\/v2\/categories?post=25"},{"taxonomy":"post_tag","embeddable":true,"href":"https:\/\/blogs.hoy.es\/meteobadajoz\/wp-json\/wp\/v2\/tags?post=25"}],"curies":[{"name":"wp","href":"https:\/\/api.w.org\/{rel}","templated":true}]}}